{"id":297613,"date":"2025-08-05T08:10:10","date_gmt":"2025-08-05T08:10:10","guid":{"rendered":"https:\/\/www.europesays.com\/fr\/297613\/"},"modified":"2025-08-05T08:10:10","modified_gmt":"2025-08-05T08:10:10","slug":"pres-de-nice-deux-enfants-retrouves-morts-noyes-dans-une-piscine","status":"publish","type":"post","link":"https:\/\/www.europesays.com\/fr\/297613\/","title":{"rendered":"Pr\u00e8s de Nice. Deux enfants retrouv\u00e9s morts, noy\u00e9s dans une piscine"},"content":{"rendered":"<p>            Par<br \/>\n        <strong><br \/>\n            <a href=\"https:\/\/actu.fr\/auteur\/ugo-maillard\" title=\"Consulter tous les articles de Ugo Maillard\" rel=\"nofollow noopener\" target=\"_blank\">Ugo Maillard<\/a><br \/>\n        <\/strong><\/p>\n<p>        Publi\u00e9 le<\/p>\n<p>            5 ao\u00fbt 2025 \u00e0 9h42<br \/>\n        ; mis \u00e0 jour le 5 ao\u00fbt 2025 \u00e0 9h44    <\/p>\n<p>Une d\u00e9couverte dramatique. Les corps sans vie de deux enfants \u00e2g\u00e9s de 6 et 8 ans ont \u00e9t\u00e9 <strong>d\u00e9couverts dans une piscine<\/strong> priv\u00e9e, le lundi 4 ao\u00fbt 2025. Ils sont morts noy\u00e9s.<\/p>\n<p class=\" wall-content\">La piscine hors-sol se trouve dans une maison \u00e0 <a href=\"https:\/\/actu.fr\/provence-alpes-cote-d-azur\/antibes_06004\" rel=\"nofollow noopener\" target=\"_blank\">Antibes<\/a> (<a href=\"https:\/\/actu.fr\/provence-alpes-cote-d-azur\/alpes-maritimes_06\" rel=\"nofollow noopener\" target=\"_blank\">Alpes-Maritimes<\/a>).\u00a0<\/p>\n<p>    <a href=\"https:\/\/www.google.com\/maps\/embed?pb=!1m18!1m12!1m3!1d46242.59243126218!2d7.063644449540439!3d43.58234132828297!2m3!1f0!2f0!3f0!3m2!1i1024!2i768!4f13.1!3m3!1m2!1s0x12cdd5459e5a91a9%3A0x40819a5fd979fb0!2sAntibes!5e0!3m2!1sfr!2sfr!4v1754379551380!5m2!1sfr!2sfr\" title=\"Ouvrie le lien\" rel=\"nofollow noopener\" target=\"_blank\">Cliquez ici pour visualiser le contenu<\/a><\/p>\n<p class=\" wall-content\">Selon les informations de <a href=\"https:\/\/www.bfmtv.com\/cote-d-azur\/info-bfm-nice-cote-d-azur-deux-enfants-disparus-retrouves-morts-dans-une-piscine-a-antibes_AN-202508050177.html\" rel=\"nofollow noopener\" target=\"_blank\">BFM Nice C\u00f4te d\u2019Azur<\/a>, confirm\u00e9es \u00e0 <a href=\"https:\/\/actu.fr\/nice\/\" rel=\"nofollow noopener\" target=\"_blank\">actu Nice<\/a>, les enfants \u00e9taient issus de la communaut\u00e9 des gens du voyage et avaient disparu depuis plusieurs heures.<\/p>\n<p>Une enqu\u00eate ouverte<\/p>\n<p class=\" wall-content\">Le parquet de Grasse a ouvert une enqu\u00eate. Les premiers \u00e9l\u00e9ments recueillis indiquent que la piscine n\u2019\u00e9tait pas b\u00e2ch\u00e9e.<\/p>\n<p class=\" wall-content\">Suivez toute l\u2019actualit\u00e9 de vos villes et m\u00e9dias favoris en vous inscrivant \u00e0 <a href=\"https:\/\/moncompte.actu.fr\" title=\"D\u00e9couvez Mon Actu\" rel=\"nofollow noopener\" data-trk=\"{&quot;cta&quot;:{&quot;action&quot;:&quot;https:\\\/\\\/moncompte.actu.fr&quot;,&quot;category&quot;:&quot;mon compte&quot;,&quot;from&quot;:&quot;article footer&quot;,&quot;name&quot;:&quot;Mon actu&quot;,&quot;type&quot;:&quot;cta&quot;}}\" target=\"_blank\">Mon Actu<\/a>.<\/p>\n","protected":false},"excerpt":{"rendered":"Par Ugo Maillard Publi\u00e9 le 5 ao\u00fbt 2025 \u00e0 9h42 ; mis \u00e0 jour le 5 ao\u00fbt 2025&hellip;\n","protected":false},"author":2,"featured_media":297614,"comment_status":"","ping_status":"","sticky":false,"template":"","format":"standard","meta":{"footnotes":""},"categories":[2819],"tags":[1111,11,1777,674,118,1011,27,12,2401,1311,882,25],"class_list":{"0":"post-297613","1":"post","2":"type-post","3":"status-publish","4":"format-standard","5":"has-post-thumbnail","7":"category-nice","8":"tag-actu","9":"tag-actualites","10":"tag-eu","11":"tag-europe","12":"tag-faits-divers","13":"tag-fr","14":"tag-france","15":"tag-news","16":"tag-nice","17":"tag-pompiers","18":"tag-provence-alpes-cote-dazur","19":"tag-republique-francaise"},"share_on_mastodon":{"url":"https:\/\/pubeurope.com\/@fr\/114975147492427127","error":""},"_links":{"self":[{"href":"https:\/\/www.europesays.com\/fr\/wp-json\/wp\/v2\/posts\/297613","targetHints":{"allow":["GET"]}}],"collection":[{"href":"https:\/\/www.europesays.com\/fr\/wp-json\/wp\/v2\/posts"}],"about":[{"href":"https:\/\/www.europesays.com\/fr\/wp-json\/wp\/v2\/types\/post"}],"author":[{"embeddable":true,"href":"https:\/\/www.europesays.com\/fr\/wp-json\/wp\/v2\/users\/2"}],"replies":[{"embeddable":true,"href":"https:\/\/www.europesays.com\/fr\/wp-json\/wp\/v2\/comments?post=297613"}],"version-history":[{"count":0,"href":"https:\/\/www.europesays.com\/fr\/wp-json\/wp\/v2\/posts\/297613\/revisions"}],"wp:featuredmedia":[{"embeddable":true,"href":"https:\/\/www.europesays.com\/fr\/wp-json\/wp\/v2\/media\/297614"}],"wp:attachment":[{"href":"https:\/\/www.europesays.com\/fr\/wp-json\/wp\/v2\/media?parent=297613"}],"wp:term":[{"taxonomy":"category","embeddable":true,"href":"https:\/\/www.europesays.com\/fr\/wp-json\/wp\/v2\/categories?post=297613"},{"taxonomy":"post_tag","embeddable":true,"href":"https:\/\/www.europesays.com\/fr\/wp-json\/wp\/v2\/tags?post=297613"}],"curies":[{"name":"wp","href":"https:\/\/api.w.org\/{rel}","templated":true}]}}