{"id":297617,"date":"2025-08-05T08:12:10","date_gmt":"2025-08-05T08:12:10","guid":{"rendered":"https:\/\/www.europesays.com\/fr\/297617\/"},"modified":"2025-08-05T08:12:10","modified_gmt":"2025-08-05T08:12:10","slug":"coup-de-theatre-pour-lavenir-de-leroux","status":"publish","type":"post","link":"https:\/\/www.europesays.com\/fr\/297617\/","title":{"rendered":"coup de th\u00e9\u00e2tre pour l\u2019avenir de Leroux !\u00a0"},"content":{"rendered":"<p><strong>Alors que son avenir semblait s\u2019\u00e9crire loin de la Loire, Louis Leroux a pris la d\u00e9cision de rester au <a href=\"https:\/\/www.butfootballclub.fr\/612220-fc-nantes-mercato-une-recrue-estivale-deja-sur-le-depart-2\/\" rel=\"noopener nofollow\" target=\"_blank\">FC Nantes <\/a>cette saison. Sollicit\u00e9 par l\u2019AS Monaco, le milieu offensif de 19 ans a \u00e9t\u00e9 s\u00e9duit par l\u2019arriv\u00e9e de Luis Castro et sa m\u00e9thode innovante.<\/strong><\/p>\n<p>Luis Castro a convaincu Louis Leroux de rester une saison de plus au <a href=\"https:\/\/www.butfootballclub.fr\/612195-fc-nantes-mercato-apres-zeze-neom-frappe-a-la-porte-pour-un-autre-canari\/\" rel=\"noopener nofollow\" target=\"_blank\">FC Nantes<\/a>. Depuis ses premiers entra\u00eenements, l\u2019entra\u00eeneur portugais a instaur\u00e9 une approche tactique ambitieuse qui a conquis les jeunes Canaris. Selon <a href=\"https:\/\/www.butfootballclub.fr\/612270-fc-nantes-mercato-anthony-lopes-tire-la-sonnette-dalarme-et-demande-du-renfort\/\" rel=\"noopener nofollow\" target=\"_blank\">L\u2019\u00c9quipe<\/a>, Leroux, consid\u00e9r\u00e9 comme l\u2019un des plus grands espoirs du centre de formation, voit dans cette nouvelle \u00e8re l\u2019opportunit\u00e9 id\u00e9ale pour franchir un cap. Plut\u00f4t que de tenter l\u2019aventure sur le Rocher, le joueur veut profiter d\u2019un contexte favorable pour s\u2019installer durablement dans la rotation nantaise.<\/p>\n<p>Pour le FC Nantes, c\u2019est une excellente nouvelle. Retenir Leroux, courtis\u00e9 d\u00e8s cet \u00e9t\u00e9, prouve que le projet initi\u00e9 par Castro commence \u00e0 porter ses fruits. Le coach portugais a d\u2019ailleurs r\u00e9p\u00e9t\u00e9 son intention de miser sur la jeunesse, persuad\u00e9 que l\u2019ADN du club passe par l\u2019\u00e9closion de ses p\u00e9pites.<\/p>\n<p>Les supporters nantais, qui craignaient un d\u00e9part pr\u00e9matur\u00e9, peuvent donc souffler. Cette saison, Louis Leroux pourrait bien \u00eatre l\u2019une des belles surprises du groupe pro\u2026 et la premi\u00e8re r\u00e9ussite de l\u2019\u00ab effet Castro \u00bb sur la nouvelle g\u00e9n\u00e9ration jaune et verte.<\/p>\n","protected":false},"excerpt":{"rendered":"Alors que son avenir semblait s\u2019\u00e9crire loin de la Loire, Louis Leroux a pris la d\u00e9cision de rester&hellip;\n","protected":false},"author":2,"featured_media":297618,"comment_status":"","ping_status":"","sticky":false,"template":"","format":"standard","meta":{"footnotes":""},"categories":[2818],"tags":[1111,11,448,1777,674,63,1011,27,66,3388,766,12,2636,25,10662],"class_list":{"0":"post-297617","1":"post","2":"type-post","3":"status-publish","4":"format-standard","5":"has-post-thumbnail","7":"category-nantes","8":"tag-actu","9":"tag-actualites","10":"tag-champions-league","11":"tag-eu","12":"tag-europe","13":"tag-football","14":"tag-fr","15":"tag-france","16":"tag-ligue-1","17":"tag-matchs","18":"tag-nantes","19":"tag-news","20":"tag-pays-de-la-loire","21":"tag-republique-francaise","22":"tag-transferts"},"share_on_mastodon":{"url":"https:\/\/pubeurope.com\/@fr\/114975155368614485","error":""},"_links":{"self":[{"href":"https:\/\/www.europesays.com\/fr\/wp-json\/wp\/v2\/posts\/297617","targetHints":{"allow":["GET"]}}],"collection":[{"href":"https:\/\/www.europesays.com\/fr\/wp-json\/wp\/v2\/posts"}],"about":[{"href":"https:\/\/www.europesays.com\/fr\/wp-json\/wp\/v2\/types\/post"}],"author":[{"embeddable":true,"href":"https:\/\/www.europesays.com\/fr\/wp-json\/wp\/v2\/users\/2"}],"replies":[{"embeddable":true,"href":"https:\/\/www.europesays.com\/fr\/wp-json\/wp\/v2\/comments?post=297617"}],"version-history":[{"count":0,"href":"https:\/\/www.europesays.com\/fr\/wp-json\/wp\/v2\/posts\/297617\/revisions"}],"wp:featuredmedia":[{"embeddable":true,"href":"https:\/\/www.europesays.com\/fr\/wp-json\/wp\/v2\/media\/297618"}],"wp:attachment":[{"href":"https:\/\/www.europesays.com\/fr\/wp-json\/wp\/v2\/media?parent=297617"}],"wp:term":[{"taxonomy":"category","embeddable":true,"href":"https:\/\/www.europesays.com\/fr\/wp-json\/wp\/v2\/categories?post=297617"},{"taxonomy":"post_tag","embeddable":true,"href":"https:\/\/www.europesays.com\/fr\/wp-json\/wp\/v2\/tags?post=297617"}],"curies":[{"name":"wp","href":"https:\/\/api.w.org\/{rel}","templated":true}]}}