{"id":297624,"date":"2025-08-05T08:16:09","date_gmt":"2025-08-05T08:16:09","guid":{"rendered":"https:\/\/www.europesays.com\/fr\/297624\/"},"modified":"2025-08-05T08:16:09","modified_gmt":"2025-08-05T08:16:09","slug":"lappel-a-laide-des-parents-de-chloe-disparue-a-toulouse","status":"publish","type":"post","link":"https:\/\/www.europesays.com\/fr\/297624\/","title":{"rendered":"l&rsquo;appel \u00e0 l&rsquo;aide des parents de Chlo\u00e9, disparue \u00e0 Toulouse"},"content":{"rendered":"<p>            Par<br \/>\n        <strong><br \/>\n            <a href=\"https:\/\/actu.fr\/auteur\/anaelle-montagne\" title=\"Consulter tous les articles de Anaelle Montagne\" target=\"_blank\" rel=\"noopener\">Anaelle Montagne<\/a><br \/>\n        <\/strong><\/p>\n<p>        Publi\u00e9 le<\/p>\n<p>            5 ao\u00fbt 2025 \u00e0 9h16        <\/p>\n<p>\u00ab\u00a0Quatre mois d\u2019absence insoutenables.\u00a0\u00bb Ces mots ouvrent le message post\u00e9 sur les r\u00e9seaux sociaux par la famille de <strong>Chlo\u00e9<\/strong>, aussi surnomm\u00e9e Inaya. <a href=\"https:\/\/actu.fr\/occitanie\/toulouse_31555\/disparition-de-chloe-14-ans-a-toulouse-un-nouveau-developpement-pourrait-aider-a-debloquer-l-enquete_62959850.html\" target=\"_blank\" rel=\"noopener\">Ils n\u2019ont jamais revu <strong>l\u2019adolescente de 14 ans<\/strong><\/a>, partie en voiture \u00e0 <strong><a href=\"https:\/\/actu.fr\/toulouse\/\" target=\"_blank\" rel=\"noopener\">Toulouse<\/a> <\/strong>avec deux hommes le 6 avril 2025.<\/p>\n<p class=\" wall-content\">Depuis, ils craignent qu\u2019elle soit tomb\u00e9e dans un <strong>r\u00e9seau de prostitution<\/strong> et la cherchent sans rel\u00e2che. Sauf que ces recherches ont un co\u00fbt. Ils ont donc demand\u00e9 de l\u2019aide, ce lundi 4 ao\u00fbt, dans une cagnotte \u2013 qu\u2019ils ont finalement ferm\u00e9e moins de 24 heures plus tard.\u00a0<\/p>\n<p>\u00ab\u00a0Nous vivons dans l\u2019attente, l\u2019angoisse\u00a0\u00bb<\/p>\n<p class=\" wall-content\">\u00ab\u00a0Nous vivons dans l\u2019attente, l\u2019angoisse, l\u2019incertitude la plus totale (\u2026) Pendant que les recherches se poursuivent, <strong>notre vie, elle, s\u2019est fig\u00e9e<\/strong>. Nous ne travaillons plus. Nous ne dormons plus. Nous cherchons, nous esp\u00e9rons, nous r\u00e9sistons\u00a0\u00bb.<\/p>\n<p class=\" wall-content\">Mais pour les parents de Chlo\u00e9, tout cela a <strong>un co\u00fbt<\/strong>. \u00ab\u00a0C\u2019est pourquoi nous lan\u00e7ons <a href=\"https:\/\/www.leetchi.com\/fr\/c\/soutien-disparition-chloe-1492729?utm_source=copylink&amp;utm_medium=social_sharing&amp;fbclid=IwY2xjawL-h3pleHRuA2FlbQIxMQBicmlkETFDQVJST0tKejlvOVV2QXhSAR6NwUuMLIzHDmzP_j_Z474tPL3win6Seuh5v29w7WmgTwNW1XmN0u8CgFwMcw_aem_kLnb8uXW0PKOlUOgOCz38g\" target=\"_blank\" rel=\"noopener\">cette cagnotte<\/a>. Car aujourd\u2019hui m\u00eame, notre quotidien est menac\u00e9 par <strong>des faits troublants<\/strong> ayant un rapport avec l\u2019enqu\u00eate\u00a0\u00bb, indiquent-ils, sans plus de pr\u00e9cisions.<\/p>\n<p>Quels frais couvriront les dons ?\u00a0<\/p>\n<p class=\" wall-content\">Les dons initialement sollicit\u00e9s devaient permettre \u00e0 la famille de <strong>\u00ab\u00a0continuer \u00e0 se battre<\/strong>, sans \u00eatre broy\u00e9s par les factures, le quotidien, les obligations impossibles \u00e0 assumer dans cet \u00e9tat\u00a0\u00bb.<\/p>\n<p class=\" wall-content\">La cagnotte devait aider \u00e0 couvrir les <strong>pertes de revenus <\/strong>li\u00e9es aux absences au travail, et \u00e0 continuer les recherches \u00ab\u00a0avec leurs propres moyens\u00a0\u00bb (d\u00e9placements, impressions d\u2019affiches, initiatives b\u00e9n\u00e9voles ou priv\u00e9es, frais d\u2019avocat).<\/p>\n<p>Vid\u00e9os : en ce moment sur ActuUne plainte \u00e0 venir ?<\/p>\n<p class=\" wall-content\">Les proches de l\u2019adolescente cherchent \u00e0 faire requalifier les faits de fugue en enl\u00e8vement, et indiquent qu\u2019ils esp\u00e8rent \u00ab\u00a0d\u00e9poser <strong>plainte<\/strong> contre les manquements des institutions\u00a0\u00bb, (ce qui implique, l\u00e0 aussi, des <strong>frais d\u2019avocat<\/strong>).\u00a0<\/p>\n<p class=\" wall-content\">Suivez toute l\u2019actualit\u00e9 de vos villes et m\u00e9dias favoris en vous inscrivant \u00e0 <a href=\"https:\/\/moncompte.actu.fr\" title=\"D\u00e9couvez Mon Actu\" rel=\"nofollow noopener\" data-trk=\"{&quot;cta&quot;:{&quot;action&quot;:&quot;https:\\\/\\\/moncompte.actu.fr&quot;,&quot;category&quot;:&quot;mon compte&quot;,&quot;from&quot;:&quot;article footer&quot;,&quot;name&quot;:&quot;Mon actu&quot;,&quot;type&quot;:&quot;cta&quot;}}\" target=\"_blank\">Mon Actu<\/a>.<\/p>\n<ul class=\"ac-article-tag wall-content\">\n<li><a href=\"https:\/\/actu.fr\/tag\/disparition\" data-trk=\"{&quot;cta&quot;:{&quot;action&quot;:&quot;Disparition inqui\\u00e9tante&quot;,&quot;category&quot;:&quot;tag&quot;,&quot;from&quot;:&quot;article footer&quot;,&quot;name&quot;:&quot;Disparition inqui\\u00e9tante&quot;,&quot;type&quot;:&quot;cta&quot;}}\" target=\"_blank\" rel=\"noopener\">#Disparition inqui\u00e9tante<\/a><\/li>\n<\/ul>\n","protected":false},"excerpt":{"rendered":"Par Anaelle Montagne Publi\u00e9 le 5 ao\u00fbt 2025 \u00e0 9h16 \u00ab\u00a0Quatre mois d\u2019absence insoutenables.\u00a0\u00bb Ces mots ouvrent le&hellip;\n","protected":false},"author":2,"featured_media":297625,"comment_status":"","ping_status":"","sticky":false,"template":"","format":"standard","meta":{"footnotes":""},"categories":[2816],"tags":[1111,11,3676,1777,674,118,1011,27,12,2680,25,2312],"class_list":{"0":"post-297624","1":"post","2":"type-post","3":"status-publish","4":"format-standard","5":"has-post-thumbnail","7":"category-toulouse","8":"tag-actu","9":"tag-actualites","10":"tag-disparition-inquietante","11":"tag-eu","12":"tag-europe","13":"tag-faits-divers","14":"tag-fr","15":"tag-france","16":"tag-news","17":"tag-occitanie","18":"tag-republique-francaise","19":"tag-toulouse"},"share_on_mastodon":{"url":"","error":""},"_links":{"self":[{"href":"https:\/\/www.europesays.com\/fr\/wp-json\/wp\/v2\/posts\/297624","targetHints":{"allow":["GET"]}}],"collection":[{"href":"https:\/\/www.europesays.com\/fr\/wp-json\/wp\/v2\/posts"}],"about":[{"href":"https:\/\/www.europesays.com\/fr\/wp-json\/wp\/v2\/types\/post"}],"author":[{"embeddable":true,"href":"https:\/\/www.europesays.com\/fr\/wp-json\/wp\/v2\/users\/2"}],"replies":[{"embeddable":true,"href":"https:\/\/www.europesays.com\/fr\/wp-json\/wp\/v2\/comments?post=297624"}],"version-history":[{"count":0,"href":"https:\/\/www.europesays.com\/fr\/wp-json\/wp\/v2\/posts\/297624\/revisions"}],"wp:featuredmedia":[{"embeddable":true,"href":"https:\/\/www.europesays.com\/fr\/wp-json\/wp\/v2\/media\/297625"}],"wp:attachment":[{"href":"https:\/\/www.europesays.com\/fr\/wp-json\/wp\/v2\/media?parent=297624"}],"wp:term":[{"taxonomy":"category","embeddable":true,"href":"https:\/\/www.europesays.com\/fr\/wp-json\/wp\/v2\/categories?post=297624"},{"taxonomy":"post_tag","embeddable":true,"href":"https:\/\/www.europesays.com\/fr\/wp-json\/wp\/v2\/tags?post=297624"}],"curies":[{"name":"wp","href":"https:\/\/api.w.org\/{rel}","templated":true}]}}