{"id":297636,"date":"2025-08-05T08:26:13","date_gmt":"2025-08-05T08:26:13","guid":{"rendered":"https:\/\/www.europesays.com\/fr\/297636\/"},"modified":"2025-08-05T08:26:13","modified_gmt":"2025-08-05T08:26:13","slug":"sncf-des-trains-tgv-encore-supprimes-ce-mardi-matin-entre-paris-et-le-nord","status":"publish","type":"post","link":"https:\/\/www.europesays.com\/fr\/297636\/","title":{"rendered":"SNCF\u00a0: des trains TGV encore supprim\u00e9s ce mardi matin entre Paris et le Nord"},"content":{"rendered":"<p>Les voyageurs en Gare du Nord devront une nouvelle fois prendre leur mal en patience. Plusieurs trains TGV ont \u00e9t\u00e9 supprim\u00e9s, ce mardi 5\u00a0ao\u00fbt, sur la ligne \u00e0 grande vitesse entre Paris et le Nord, rapportent  <a href=\"https:\/\/www.bfmtv.com\/economie\/entreprises\/transports\/la-pagaille-continue-dans-les-gares-plusieurs-trains-supprimes-ce-mardi-matin-entre-paris-et-le-nord_AN-202508050118.html\" target=\"_blank\" rel=\"noopener\">BFMTV<\/a>  et  <a href=\"https:\/\/www.lefigaro.fr\/conjoncture\/panne-electrique-sur-le-reseau-sncf-des-tgv-encore-supprimes-ce-mardi-matin-entre-paris-et-le-nord-20250805\" target=\"_blank\" rel=\"noopener\">Le Figaro<\/a> . D\u2019autres TGV ont \u00e9t\u00e9 supprim\u00e9s et ceux qui circulent le font pour la plupart avec du retard, indique SNCF Voyageurs. La panne est due \u00e0 un <strong>\u00ab\u00a0probl\u00e8me de cat\u00e9naire\u00a0\u00bb,<\/strong> selon SNCF R\u00e9seau. Elle a contraint les trains \u00e0 emprunter la ligne classique, occasionnant des temps de parcours plus longs. Hier dans la soir\u00e9e, la circulation n\u2019avait pu reprendre que sur une seule voie de la ligne \u00e0 grande vitesse.<\/p>\n<p>Entre 5 et 45\u00a0minutes de retard<\/p>\n<p>BFMTV rapporte que neuf trains en d\u00e9part ou \u00e0 l\u2019arriv\u00e9e en gare de Lille Europe ont \u00e9t\u00e9 supprim\u00e9s ce matin. Les retards sont compris entre cinq et 45\u00a0minutes sur la plupart des trains qui circulent. Une perturbation moindre compar\u00e9e \u00e0 ce qu\u2019ont v\u00e9cu certains passagers, qui ont d\u00fb attendre parfois plusieurs heures pour arriver \u00e0 destination.<\/p>\n<p>Les voyageurs dont le trajet en train est retard\u00e9 ou annul\u00e9 peuvent pr\u00e9tendre <a href=\"https:\/\/rennes.maville.com\/actu\/actudet_-sncf.-comment-obtenir-une-indemnisation-en-cas-de-retard-ou-suppression-d-un-train-_53511-6709551_actu.Htm\" target=\"_blank\" rel=\"noopener\">\u00e0 un remboursement ou un \u00e9change de billet<\/a>. Vous pouvez retrouver toutes les informations essentielles sur ce site\u00a0:  <a href=\"https:\/\/www.sncf-connect.com\/aide\/remboursement\" target=\"_blank\" rel=\"noopener\">sncf.connect.com<\/a>  <a href=\"https:\/\/www.sncf-connect.com\/aide\/remboursement\" target=\"_blank\" rel=\"noopener\">.<\/a><\/p>\n<p>\u00a0<\/p>\n","protected":false},"excerpt":{"rendered":"Les voyageurs en Gare du Nord devront une nouvelle fois prendre leur mal en patience. Plusieurs trains TGV&hellip;\n","protected":false},"author":2,"featured_media":297637,"comment_status":"","ping_status":"","sticky":false,"template":"","format":"standard","meta":{"footnotes":""},"categories":[1888],"tags":[1111,1928,11,1927,1440,1777,674,1011,27,9778,4659,12,1926,1308,626,1925,25,13662,2215,43800,2214,5811],"class_list":{"0":"post-297636","1":"post","2":"type-post","3":"status-publish","4":"format-standard","5":"has-post-thumbnail","7":"category-paris","8":"tag-actu","9":"tag-actu-paris","10":"tag-actualites","11":"tag-actualites-paris","12":"tag-encore","13":"tag-eu","14":"tag-europe","15":"tag-fr","16":"tag-france","17":"tag-mardi","18":"tag-matin","19":"tag-news","20":"tag-news-paris","21":"tag-nord","22":"tag-paris","23":"tag-paris-news","24":"tag-republique-francaise","25":"tag-saint-lo","26":"tag-sncf","27":"tag-supprimes","28":"tag-tgv","29":"tag-trains"},"share_on_mastodon":{"url":"https:\/\/pubeurope.com\/@fr\/114975210567418220","error":""},"_links":{"self":[{"href":"https:\/\/www.europesays.com\/fr\/wp-json\/wp\/v2\/posts\/297636","targetHints":{"allow":["GET"]}}],"collection":[{"href":"https:\/\/www.europesays.com\/fr\/wp-json\/wp\/v2\/posts"}],"about":[{"href":"https:\/\/www.europesays.com\/fr\/wp-json\/wp\/v2\/types\/post"}],"author":[{"embeddable":true,"href":"https:\/\/www.europesays.com\/fr\/wp-json\/wp\/v2\/users\/2"}],"replies":[{"embeddable":true,"href":"https:\/\/www.europesays.com\/fr\/wp-json\/wp\/v2\/comments?post=297636"}],"version-history":[{"count":0,"href":"https:\/\/www.europesays.com\/fr\/wp-json\/wp\/v2\/posts\/297636\/revisions"}],"wp:featuredmedia":[{"embeddable":true,"href":"https:\/\/www.europesays.com\/fr\/wp-json\/wp\/v2\/media\/297637"}],"wp:attachment":[{"href":"https:\/\/www.europesays.com\/fr\/wp-json\/wp\/v2\/media?parent=297636"}],"wp:term":[{"taxonomy":"category","embeddable":true,"href":"https:\/\/www.europesays.com\/fr\/wp-json\/wp\/v2\/categories?post=297636"},{"taxonomy":"post_tag","embeddable":true,"href":"https:\/\/www.europesays.com\/fr\/wp-json\/wp\/v2\/tags?post=297636"}],"curies":[{"name":"wp","href":"https:\/\/api.w.org\/{rel}","templated":true}]}}