{"id":297638,"date":"2025-08-05T08:27:18","date_gmt":"2025-08-05T08:27:18","guid":{"rendered":"https:\/\/www.europesays.com\/fr\/297638\/"},"modified":"2025-08-05T08:27:18","modified_gmt":"2025-08-05T08:27:18","slug":"un-mois-apres-la-mairie-de-paris-hyper-satisfaite-malgre-les-fermetures-repetees","status":"publish","type":"post","link":"https:\/\/www.europesays.com\/fr\/297638\/","title":{"rendered":"un mois apr\u00e8s, la mairie de Paris \u00ab hyper satisfaite \u00bb malgr\u00e9 les fermetures r\u00e9p\u00e9t\u00e9es"},"content":{"rendered":"<p>SEINE &#8211; Le temps n\u2019\u00e9tait pourtant pas coop\u00e9ratif, mais l\u2019initiative reste, pour l\u2019instant, un succ\u00e8s. Les trois <a href=\"https:\/\/fr.news.yahoo.com\/baignade-seine-rouvert-100-ans-075040041.html\" data-ylk=\"slk:espaces de baignade ouverts;elm:context_link;itc:0;sec:content-canvas;outcm:mb_qualified_link;_E:mb_qualified_link;ct:story;\" class=\"link  yahoo-link\" target=\"_blank\" rel=\"noopener\">espaces de baignade ouverts<\/a> il y a un mois le 5\u00a0juillet dans la Seine <a href=\"https:\/\/fr.news.yahoo.com\/bassins-seine-%C3%A0-paris-d%C3%A9j%C3%A0-113839880.html\" data-ylk=\"slk:ont p\u00e2ti des pluies estivales;elm:context_link;itc:0;sec:content-canvas;outcm:mb_qualified_link;_E:mb_qualified_link;ct:story;\" class=\"link  yahoo-link\" target=\"_blank\" rel=\"noopener\">ont p\u00e2ti des pluies estivales <\/a>mais ont accueilli plus de 35.000 personnes depuis leur ouverture, a indiqu\u00e9 ce mardi 5\u00a0ao\u00fbt la mairie de Paris.<\/p>\n<p>\u00ab\u00a0On savait que la m\u00e9t\u00e9o serait une variable d\u2019ajustement\u00a0\u00bb, a comment\u00e9 l\u2019adjoint au sport de la mairie de Paris, Pierre Rabadan cit\u00e9 par l\u2019AFP, et \u00ab\u00a0il a pas mal plu\u00a0\u00bb en juillet avec des pluies \u00e0 plus de 20\u00a0mm. Il y a eu 18 jours d\u2019ouverture et 13 jours de fermeture, sachant que la baignade \u00ab\u00a0la plus impact\u00e9e\u00a0\u00bb a \u00e9t\u00e9 le site de Bercy. \u00ab\u00a0Mais on est hyper satisfait\u00a0\u00bb, a-t-il ajout\u00e9.<\/p>\n<p><a href=\"https:\/\/fr.news.yahoo.com\/baignade-seine-beaucoup-%C3%A9volu%C3%A9-au-060010463.html\" data-ylk=\"slk:La baignade dans la Seine a beaucoup \u00e9volu\u00e9 au fil des si\u00e8cles, entre bains sauvages, nudit\u00e9 et piscines flottantes;elm:context_link;itc:0;sec:content-canvas;outcm:mb_qualified_link;_E:mb_qualified_link;ct:story;\" class=\"link  yahoo-link\" target=\"_blank\" rel=\"noopener\"> La baignade dans la Seine a beaucoup \u00e9volu\u00e9 au fil des si\u00e8cles, entre bains sauvages, nudit\u00e9 et piscines flottantes <\/a><\/p>\n<p>Promesse de la maire PS de Paris Anne Hidalgo de d\u00e9polluer le fleuve aussi pour que les Parisiens puissent s\u2019y baigner, trois espaces ont ouvert le 5\u00a0juillet dans le sillage des comp\u00e9titions olympiques qui se sont tenues dans la Seine l\u2019\u00e9t\u00e9 2024.<\/p>\n<p>Fermeture fin ao\u00fbt \u00ab\u00a0pour l\u2019instant\u00a0\u00bb<\/p>\n<p>Le bassin d\u2019Austerlitz construit pour stocker des eaux us\u00e9es et pluviales est en activit\u00e9 depuis l\u2019\u00e9t\u00e9 dernier. \u00ab\u00a0Il n\u2019y a pas eu de d\u00e9versement (des \u00e9gouts dans la Seine, ndlr) sur la p\u00e9riode estivale\u00a0\u00bb, a pr\u00e9cis\u00e9 Pierre Rabadan.<\/p>\n<p><img decoding=\"async\" class=\"caas-img caas-lazy has-preview\" alt=\"Baignade dans la Seine\u00a0: un mois apr\u00e8s, la mairie de Paris \u00ab\u00a0hyper satisfaite\u00a0\u00bb malgr\u00e9 les fermetures r\u00e9p\u00e9t\u00e9es (Photo d\u2019une chaise longue avec un logo \u00ab Paris en Seine \u00bb au site de baignade s\u00e9curis\u00e9 de Grenelle sur la Seine le jour de sa r\u00e9ouverture, \u00e0 Paris le 5\u00a0juillet 2025.)\" src=\"https:\/\/www.europesays.com\/fr\/wp-content\/uploads\/2025\/08\/524bda574ea2e5a9a4c7483d79445aa2.jpeg\"\/><\/p>\n<p>JULIEN DE ROSA \/ AFP Baignade dans la Seine : un mois apr\u00e8s, la mairie de Paris \u00ab hyper satisfaite \u00bb malgr\u00e9 les fermetures r\u00e9p\u00e9t\u00e9es (Photo d\u2019une chaise longue avec un logo \u00ab Paris en Seine \u00bb au site de baignade s\u00e9curis\u00e9 de Grenelle sur la Seine le jour de sa r\u00e9ouverture, \u00e0 Paris le 5 juillet 2025.)<\/p>\n<p>\u00ab\u00a0Il y a des habitu\u00e9s qui sont \u00e0 l\u2019aff\u00fbt de l\u2019ouverture, ceux qui vont courir puis se baignent ensuite, des familles mais aussi des touristes\u00a0\u00bb, rel\u00e8ve l\u2019\u00e9lu s\u2019agissant du profil des baigneurs et baigneuses.\u00a0Les bou\u00e9es de nage obligatoires font que ces derniers \u00ab\u00a0restent plus longtemps\u00a0\u00bb dans l\u2019eau et \u00ab\u00a0discutent avec leurs potes\u00a0\u00bb.\u00a0Ces espaces doivent fermer fin ao\u00fbt \u00ab\u00a0pour l\u2019instant\u00a0\u00bb.<\/p>\n<p>En cas de file d\u2019attente, \u00ab\u00a0il y a aura un syst\u00e8me de bracelets\u00a0\u00bb, a-t-il encore pr\u00e9cis\u00e9. \u00c0 ce jour, la plus forte fr\u00e9quentation journali\u00e8re a \u00e9t\u00e9 de 5.700 personnes le 13\u00a0juillet.<\/p>\n<p><a href=\"https:\/\/fr.news.yahoo.com\/seine-ouvre-%C3%A0-baignade-peur-043010284.html\" data-ylk=\"slk:La Seine ouvre \u00e0 la baignade mais vous avez peur d\u2019E.coli\u00a0? Attendez de voir les plages de vos vacances;elm:context_link;itc:0;sec:content-canvas;outcm:mb_qualified_link;_E:mb_qualified_link;ct:story;\" class=\"link  yahoo-link\" target=\"_blank\" rel=\"noopener\"> La Seine ouvre \u00e0 la baignade mais vous avez peur d\u2019E.coli\u00a0? Attendez de voir les plages de vos vacances <\/a><\/p>\n<p><a href=\"https:\/\/fr.news.yahoo.com\/baigner-seine-%C3%A0-paris-%C3%A9t%C3%A9-155409515.html\" data-ylk=\"slk:Pour se baigner dans la Seine \u00e0 Paris cet \u00e9t\u00e9, il faudra passer une \u00e9valuation pr\u00e9alable;elm:context_link;itc:0;sec:content-canvas;outcm:mb_qualified_link;_E:mb_qualified_link;ct:story;\" class=\"link  yahoo-link\" target=\"_blank\" rel=\"noopener\"> Pour se baigner dans la Seine \u00e0 Paris cet \u00e9t\u00e9, il faudra passer une \u00e9valuation pr\u00e9alable <\/a><\/p>\n","protected":false},"excerpt":{"rendered":"SEINE &#8211; Le temps n\u2019\u00e9tait pourtant pas coop\u00e9ratif, mais l\u2019initiative reste, pour l\u2019instant, un succ\u00e8s. Les trois espaces&hellip;\n","protected":false},"author":2,"featured_media":297639,"comment_status":"","ping_status":"","sticky":false,"template":"","format":"standard","meta":{"footnotes":""},"categories":[1888],"tags":[1111,1928,11,1927,1777,674,1011,27,2381,12,1926,626,1925,43801,25,13527],"class_list":{"0":"post-297638","1":"post","2":"type-post","3":"status-publish","4":"format-standard","5":"has-post-thumbnail","7":"category-paris","8":"tag-actu","9":"tag-actu-paris","10":"tag-actualites","11":"tag-actualites-paris","12":"tag-eu","13":"tag-europe","14":"tag-fr","15":"tag-france","16":"tag-mairie-de-paris","17":"tag-news","18":"tag-news-paris","19":"tag-paris","20":"tag-paris-news","21":"tag-pierre-rabadan","22":"tag-republique-francaise","23":"tag-seine"},"share_on_mastodon":{"url":"https:\/\/pubeurope.com\/@fr\/114975214487706013","error":""},"_links":{"self":[{"href":"https:\/\/www.europesays.com\/fr\/wp-json\/wp\/v2\/posts\/297638","targetHints":{"allow":["GET"]}}],"collection":[{"href":"https:\/\/www.europesays.com\/fr\/wp-json\/wp\/v2\/posts"}],"about":[{"href":"https:\/\/www.europesays.com\/fr\/wp-json\/wp\/v2\/types\/post"}],"author":[{"embeddable":true,"href":"https:\/\/www.europesays.com\/fr\/wp-json\/wp\/v2\/users\/2"}],"replies":[{"embeddable":true,"href":"https:\/\/www.europesays.com\/fr\/wp-json\/wp\/v2\/comments?post=297638"}],"version-history":[{"count":0,"href":"https:\/\/www.europesays.com\/fr\/wp-json\/wp\/v2\/posts\/297638\/revisions"}],"wp:featuredmedia":[{"embeddable":true,"href":"https:\/\/www.europesays.com\/fr\/wp-json\/wp\/v2\/media\/297639"}],"wp:attachment":[{"href":"https:\/\/www.europesays.com\/fr\/wp-json\/wp\/v2\/media?parent=297638"}],"wp:term":[{"taxonomy":"category","embeddable":true,"href":"https:\/\/www.europesays.com\/fr\/wp-json\/wp\/v2\/categories?post=297638"},{"taxonomy":"post_tag","embeddable":true,"href":"https:\/\/www.europesays.com\/fr\/wp-json\/wp\/v2\/tags?post=297638"}],"curies":[{"name":"wp","href":"https:\/\/api.w.org\/{rel}","templated":true}]}}