{"id":297648,"date":"2025-08-05T08:32:22","date_gmt":"2025-08-05T08:32:22","guid":{"rendered":"https:\/\/www.europesays.com\/fr\/297648\/"},"modified":"2025-08-05T08:32:22","modified_gmt":"2025-08-05T08:32:22","slug":"les-who-entament-leur-tournee-dadieu-aux-etats-unis-roger-daltrey-exprime-ses-inquietudes","status":"publish","type":"post","link":"https:\/\/www.europesays.com\/fr\/297648\/","title":{"rendered":"Les Who entament leur tourn\u00e9e d&rsquo;adieu aux \u00c9tats-Unis : Roger Daltrey exprime ses inqui\u00e9tudes"},"content":{"rendered":"<p style=\"text-align:start\">Les s\u00e9quelles d&rsquo;une m\u00e9ningite contract\u00e9e il y a neuf ans compliquent davantage la situation. Daltrey explique : \u00ab\u00a0Mon thermom\u00e8tre interne s&rsquo;est d\u00e9r\u00e9gl\u00e9, si bien qu&rsquo;\u00e0 chaque fois que je commence \u00e0 chanter dans un climat de plus de 23 degr\u00e9s, je suis tremp\u00e9 de sueur\u00a0\u00bb. Cette condition l&rsquo;expose \u00e0 un risque accru de tomber malade pendant la tourn\u00e9e.<\/p>\n<p><strong>L&rsquo;avenir incertain des Who<\/strong><\/p>\n<p style=\"text-align:start\">Cette tourn\u00e9e pourrait bien marquer la fin d&rsquo;une \u00e9poque pour les Who. \u00ab\u00a0C&rsquo;est certainement la derni\u00e8re fois que vous nous verrez en tourn\u00e9e\u00a0\u00bb, d\u00e9clare Daltrey. Cependant, il laisse la porte ouverte \u00e0 d&rsquo;\u00e9ventuels concerts uniques \u00e0 l&rsquo;avenir, tout en admettant que l&rsquo;avenir du groupe reste incertain.<\/p>\n<p><strong>Un hommage au public am\u00e9ricain<\/strong><\/p>\n<p style=\"text-align:start\">Le choix des \u00c9tats-Unis pour cette tourn\u00e9e d&rsquo;adieu n&rsquo;est pas anodin. Daltrey exprime sa gratitude envers le public am\u00e9ricain : \u00ab\u00a0La chaleur du public am\u00e9ricain au fil des ans a \u00e9t\u00e9 pour moi une source d&rsquo;inspiration\u00a0\u00bb. Il souligne l&rsquo;importance culturelle de l&rsquo;Am\u00e9rique dans l&rsquo;histoire du groupe et du rock en g\u00e9n\u00e9ral.<\/p>\n<p><strong>Tensions au sein du groupe<\/strong><\/p>\n<p style=\"text-align:start\">La pr\u00e9paration de cette tourn\u00e9e a \u00e9t\u00e9 marqu\u00e9e par des tensions internes, notamment avec <a href=\"https:\/\/www.rtbf.be\/article\/the-who-et-l-eviction-de-zak-starkey-pete-townshend-s-exprime-mais-surveille-ses-paroles-11565845\" rel=\"nofollow noopener\" target=\"_blank\">le d\u00e9part du batteur Zak Starkey<\/a> en mai dernier. Daltrey a qualifi\u00e9 les commentaires de Starkey sur son licenciement d'\u00a0\u00bbassassinat\u00a0\u00bb, r\u00e9v\u00e9lant des frictions au sein du groupe.<\/p>\n","protected":false},"excerpt":{"rendered":"Les s\u00e9quelles d&rsquo;une m\u00e9ningite contract\u00e9e il y a neuf ans compliquent davantage la situation. Daltrey explique : \u00ab\u00a0Mon&hellip;\n","protected":false},"author":2,"featured_media":297649,"comment_status":"","ping_status":"","sticky":false,"template":"","format":"standard","meta":{"footnotes":""},"categories":[1589],"tags":[11,73,1866,12,1864,1865,1863,308],"class_list":{"0":"post-297648","1":"post","2":"type-post","3":"status-publish","4":"format-standard","5":"has-post-thumbnail","7":"category-etats-unis","8":"tag-actualites","9":"tag-etats-unis","10":"tag-etats-unis-damerique","11":"tag-news","12":"tag-united-states","13":"tag-united-states-of-america","14":"tag-us","15":"tag-usa"},"share_on_mastodon":{"url":"https:\/\/pubeurope.com\/@fr\/114975234032984567","error":""},"_links":{"self":[{"href":"https:\/\/www.europesays.com\/fr\/wp-json\/wp\/v2\/posts\/297648","targetHints":{"allow":["GET"]}}],"collection":[{"href":"https:\/\/www.europesays.com\/fr\/wp-json\/wp\/v2\/posts"}],"about":[{"href":"https:\/\/www.europesays.com\/fr\/wp-json\/wp\/v2\/types\/post"}],"author":[{"embeddable":true,"href":"https:\/\/www.europesays.com\/fr\/wp-json\/wp\/v2\/users\/2"}],"replies":[{"embeddable":true,"href":"https:\/\/www.europesays.com\/fr\/wp-json\/wp\/v2\/comments?post=297648"}],"version-history":[{"count":0,"href":"https:\/\/www.europesays.com\/fr\/wp-json\/wp\/v2\/posts\/297648\/revisions"}],"wp:featuredmedia":[{"embeddable":true,"href":"https:\/\/www.europesays.com\/fr\/wp-json\/wp\/v2\/media\/297649"}],"wp:attachment":[{"href":"https:\/\/www.europesays.com\/fr\/wp-json\/wp\/v2\/media?parent=297648"}],"wp:term":[{"taxonomy":"category","embeddable":true,"href":"https:\/\/www.europesays.com\/fr\/wp-json\/wp\/v2\/categories?post=297648"},{"taxonomy":"post_tag","embeddable":true,"href":"https:\/\/www.europesays.com\/fr\/wp-json\/wp\/v2\/tags?post=297648"}],"curies":[{"name":"wp","href":"https:\/\/api.w.org\/{rel}","templated":true}]}}