{"id":297652,"date":"2025-08-05T08:34:11","date_gmt":"2025-08-05T08:34:11","guid":{"rendered":"https:\/\/www.europesays.com\/fr\/297652\/"},"modified":"2025-08-05T08:34:11","modified_gmt":"2025-08-05T08:34:11","slug":"en-allemagne-un-proces-met-en-lumiere-les-liens-de-lafd-avec-pekin","status":"publish","type":"post","link":"https:\/\/www.europesays.com\/fr\/297652\/","title":{"rendered":"En Allemagne, un proc\u00e8s met en lumi\u00e8re les liens de l\u2019AfD avec P\u00e9kin"},"content":{"rendered":"<p>                         <img loading=\"lazy\" decoding=\"async\" src=\"https:\/\/www.europesays.com\/fr\/wp-content\/uploads\/2025\/08\/3914ab5_upload-1-i6c6wrvmqu2m-704648.jpg\" alt=\"Maximilian Krah lorsde campagne pour les \u00e9lections europ\u00e9ennes \u00e0 Dresde, dans l\u2019est de l\u2019Allemagne, le 1\u1d49\u02b3 mai 2024.\"   width=\"664\" height=\"443\"\/>    Maximilian Krah lorsde campagne pour les \u00e9lections europ\u00e9ennes \u00e0 Dresde, dans l\u2019est de l\u2019Allemagne, le 1\u1d49\u02b3 mai 2024.  JENS SCHLUETER \/ AFP                 <\/p>\n<p class=\"article__paragraph  \">Qu\u2019ont appris les autorit\u00e9s chinoises sur le parti d\u2019extr\u00eame droite Alternative f\u00fcr Deutschland (AfD)\u00a0? La question est au c\u0153ur du proc\u00e8s qui s\u2019ouvre, mardi 5\u00a0ao\u00fbt, devant le tribunal r\u00e9gional sup\u00e9rieur de Dresde (Saxe). L\u2019accus\u00e9\u00a0: un ex-collaborateur de l\u2019ancien eurod\u00e9put\u00e9 Maximilian Krah, t\u00eate de liste de l\u2019AfD aux \u00e9lections europ\u00e9ennes de 2024, aujourd\u2019hui membre du Bundestag. La mise en lumi\u00e8re des informations transmises \u00e0 P\u00e9kin par cet ancien assistant parlementaire de double nationalit\u00e9 allemande et chinoise pourrait faire entrer l\u2019AfD, arriv\u00e9 deuxi\u00e8me aux\u00a0l\u00e9gislatives allemandes du 23\u00a0f\u00e9vrier avec pr\u00e8s de 21\u00a0% des voix, dans une nouvelle zone de turbulences.<\/p>\n<p>   Lire plus tard  <\/p>\n<p class=\"article__paragraph  \">Luttes intestines \u00e0 l\u2019int\u00e9rieur du parti, vie priv\u00e9e de ses dirigeants,<strong> <\/strong>pots-de-vin\u2026 De 2019 \u00e0 2024, Jian G. aurait transmis tout ce qu\u2019il savait, lisait et entendait sur l\u2019AfD aux services de renseignements chinois, allant jusqu\u2019\u00e0 leur fournir des documents du Parlement europ\u00e9en jug\u00e9s \u00ab\u00a0sensibles\u00a0\u00bb. Depuis son arrestation en avril\u00a02024, les enqu\u00eateurs allemands ont auditionn\u00e9 plusieurs \u00e9lus de l\u2019AfD. Tous ont accus\u00e9 Jiang G. d\u2019avoir propag\u00e9 de fausses informations \u2013 une \u00ab\u00a0compilation de rumeurs (\u2026) n\u2019ayant rien \u00e0 voir avec la r\u00e9alit\u00e9\u00a0\u00bb, a lui-m\u00eame d\u00e9clar\u00e9 Maximilian Krah.<\/p>\n<p class=\"reading-mode-only \"><strong>Il vous reste 77.57% de cet article \u00e0 lire. La suite est r\u00e9serv\u00e9e aux abonn\u00e9s.<\/strong><\/p>\n","protected":false},"excerpt":{"rendered":"Maximilian Krah lorsde campagne pour les \u00e9lections europ\u00e9ennes \u00e0 Dresde, dans l\u2019est de l\u2019Allemagne, le 1\u1d49\u02b3 mai 2024.&hellip;\n","protected":false},"author":2,"featured_media":297653,"comment_status":"","ping_status":"","sticky":false,"template":"","format":"standard","meta":{"footnotes":""},"categories":[1587],"tags":[11,672,1804,1805,1803,1777,674,1801,12,1802],"class_list":{"0":"post-297652","1":"post","2":"type-post","3":"status-publish","4":"format-standard","5":"has-post-thumbnail","7":"category-allemagne","8":"tag-actualites","9":"tag-allemagne","10":"tag-bundesrepublik-deutschland","11":"tag-de","12":"tag-deutschland","13":"tag-eu","14":"tag-europe","15":"tag-germany","16":"tag-news","17":"tag-republique-federale-dallemagne"},"share_on_mastodon":{"url":"https:\/\/pubeurope.com\/@fr\/114975241951601446","error":""},"_links":{"self":[{"href":"https:\/\/www.europesays.com\/fr\/wp-json\/wp\/v2\/posts\/297652","targetHints":{"allow":["GET"]}}],"collection":[{"href":"https:\/\/www.europesays.com\/fr\/wp-json\/wp\/v2\/posts"}],"about":[{"href":"https:\/\/www.europesays.com\/fr\/wp-json\/wp\/v2\/types\/post"}],"author":[{"embeddable":true,"href":"https:\/\/www.europesays.com\/fr\/wp-json\/wp\/v2\/users\/2"}],"replies":[{"embeddable":true,"href":"https:\/\/www.europesays.com\/fr\/wp-json\/wp\/v2\/comments?post=297652"}],"version-history":[{"count":0,"href":"https:\/\/www.europesays.com\/fr\/wp-json\/wp\/v2\/posts\/297652\/revisions"}],"wp:featuredmedia":[{"embeddable":true,"href":"https:\/\/www.europesays.com\/fr\/wp-json\/wp\/v2\/media\/297653"}],"wp:attachment":[{"href":"https:\/\/www.europesays.com\/fr\/wp-json\/wp\/v2\/media?parent=297652"}],"wp:term":[{"taxonomy":"category","embeddable":true,"href":"https:\/\/www.europesays.com\/fr\/wp-json\/wp\/v2\/categories?post=297652"},{"taxonomy":"post_tag","embeddable":true,"href":"https:\/\/www.europesays.com\/fr\/wp-json\/wp\/v2\/tags?post=297652"}],"curies":[{"name":"wp","href":"https:\/\/api.w.org\/{rel}","templated":true}]}}