{"id":297654,"date":"2025-08-05T08:35:09","date_gmt":"2025-08-05T08:35:09","guid":{"rendered":"https:\/\/www.europesays.com\/fr\/297654\/"},"modified":"2025-08-05T08:35:09","modified_gmt":"2025-08-05T08:35:09","slug":"leurope-face-au-declin-demographique","status":"publish","type":"post","link":"https:\/\/www.europesays.com\/fr\/297654\/","title":{"rendered":"l\u2019Europe face au d\u00e9clin d\u00e9mographique"},"content":{"rendered":"<p><strong>INFOGRAPHIES \u2013 <\/strong>Si l\u2019Union europ\u00e9enne compte plus de m\u00e9nages, elle compte aussi moins de familles avec des enfants \u00e0 charge. Un signe clair du vieillissement d\u00e9mographique et de la chute de la natalit\u00e9.<\/p>\n<p class=\"fig-paragraph\">L\u2019Europe compte toujours plus de foyers\u2026\u00a0<a href=\"http:\/\/www.lefigaro.fr\/actualite-france\/sur-les-photos-de-famille-il-n-y-a-plus-d-enfant-quand-la-baisse-de-la-natalite-inquiete-les-parents-et-les-grands-parents-20250728\" data-fig-type=\"Article\" data-gtm-custom-categorie=\"navigation\" data-gtm-custom-action=\"crossclick\" data-gtm-custom-label=\"Contextuel\" data-gtm-event=\"customEventSPE\" data-fig-domain=\"LEFIGARO\" rel=\"nofollow noopener\" target=\"_blank\">Mais de moins en moins d\u2019enfants<\/a>. Selon les derni\u00e8res donn\u00e9es publi\u00e9es par Eurostat, le nombre de m\u00e9nages dans l\u2019Union europ\u00e9enne a fortement augment\u00e9 ces quinze derni\u00e8res ann\u00e9es, passant de 182 millions en 2009 \u00e0 pr\u00e8s de 202 millions aujourd\u2019hui. Pourtant, cette hausse\u00a0<a href=\"http:\/\/www.lefigaro.fr\/conjoncture\/comment-l-europe-tente-de-rearmer-sa-natalite-20240201\" data-fig-type=\"Article\" data-gtm-custom-categorie=\"navigation\" data-gtm-custom-action=\"crossclick\" data-gtm-custom-label=\"Contextuel\" data-gtm-event=\"customEventSPE\" data-fig-domain=\"LEFIGARO\" rel=\"nofollow noopener\" target=\"_blank\">ne traduit pas un regain de natalit\u00e9,\u00a0bien au contraire<\/a>. Un m\u00e9nage, au sens statistique, d\u00e9signe l\u2019ensemble des personnes occupant un m\u00eame logement, qu\u2019elles soient ou non li\u00e9es par des liens familiaux. Il se distingue donc de la notion de famille, et plus encore de celle de familles avec enfants \u00e0 charge,\u00a0<a href=\"http:\/\/www.lefigaro.fr\/actualite-france\/dominique-reynie-la-baisse-de-la-natalite-reflete-un-desir-empeche-plutot-qu-un-rejet-de-la-parentalite-20250627\" data-fig-type=\"Article\" data-gtm-custom-categorie=\"navigation\" data-gtm-custom-action=\"crossclick\" data-gtm-custom-label=\"Contextuel\" data-gtm-event=\"customEventSPE\" data-fig-domain=\"LEFIGARO\" rel=\"nofollow noopener\" target=\"_blank\">dont la part recule nettement dans l\u2019UE<\/a>.<\/p>\n<p class=\"fig-premium-paywall__infos\">\n        Cet article est r\u00e9serv\u00e9 aux abonn\u00e9s.        Il vous reste 81% \u00e0 d\u00e9couvrir.\n    <\/p>\n<p>                <img  data- alt=\"Le Figaro\" class=\"fig-img--complete fig-img\"\/><\/p>\n<p class=\"fig-premium-paywall__title\">Vous avez envie de lire la suite ?<\/p>\n<p class=\"fig-premium-paywall__subtitle\">D\u00e9bloquez tous les articles imm\u00e9diatement.<\/p>\n<p class=\"fig-premium-paywall__connect\">\n                D\u00e9j\u00e0 abonn\u00e9\u00a0?                <a class=\"fig-premium-paywall__connect-link\" href=\"https:\/\/connect.lefigaro.fr\/login?client=horizon_web&amp;type=main&amp;redirect_uri=https%3A%2F%2Fwww.lefigaro.fr%2Finternational%2Fmoins-de-familles-et-moins-d-enfants-l-europe-face-au-declin-demographique-20250805\" data-js-gtm=\"{&quot;customCategorie&quot;: &quot;conversion&quot;, &quot;customAction&quot;: &quot;before_Landing_Connexion_paywall_manuel&quot;, &quot;customLabel&quot;: &quot;bGVmaWdhcm8uZnJfXzFmMDYyZTdkLWYwYmYtNmRkYS04M2ZhLTg5YTE1YTVjYzA3ZV9fQXJ0aWNsZQ==_Moins de familles et moins d\u2019enfants\u00a0: l\u2019Europe face au d\u00e9clin d\u00e9mographique_1696&quot;, &quot;customIDSPE&quot;: &quot;bGVmaWdhcm8uZnJfXzFmMDYyZTdkLWYwYmYtNmRkYS04M2ZhLTg5YTE1YTVjYzA3ZV9fQXJ0aWNsZQ==&quot;, &quot;event&quot;: &quot;customEventSPE&quot;}\" rel=\"nofollow noopener\" target=\"_blank\"><br \/>\n                    Connectez-vous<br \/>\n                <\/a>\n            <\/p>\n","protected":false},"excerpt":{"rendered":"INFOGRAPHIES \u2013 Si l\u2019Union europ\u00e9enne compte plus de m\u00e9nages, elle compte aussi moins de familles avec des enfants&hellip;\n","protected":false},"author":2,"featured_media":297655,"comment_status":"","ping_status":"","sticky":false,"template":"","format":"standard","meta":{"footnotes":""},"categories":[1586],"tags":[11,6969,1777,674,652,1011,27,12,25,364],"class_list":{"0":"post-297654","1":"post","2":"type-post","3":"status-publish","4":"format-standard","5":"has-post-thumbnail","7":"category-europe","8":"tag-actualites","9":"tag-demographie","10":"tag-eu","11":"tag-europe","12":"tag-famille","13":"tag-fr","14":"tag-france","15":"tag-news","16":"tag-republique-francaise","17":"tag-union-europeenne"},"share_on_mastodon":{"url":"https:\/\/pubeurope.com\/@fr\/114975245921847375","error":""},"_links":{"self":[{"href":"https:\/\/www.europesays.com\/fr\/wp-json\/wp\/v2\/posts\/297654","targetHints":{"allow":["GET"]}}],"collection":[{"href":"https:\/\/www.europesays.com\/fr\/wp-json\/wp\/v2\/posts"}],"about":[{"href":"https:\/\/www.europesays.com\/fr\/wp-json\/wp\/v2\/types\/post"}],"author":[{"embeddable":true,"href":"https:\/\/www.europesays.com\/fr\/wp-json\/wp\/v2\/users\/2"}],"replies":[{"embeddable":true,"href":"https:\/\/www.europesays.com\/fr\/wp-json\/wp\/v2\/comments?post=297654"}],"version-history":[{"count":0,"href":"https:\/\/www.europesays.com\/fr\/wp-json\/wp\/v2\/posts\/297654\/revisions"}],"wp:featuredmedia":[{"embeddable":true,"href":"https:\/\/www.europesays.com\/fr\/wp-json\/wp\/v2\/media\/297655"}],"wp:attachment":[{"href":"https:\/\/www.europesays.com\/fr\/wp-json\/wp\/v2\/media?parent=297654"}],"wp:term":[{"taxonomy":"category","embeddable":true,"href":"https:\/\/www.europesays.com\/fr\/wp-json\/wp\/v2\/categories?post=297654"},{"taxonomy":"post_tag","embeddable":true,"href":"https:\/\/www.europesays.com\/fr\/wp-json\/wp\/v2\/tags?post=297654"}],"curies":[{"name":"wp","href":"https:\/\/api.w.org\/{rel}","templated":true}]}}