{"id":297656,"date":"2025-08-05T08:36:26","date_gmt":"2025-08-05T08:36:26","guid":{"rendered":"https:\/\/www.europesays.com\/fr\/297656\/"},"modified":"2025-08-05T08:36:26","modified_gmt":"2025-08-05T08:36:26","slug":"un-resultat-direct-des-menaces-americaines","status":"publish","type":"post","link":"https:\/\/www.europesays.com\/fr\/297656\/","title":{"rendered":"Un r\u00e9sultat direct des menaces am\u00e9ricaines"},"content":{"rendered":"<p class=\"lead textModule textModule--type-lead \" style=\"\">(Ottawa) Cons\u00e9quence directe des menaces de Donald Trump, Ottawa est sur le point de conclure avec l\u2019Union europ\u00e9enne (UE) un partenariat militaire qui permettra au Canada de participer au plan de r\u00e9armement massif de l\u2019Europe de 800\u00a0milliards d\u2019euros d\u2019ici 2030. Un pacte historique qui devrait profiter grandement \u00e0 l\u2019industrie canadienne.<\/p>\n<p>                    Publi\u00e9 le 20 mars<\/p>\n<p>    <a class=\"print\" href=\"https:\/\/www.lapresse.ca\/actualites\/defense-et-depenses-militaires\/le-canada-s-arrime-a-l-europe\/2025-03-20\/javascript:window.print();\" title=\"Imprimer la page\" rel=\"nofollow noopener\" target=\"_blank\"><\/p>\n<p>        <img loading=\"lazy\" decoding=\"async\" width=\"16\" height=\"18\" src=\"https:\/\/www.europesays.com\/fr\/wp-content\/uploads\/2025\/04\/share-icon.png\" alt=\"Partager\"\/><\/p>\n<p class=\"paragraph textModule textModule--type-paragraph \" style=\"\">\u00c0 lui seul, le Qu\u00e9bec pourrait tirer avantage de ce partenariat militaire en raison de son dynamisme dans trois secteurs n\u00e9vralgiques\u00a0: l\u2019a\u00e9rospatiale et l\u2019intelligence artificielle, \u00e0 Montr\u00e9al, et la construction navale au chantier maritime Davie de L\u00e9vis.<\/p>\n<p class=\"paragraph textModule textModule--type-paragraph \" style=\"\">Aliment\u00e9 par l\u2019hostilit\u00e9 des \u00c9tats-Unis, ce rapprochement a d\u00e9j\u00e0 pouss\u00e9 le premier ministre Mark Carney \u00e0 r\u00e9\u00e9valuer la d\u00e9cision d\u2019acheter 88\u00a0avions de combat\u00a0F-35 de la soci\u00e9t\u00e9 am\u00e9ricaine Lockheed Martin au co\u00fbt de 19\u00a0milliards de dollars.<\/p>\n<p class=\"paragraph textModule textModule--type-paragraph \" style=\"\">Le Canada a d\u00e9j\u00e0 pay\u00e9 la livraison des 16\u00a0premiers appareils \u00e0 compter de l\u2019an prochain. Mais pour le reste de la commande, aucun contrat n\u2019a \u00e9t\u00e9 sign\u00e9. R\u00e9sultat\u00a0: le gouvernement f\u00e9d\u00e9ral songe \u00e0 se tourner vers la soci\u00e9t\u00e9 su\u00e9doise Saab pour acheter des avions de combat Gripen. D\u2019ailleurs, Saab \u00e9tait arriv\u00e9 deuxi\u00e8me dans l\u2019appel d\u2019offres pour remplacer la flotte vieillissante des CF-18 en 2023.<\/p>\n<p class=\"paragraph textModule textModule--type-paragraph \" style=\"\">Dans sa proposition, Saab s\u2019\u00e9tait engag\u00e9e \u00e0 assembler et \u00e0 entretenir les avions au Canada, vraisemblablement dans la r\u00e9gion de Montr\u00e9al, et \u00e0 transf\u00e9rer la propri\u00e9t\u00e9 intellectuelle au gouvernement canadien. La soci\u00e9t\u00e9 su\u00e9doise avait aussi promis de construire un centre de recherche et d\u2019excellence dans la m\u00e9tropole. <\/p>\n<p class=\"epigraph textModule textModule--type-epigraph \" style=\"\">\u00ab\u00a0Si on va de l\u2019avant, les Gripen vont \u00eatre construits au Qu\u00e9bec\u00a0\u00bb, a certifi\u00e9 une source gouvernementale bien au fait du dossier.<\/p>\n<p class=\"paragraph textModule textModule--type-paragraph \" style=\"\">D\u2019autres entreprises install\u00e9es au pays pourraient aussi en profiter. \u00c0 titre d\u2019exemple, la soci\u00e9t\u00e9 General Dynamics Land Systems Canada (GDLS), \u00e0 London, en Ontario, construit des v\u00e9hicules blind\u00e9s d\u2019appui tactique.<\/p>\n<p>                    Trump et la gen\u00e8se d\u2019un pacte historique<\/p>\n<p class=\"paragraph textModule textModule--type-paragraph \" style=\"\">Le Canada a d\u00e9cid\u00e9 de cogner \u00e0 la porte de l\u2019Union europ\u00e9enne au d\u00e9but de l\u2019ann\u00e9e afin de conclure cet ambitieux partenariat militaire apr\u00e8s que le pr\u00e9sident Donald Trump eut prof\u00e9r\u00e9 ses premi\u00e8res menaces d\u2019annexer le pays pour en faire le 51e\u00a0\u00c9tat am\u00e9ricain. Et avec son projet d\u2019investir 800\u00a0milliards d\u2019euros (1251\u00a0milliards\u00a0CAN) dans son r\u00e9armement, l\u2019Union europ\u00e9enne \u00e9tait un acteur de choix pour un partenariat.<\/p>\n<p class=\"paragraph textModule textModule--type-paragraph \" style=\"\">\u00ab\u00a0Les menaces prof\u00e9r\u00e9es par le pr\u00e9sident Trump d\u2019annexer le Canada ont \u00e9t\u00e9 l\u2019\u00e9l\u00e9ment d\u00e9clencheur de ces n\u00e9gociations. Il faut r\u00e9duire notre d\u00e9pendance face aux \u00c9tats-Unis \u00e0 plusieurs \u00e9gards, et cela comprend le militaire\u00a0\u00bb, a indiqu\u00e9 \u00e0 La\u00a0Presse une source gouvernementale haut plac\u00e9e qui a requis l\u2019anonymat afin de parler librement de ce dossier.<\/p>\n<p class=\"epigraph textModule textModule--type-epigraph \" style=\"\">Les pourparlers entre Ottawa et Bruxelles se sont intensifi\u00e9s au fil des semaines et des d\u00e9clarations intempestives du pr\u00e9sident am\u00e9ricain, qui veut annexer le Canada par \u00ab\u00a0la force \u00e9conomique\u00a0\u00bb en imposant des droits de douane.<\/p>\n<p class=\"paragraph textModule textModule--type-paragraph \" style=\"\">\u00ab\u00a0L\u2019Union europ\u00e9enne va consolider sa d\u00e9fense et augmenter sa production militaire. Nous voulons faire partie de ce projet\u00a0\u00bb, a ajout\u00e9 une deuxi\u00e8me source de haut niveau qui a aussi r\u00e9clam\u00e9 l\u2019anonymat pour les m\u00eames raisons.<\/p>\n<p>                                        <img decoding=\"async\" src=\"https:\/\/www.europesays.com\/fr\/wp-content\/uploads\/2025\/08\/f271b0f4f1c73c4395b9d6e1b37d7e06.jpg\" alt=\"\" class=\"photoModule__visual\" itemprop=\"contentUrl url\"\/><\/p>\n<p class=\"credit photoModule__caption photoModule__caption--credit\" style=\"\">\n                    PHOTO EDOUARD PLANTE-FR\u00c9CHETTE, ARCHIVES LA PRESSE\n                <\/p>\n<p class=\"description photoModule__caption photoModule__caption--description\" style=\"\">\n                    Kaja Kallas, cheffe de la diplomatie europ\u00e9enne, dans Charlevoix pour la rencontre des ministres des Affaires \u00e9trang\u00e8res des pays du G7 la semaine derni\u00e8re\n                <\/p>\n<p class=\"paragraph textModule textModule--type-paragraph \" style=\"\">Les derniers d\u00e9tails de l\u2019accord entre le Canada et l\u2019UE ont \u00e9t\u00e9 finalis\u00e9s dans Charlevoix par la ministre des Affaires \u00e9trang\u00e8res, M\u00e9lanie Joly, qui pilote ce dossier depuis janvier, et la responsable des Affaires \u00e9trang\u00e8res de l\u2019UE, Kaja Kallas, \u00e0 l\u2019occasion de la rencontre des ministres des Affaires \u00e9trang\u00e8res des pays du G7, selon nos informations.<\/p>\n<p class=\"epigraph textModule textModule--type-epigraph \" style=\"\">Mercredi, la Commission europ\u00e9enne a publi\u00e9 un \u00ab\u00a0livre blanc\u00a0\u00bb sur la d\u00e9fense de l\u2019Europe qui fait explicitement r\u00e9f\u00e9rence \u00e0 un partenariat \u00e0 venir avec le Canada.<\/p>\n<p class=\"paragraph textModule textModule--type-paragraph \" style=\"\">\u00ab\u00a0La Russie va demeurer une menace fondamentale \u00e0 la s\u00e9curit\u00e9 de l\u2019Europe dans l\u2019avenir rapproch\u00e9\u00a0\u00bb, pr\u00e9vient le document. Les membres de l\u2019Union europ\u00e9enne doivent renforcer leurs capacit\u00e9s militaires, et le Canada peut les aider \u00e0 le faire, poursuit le texte.<\/p>\n<p class=\"paragraph textModule textModule--type-paragraph \" style=\"\">\u00ab\u00a0Notre coop\u00e9ration avec le Canada s\u2019est intensifi\u00e9e et devrait \u00eatre augment\u00e9e encore, pour renforcer aussi la s\u00e9curit\u00e9 transatlantique. Le dialogue bilat\u00e9ral sur la s\u00e9curit\u00e9 et la d\u00e9fense ainsi que le futur partenariat sur la s\u00e9curit\u00e9 et la d\u00e9fense fournissent une base pour une coop\u00e9ration accrue\u00a0\u00bb, avance le livre blanc, qui mentionne notamment une collaboration pour augmenter la production des industries du secteur de la d\u00e9fense de part et d\u2019autre.<\/p>\n<p>                    Mark Carney\u00a0: entretiens et poign\u00e9es de main<\/p>\n<p class=\"paragraph textModule textModule--type-paragraph \" style=\"\">M.\u00a0Carney est rentr\u00e9 au pays mardi soir apr\u00e8s une visite \u00e9clair \u00e0 Paris, o\u00f9 il a rencontr\u00e9 le pr\u00e9sident fran\u00e7ais Emmanuel Macron, et ensuite \u00e0 Londres, o\u00f9 il a rencontr\u00e9 le premier ministre britannique Keir Starmer.<\/p>\n<p>                                        <img decoding=\"async\" src=\"https:\/\/www.europesays.com\/fr\/wp-content\/uploads\/2025\/08\/81ca140be631319d9e09a662a33a822a.jpg\" alt=\"\" class=\"photoModule__visual\" itemprop=\"contentUrl url\"\/><\/p>\n<p class=\"credit photoModule__caption photoModule__caption--credit\" style=\"\">\n                    PHOTO SEAN KILPATRICK, LA PRESSE CANADIENNE\n                <\/p>\n<p class=\"description photoModule__caption photoModule__caption--description\" style=\"\">\n                    Le premier ministre du Canada, Mark Carney, a \u00e9t\u00e9 re\u00e7u par le pr\u00e9sident fran\u00e7ais, Emmanuel Macron, \u00e0 Paris, lundi.\n                <\/p>\n<p class=\"paragraph textModule textModule--type-paragraph \" style=\"\">Durant les entretiens qu\u2019il a eus avec les deux leaders, il a \u00e9t\u00e9 beaucoup question de la d\u00e9fense et de la s\u00e9curit\u00e9 en raison du d\u00e9sengagement des \u00c9tats-Unis sous Donald Trump. Avant de partir pour l\u2019Europe, M.\u00a0Carney avait aussi eu un entretien avec la pr\u00e9sidente de la Commission europ\u00e9enne, Ursula von der\u00a0Leyen, pour discuter du \u00ab\u00a0plan ReArm Europe\u00a0\u00bb.<\/p>\n<p class=\"paragraph textModule textModule--type-paragraph \" style=\"\">\u00ab\u00a0Le Canada est pr\u00eat \u00e0 faire face aux menaces mondiales en se dotant de nouveaux \u00e9quipements militaires et en collaborant avec ses alli\u00e9s pour assurer la s\u00e9curit\u00e9 de tous\u00a0\u00bb, a affirm\u00e9 Mark Carney sur le r\u00e9seau X au terme de l\u2019entretien.<\/p>\n<p class=\"paragraph textModule textModule--type-paragraph \" style=\"\">En coulisses, les autorit\u00e9s canadiennes ont \u00e9t\u00e9 confort\u00e9es dans leur volont\u00e9 d\u2019op\u00e9rer ce rapprochement strat\u00e9gique dans la foul\u00e9e de la d\u00e9cision des \u00c9tats-Unis de suspendre le partage de renseignements avec l\u2019Ukraine pendant quelques jours. Cette d\u00e9cision a eu pour effet de couper le flux d\u2019informations vitales \u00e0 l\u2019arm\u00e9e ukrainienne pour contrer les attaques des envahisseurs russes. Elle est intervenue quelques jours apr\u00e8s que Donald Trump eut mis sur pause l\u2019envoi d\u2019aide militaire \u00e0 l\u2019Ukraine. Et la suspension du partage de renseignements a permis \u00e0 la Russie de chasser l\u2019arm\u00e9e ukrainienne des villages russes de la r\u00e9gion de Koursk.<\/p>\n<p class=\"epigraph textModule textModule--type-epigraph \" style=\"\">Plusieurs entreprises europ\u00e9ennes du secteur de la d\u00e9fense sont d\u00e9j\u00e0 tr\u00e8s actives \u00e0 Ottawa pour tenter de nouer des partenariats.<\/p>\n<p class=\"paragraph textModule textModule--type-paragraph \" style=\"\">L\u2019entreprise ThyssenKrupp Marine Systems, qui est dans la course pour vendre ses sous-marins \u00e0 la marine canadienne, a commandit\u00e9 un colloque de l\u2019Institut de la Conf\u00e9rence des associations de la d\u00e9fense \u00e0 Ottawa les 5 et 6\u00a0mars derniers. De hauts responsables militaires canadiens participaient \u00e0 l\u2019\u00e9v\u00e8nement.<\/p>\n<p class=\"paragraph textModule textModule--type-paragraph \" style=\"\">ThyssenKrupp a d\u00e9j\u00e0 confirm\u00e9 que sa future \u00ab\u00a0torpille anti-torpille\u00a0\u00bb serait construite en partie au Canada. L\u2019entreprise a aussi invit\u00e9 Ottawa \u00e0 devenir partenaire avec l\u2019Allemagne et la Norv\u00e8ge au sein du programme de nouvelle g\u00e9n\u00e9ration de sous-marins.<\/p>\n<p class=\"paragraph textModule textModule--type-paragraph \" style=\"\">\u00ab\u00a0Vous allez \u00eatre frapp\u00e9s par ces [mesures tarifaires des \u00c9tats-Unis]. Vous devez chercher de nouveaux partenariats. \u00c0 mon avis, un partenariat avec l\u2019Allemagne et la Norv\u00e8ge semble tr\u00e8s stable\u00a0\u00bb, a d\u00e9clar\u00e9 le PDG de l\u2019entreprise, Oliver Burkhard, en entrevue avec La\u00a0Presse lors de son passage au pays r\u00e9cemment.<\/p>\n<p>                                        <img decoding=\"async\" src=\"https:\/\/www.europesays.com\/fr\/wp-content\/uploads\/2025\/08\/751e0ccebd2d396195c779d99b2e16b5.jpg\" alt=\"\" class=\"photoModule__visual\" itemprop=\"contentUrl url\"\/><\/p>\n<p class=\"credit photoModule__caption photoModule__caption--credit\" style=\"\">\n                    PHOTO LOULOU D\u2019AKI, ARCHIVES THE NEW YORK TIMES\n                <\/p>\n<p class=\"description photoModule__caption photoModule__caption--description\" style=\"\">\n                    Ouvriers travaillant sur un jet \u00e0 l\u2019usine de Saab, \u00e0 Link\u00f6ping, en Su\u00e8de\n                <\/p>\n<p class=\"paragraph textModule textModule--type-paragraph \" style=\"\">Le constructeur militaire su\u00e9dois Saab, qui a remport\u00e9 un contrat de 227\u00a0millions l\u2019an dernier pour fournir des missiles sol-air portatifs aux soldats canadiens, dispose aussi de plusieurs lobbyistes qui multiplient les rencontres avec des repr\u00e9sentants du gouvernement f\u00e9d\u00e9ral. Saab produit notamment des avions de chasse, des navires de guerre et des sous-marins.<\/p>\n<p class=\"paragraph textModule textModule--type-paragraph \" style=\"\">Le Canada a aussi tiss\u00e9 des liens \u00e9troits avec l\u2019industrie maritime en Finlande depuis l\u2019acquisition d\u2019un chantier naval d\u2019Helsinki par le chantier Davie de L\u00e9vis.<\/p>\n<p class=\"chapter textModule textModule--type-chapter&#10;    \" style=\"\">L\u2019avion Saab JAS 39 Gripen en bref<\/p>\n<p>                                        <img decoding=\"async\" src=\"https:\/\/www.europesays.com\/fr\/wp-content\/uploads\/2025\/08\/776e28d0641339eb95c9f27008648c1b.jpg\" alt=\"\" class=\"photoModule__visual\" itemprop=\"contentUrl url\"\/><\/p>\n<p class=\"credit photoModule__caption photoModule__caption--credit\" style=\"\">\n                    PHOTO BENOIT TESSIER, ARCHIVES REUTERS\n                <\/p>\n<p class=\"description photoModule__caption photoModule__caption--description\" style=\"\">\n                    Des avions de combat Gripen \u00e0 l\u2019a\u00e9roport de Lulea, en Su\u00e8de\n                <\/p>\n<p class=\"paragraph textModule textModule--type-paragraph&#10;    \" style=\"\">Rayon de combat\u00a0: 1500\u00a0km<\/p>\n<p class=\"paragraph textModule textModule--type-paragraph&#10;    \" style=\"\">Vitesse maximale\u00a0: Mach\u00a02<\/p>\n<p class=\"paragraph textModule textModule--type-paragraph&#10;    \" style=\"\">Armement\u00a0: canon Mauser de 27\u00a0mm et 10\u00a0points d\u2019ancrage pour missiles ou bombes divers<\/p>\n<p class=\"paragraph textModule textModule--type-paragraph&#10;    \" style=\"\">Prix estim\u00e9 par unit\u00e9\u00a0: 122\u00a0millions<\/p>\n<p class=\"paragraph textModule textModule--type-paragraph&#10;    \" style=\"\">Co\u00fbts op\u00e9rationnels estim\u00e9s\u00a0: 6700\u00a0$ par heure de vol<\/p>\n<p class=\"paragraph textModule textModule--type-paragraph&#10;    \" style=\"\">Moteur\u00a0: un moteur unique General Electric<\/p>\n<p class=\"signature textModule textModule--type-signature&#10;    \" style=\"\">Sources\u00a0: Saab, Janes Information Services, Airforce Technology, AeroTime<\/p>\n","protected":false},"excerpt":{"rendered":"(Ottawa) Cons\u00e9quence directe des menaces de Donald Trump, Ottawa est sur le point de conclure avec l\u2019Union europ\u00e9enne&hellip;\n","protected":false},"author":2,"featured_media":297657,"comment_status":"","ping_status":"","sticky":false,"template":"","format":"standard","meta":{"footnotes":""},"categories":[1586],"tags":[11,1777,674,1779,1011,27,12,25,1778,364],"class_list":{"0":"post-297656","1":"post","2":"type-post","3":"status-publish","4":"format-standard","5":"has-post-thumbnail","7":"category-europe","8":"tag-actualites","9":"tag-eu","10":"tag-europe","11":"tag-european-union","12":"tag-fr","13":"tag-france","14":"tag-news","15":"tag-republique-francaise","16":"tag-ue","17":"tag-union-europeenne"},"share_on_mastodon":{"url":"https:\/\/pubeurope.com\/@fr\/114975250016928836","error":""},"_links":{"self":[{"href":"https:\/\/www.europesays.com\/fr\/wp-json\/wp\/v2\/posts\/297656","targetHints":{"allow":["GET"]}}],"collection":[{"href":"https:\/\/www.europesays.com\/fr\/wp-json\/wp\/v2\/posts"}],"about":[{"href":"https:\/\/www.europesays.com\/fr\/wp-json\/wp\/v2\/types\/post"}],"author":[{"embeddable":true,"href":"https:\/\/www.europesays.com\/fr\/wp-json\/wp\/v2\/users\/2"}],"replies":[{"embeddable":true,"href":"https:\/\/www.europesays.com\/fr\/wp-json\/wp\/v2\/comments?post=297656"}],"version-history":[{"count":0,"href":"https:\/\/www.europesays.com\/fr\/wp-json\/wp\/v2\/posts\/297656\/revisions"}],"wp:featuredmedia":[{"embeddable":true,"href":"https:\/\/www.europesays.com\/fr\/wp-json\/wp\/v2\/media\/297657"}],"wp:attachment":[{"href":"https:\/\/www.europesays.com\/fr\/wp-json\/wp\/v2\/media?parent=297656"}],"wp:term":[{"taxonomy":"category","embeddable":true,"href":"https:\/\/www.europesays.com\/fr\/wp-json\/wp\/v2\/categories?post=297656"},{"taxonomy":"post_tag","embeddable":true,"href":"https:\/\/www.europesays.com\/fr\/wp-json\/wp\/v2\/tags?post=297656"}],"curies":[{"name":"wp","href":"https:\/\/api.w.org\/{rel}","templated":true}]}}