{"id":297659,"date":"2025-08-05T08:38:13","date_gmt":"2025-08-05T08:38:13","guid":{"rendered":"https:\/\/www.europesays.com\/fr\/297659\/"},"modified":"2025-08-05T08:38:13","modified_gmt":"2025-08-05T08:38:13","slug":"une-affaire-partie-des-reseaux-sociaux-alimentant-rumeurs-et-desirs-de-vengeance-liberation","status":"publish","type":"post","link":"https:\/\/www.europesays.com\/fr\/297659\/","title":{"rendered":"une affaire partie des r\u00e9seaux sociaux, alimentant rumeurs et d\u00e9sirs de vengeance \u2013 Lib\u00e9ration"},"content":{"rendered":"<p class=\"sc-ksZaOG ehjQrN text-element\">Une infirmi\u00e8re de 26 ans, Juliette S., <a href=\"https:\/\/www.liberation.fr\/societe\/police-justice\/seine-saint-denis-une-infirmiere-presentee-a-un-juge-pour-des-violences-sexuelles-sur-des-nourrissons-20250802_FNJLMNQWNJA3BEWZWKPTGG4ULU\/\" target=\"_blank\" rel=\"noreferrer noopener\" title=\"https:\/\/www.liberation.fr\/societe\/police-justice\/seine-saint-denis-une-infirmiere-presentee-a-un-juge-pour-des-violences-sexuelles-sur-des-nourrissons-20250802_FNJLMNQWNJA3BEWZWKPTGG4ULU\/\">a \u00e9t\u00e9 mise en examen<\/a>, samedi 2 ao\u00fbt, pour agressions sexuelles commises sur des nourrissons \u00e0 l\u2019h\u00f4pital Andr\u00e9-Gr\u00e9goire de Montreuil (Seine-Saint-Denis), ainsi que pour captation et diffusion d\u2019images \u00e0 caract\u00e8re <a href=\"https:\/\/www.liberation.fr\/societe\/police-justice\/pedopornographie-25-arrestations-en-europe-pour-des-contenus-generes-par-intelligence-artificielle-20250228_4TQ67ZUEEZCWLPPUJTKLWXISHE\/\" target=\"_blank\" rel=\"noopener\" title=\"https:\/\/www.liberation.fr\/societe\/police-justice\/pedopornographie-25-arrestations-en-europe-pour-des-contenus-generes-par-intelligence-artificielle-20250228_4TQ67ZUEEZCWLPPUJTKLWXISHE\/\">p\u00e9dopornographique<\/a>. Son ancien compagnon, Redouane E. 27 ans, a \u00e9galement \u00e9t\u00e9 mis en examen, pour complicit\u00e9 d\u2019agressions sexuelles. Il est soup\u00e7onn\u00e9 d\u2019\u00eatre l\u2019instigateur des violences.<\/p>\n<p class=\"sc-ksZaOG ehjQrN text-element\">Dans cette affaire, des internautes se sont mu\u00e9s en <a href=\"https:\/\/www.liberation.fr\/societe\/police-justice\/violences-sexuelles-sur-des-nourrissons-a-montreuil-comment-une-internaute-a-t-elle-fait-eclater-laffaire-2&lt;\/p&gt;&lt;\/div&gt;&lt;\/article&gt;&lt;\/div&gt;&lt;div data-fusion-lazy-id=\" f0f8vgvlad832fw=\"\" target=\"_blank\" rel=\"noopener\"><\/p>\n","protected":false},"excerpt":{"rendered":"Une infirmi\u00e8re de 26 ans, Juliette S., a \u00e9t\u00e9 mise en examen, samedi 2 ao\u00fbt, pour agressions sexuelles&hellip;\n","protected":false},"author":2,"featured_media":297660,"comment_status":"","ping_status":"","sticky":false,"template":"","format":"standard","meta":{"footnotes":""},"categories":[2],"tags":[11,118,1011,27,5672,12,874,25],"class_list":{"0":"post-297659","1":"post","2":"type-post","3":"status-publish","4":"format-standard","5":"has-post-thumbnail","7":"category-actualites","8":"tag-actualites","9":"tag-faits-divers","10":"tag-fr","11":"tag-france","12":"tag-montreuil","13":"tag-news","14":"tag-pedophilie","15":"tag-republique-francaise"},"share_on_mastodon":{"url":"https:\/\/pubeurope.com\/@fr\/114975257584277262","error":""},"_links":{"self":[{"href":"https:\/\/www.europesays.com\/fr\/wp-json\/wp\/v2\/posts\/297659","targetHints":{"allow":["GET"]}}],"collection":[{"href":"https:\/\/www.europesays.com\/fr\/wp-json\/wp\/v2\/posts"}],"about":[{"href":"https:\/\/www.europesays.com\/fr\/wp-json\/wp\/v2\/types\/post"}],"author":[{"embeddable":true,"href":"https:\/\/www.europesays.com\/fr\/wp-json\/wp\/v2\/users\/2"}],"replies":[{"embeddable":true,"href":"https:\/\/www.europesays.com\/fr\/wp-json\/wp\/v2\/comments?post=297659"}],"version-history":[{"count":0,"href":"https:\/\/www.europesays.com\/fr\/wp-json\/wp\/v2\/posts\/297659\/revisions"}],"wp:featuredmedia":[{"embeddable":true,"href":"https:\/\/www.europesays.com\/fr\/wp-json\/wp\/v2\/media\/297660"}],"wp:attachment":[{"href":"https:\/\/www.europesays.com\/fr\/wp-json\/wp\/v2\/media?parent=297659"}],"wp:term":[{"taxonomy":"category","embeddable":true,"href":"https:\/\/www.europesays.com\/fr\/wp-json\/wp\/v2\/categories?post=297659"},{"taxonomy":"post_tag","embeddable":true,"href":"https:\/\/www.europesays.com\/fr\/wp-json\/wp\/v2\/tags?post=297659"}],"curies":[{"name":"wp","href":"https:\/\/api.w.org\/{rel}","templated":true}]}}