{"id":297661,"date":"2025-08-05T08:39:14","date_gmt":"2025-08-05T08:39:14","guid":{"rendered":"https:\/\/www.europesays.com\/fr\/297661\/"},"modified":"2025-08-05T08:39:14","modified_gmt":"2025-08-05T08:39:14","slug":"la-france-connait-un-fort-rebond-de-sa-production-industrielle-en-juin-selon-linsee","status":"publish","type":"post","link":"https:\/\/www.europesays.com\/fr\/297661\/","title":{"rendered":"La France conna\u00eet un fort rebond de sa production industrielle en juin selon l\u2019Insee"},"content":{"rendered":"<p>En juin\u00a02025, la <a target=\"_self\" href=\"https:\/\/www.lanouvellerepublique.fr\/indre-et-loire\/l-industrie-tourangelle-sur-le-qui-vive\" rel=\"nofollow noopener\">production industrielle<\/a> fran\u00e7aise a \u00ab\u00a0fortement\u00a0\u00bb rebondi, a annonc\u00e9 l\u2019Insee, mardi 5\u00a0ao\u00fbt.\u00a0Une progression de 3,8\u00a0% sur un mois apr\u00e8s un recul de 0,7\u00a0% en mai. De m\u00eame, la production manufacturi\u00e8re seule a augment\u00e9 de 3,5\u00a0% apr\u00e8s un recul de 1,2\u00a0% en mai, tir\u00e9e par la fabrication de mat\u00e9riels de transports, et particuli\u00e8rement par la construction a\u00e9ronautique et spatiale, pr\u00e9cise l\u2019Institut national de la statistique. Les \u00e9volutions de mai ont \u00e9t\u00e9 revues \u00e0 la baisse, l\u2019Insee ayant initialement annonc\u00e9 des reculs respectifs de 0,5\u00a0% et 1\u00a0% pour les productions industrielle et manufacturi\u00e8re.<\/p>\n<p>Sur un an, au deuxi\u00e8me trimestre 2025, compar\u00e9 au deuxi\u00e8me trimestre 2024, la production industrielle est en baisse de 0,4\u00a0%, la production manufacturi\u00e8re en hausse de 0,2\u00a0%.\u00a0Entre mai et juin, la production de mat\u00e9riels de transport augmente de 16,6\u00a0% apr\u00e8s +\u00a00,3\u00a0% en mai. Une \u00ab\u00a0hausse exceptionnelle\u00a0\u00bb, souligne l\u2019Insee, essentiellement port\u00e9e par la fabrication d\u2019\u00ab\u00a0autres mat\u00e9riels de transport\u00a0\u00bb (construction a\u00e9ronautique, navale, ferroviaire\u2026), cat\u00e9gorie en hausse de 26,7\u00a0% apr\u00e8s +\u00a01,8\u00a0% en mai.<\/p>\n<p>A\u00e9ronautique et spatiale en t\u00eate<\/p>\n<p>L\u2019ensemble est tir\u00e9 par la construction <a target=\"_self\" href=\"https:\/\/www.lanouvellerepublique.fr\/tours\/cent-cinquante-et-un-tourangeaux-fraichement-diplomes-du-brevet-d-initiation-aeronautique-1751647887\" rel=\"nofollow noopener\">a\u00e9ronautique et spatiale<\/a>, par un effet de rattrapage en juin des retards accumul\u00e9s sur le trimestre, et par \u00ab\u00a0la lev\u00e9e de contraintes sur les cha\u00eenes d\u2019approvisionnement pour certaines entreprises de cette branche\u00a0\u00bb, pr\u00e9cise l\u2019Insee. La production automobile pour sa part augmente de 1,1\u00a0% apr\u00e8s un recul de 1,9\u00a0% en mai. La production acc\u00e9l\u00e8re nettement aussi dans les industries extractives, \u00e9nergie, eau (+\u00a05,0\u00a0% apr\u00e8s +\u00a01,7\u00a0%) et retrouve presque son niveau de f\u00e9vrier apr\u00e8s une chute les derniers mois. Elle rebondit \u00e9galement dans la fabrication de biens d\u2019\u00e9quipement \u00e9lectriques, \u00e9lectroniques et informatiques (+\u00a04,2\u00a0% apr\u00e8s -1,0\u00a0%) et tr\u00e8s fortement dans la cok\u00e9faction et le raffinage (+\u00a021,2\u00a0% apr\u00e8s -7,2\u00a0%)\u00a0: dans ce secteur, l\u2019activit\u00e9 avait \u00e9t\u00e9 affect\u00e9e par des arr\u00eats planifi\u00e9s de raffineries pour maintenance entre mars et mai.<\/p>\n<p>En revanche, la production rebondit plus mod\u00e9r\u00e9ment dans les industries agroalimentaires (+\u00a00,8\u00a0% apr\u00e8s -0,9\u00a0%) et elle est quasi stable dans les \u00ab\u00a0autres produits industriels\u00a0\u00bb (m\u00e9tallurgie, chimie, pharmacie\u00a0: +\u00a00,1\u00a0% apr\u00e8s -1,4\u00a0%). Sur un an, la production augmente l\u00e0 encore nettement dans la fabrication de mat\u00e9riels de transport (+\u00a07,4\u00a0%), observe l\u2019Insee, mais elle recule dans toutes les autres grandes branches\u00a0: dans les industries extractives, \u00e9nergie, eau (-3,1\u00a0%), la fabrication d\u2019\u00ab\u00a0autres produits industriels (m\u00e9tallurgie, chimie, pharmacie\u2026)\u00a0\u00bb, reculant de 0,9\u00a0%, la cok\u00e9faction et le raffinage (-6,8\u00a0%), les industries agroalimentaires (-1,0\u00a0%) et les biens d\u2019\u00e9quipement \u00e9lectriques, \u00e9lectroniques et informatiques (-0,5\u00a0%).<\/p>\n<p>Enfin, la production baisse de nouveau dans la construction\u00a0: -0,4\u00a0% sur le mois apr\u00e8s -0,5\u00a0% en mai. Sur un an, elle est inf\u00e9rieure de 4,2\u00a0% au deuxi\u00e8me trimestre 2025 \u00e0 son niveau du deuxi\u00e8me trimestre 2024.<\/p>\n","protected":false},"excerpt":{"rendered":"En juin\u00a02025, la production industrielle fran\u00e7aise a \u00ab\u00a0fortement\u00a0\u00bb rebondi, a annonc\u00e9 l\u2019Insee, mardi 5\u00a0ao\u00fbt.\u00a0Une progression de 3,8\u00a0% sur&hellip;\n","protected":false},"author":2,"featured_media":297662,"comment_status":"","ping_status":"","sticky":false,"template":"","format":"standard","meta":{"footnotes":""},"categories":[4],"tags":[328,11,33,1011,27,329,12,25],"class_list":{"0":"post-297661","1":"post","2":"type-post","3":"status-publish","4":"format-standard","5":"has-post-thumbnail","7":"category-france","8":"tag-a-la-une","9":"tag-actualites","10":"tag-economie","11":"tag-fr","12":"tag-france","13":"tag-france-monde","14":"tag-news","15":"tag-republique-francaise"},"share_on_mastodon":{"url":"https:\/\/pubeurope.com\/@fr\/114975261535612930","error":""},"_links":{"self":[{"href":"https:\/\/www.europesays.com\/fr\/wp-json\/wp\/v2\/posts\/297661","targetHints":{"allow":["GET"]}}],"collection":[{"href":"https:\/\/www.europesays.com\/fr\/wp-json\/wp\/v2\/posts"}],"about":[{"href":"https:\/\/www.europesays.com\/fr\/wp-json\/wp\/v2\/types\/post"}],"author":[{"embeddable":true,"href":"https:\/\/www.europesays.com\/fr\/wp-json\/wp\/v2\/users\/2"}],"replies":[{"embeddable":true,"href":"https:\/\/www.europesays.com\/fr\/wp-json\/wp\/v2\/comments?post=297661"}],"version-history":[{"count":0,"href":"https:\/\/www.europesays.com\/fr\/wp-json\/wp\/v2\/posts\/297661\/revisions"}],"wp:featuredmedia":[{"embeddable":true,"href":"https:\/\/www.europesays.com\/fr\/wp-json\/wp\/v2\/media\/297662"}],"wp:attachment":[{"href":"https:\/\/www.europesays.com\/fr\/wp-json\/wp\/v2\/media?parent=297661"}],"wp:term":[{"taxonomy":"category","embeddable":true,"href":"https:\/\/www.europesays.com\/fr\/wp-json\/wp\/v2\/categories?post=297661"},{"taxonomy":"post_tag","embeddable":true,"href":"https:\/\/www.europesays.com\/fr\/wp-json\/wp\/v2\/tags?post=297661"}],"curies":[{"name":"wp","href":"https:\/\/api.w.org\/{rel}","templated":true}]}}