{"id":297663,"date":"2025-08-05T08:42:10","date_gmt":"2025-08-05T08:42:10","guid":{"rendered":"https:\/\/www.europesays.com\/fr\/297663\/"},"modified":"2025-08-05T08:42:10","modified_gmt":"2025-08-05T08:42:10","slug":"cinq-joueurs-du-top-14-retenus-avec-les-pumas-pour-affronter-les-blacks","status":"publish","type":"post","link":"https:\/\/www.europesays.com\/fr\/297663\/","title":{"rendered":"Cinq joueurs du Top 14 retenus avec les Pumas pour affronter les Blacks !"},"content":{"rendered":"<p>Le s\u00e9lectionneur argentin Felipe Contepomi a d\u00e9voil\u00e9 un groupe rajeuni de 34 joueurs pour disputer le Rugby Championship 2025.<\/p>\n<p>Avec neuf novices et plusieurs cadres absents, l\u2019Argentine entame un nouveau cycle tourn\u00e9 vers l\u2019avenir.<\/p>\n<p>Un vent de fra\u00eecheur souffle sur les Pumas. Pour aborder le Rugby Championship, qui d\u00e9butera le 16 ao\u00fbt \u00e0 C\u00f3rdoba face \u00e0 la Nouvelle-Z\u00e9lande, Felipe Contepomi a choisi d\u2019injecter du sang neuf \u00e0 son effectif.<\/p>\n<p>Neuf joueurs vont d\u00e9couvrir la comp\u00e9tition, dont deux sans aucune s\u00e9lection : le pilier gauche Boris Wenger (23 ans) et le demi d\u2019ouverture du Racing 92 Ger\u00f3nimo Prisciantelli (25 ans). Tous deux esp\u00e8rent effectuer leurs premiers pas sous le maillot argentin face aux All Blacks.<\/p>\n<p><strong>Une vague de d\u00e9butants d\u00e9j\u00e0 entrevue en juillet.<\/strong><\/p>\n<p>Parmi les autres jeunes joueurs retenus, plusieurs ont d\u00e9j\u00e0 eu un aper\u00e7u du niveau international cette ann\u00e9e : \u00ab Bautista Bernasconi (3 s\u00e9lections), Francisco Coria Marchetti (3), Nicol\u00e1s D\u2019Amorim (1), Sim\u00f3n Ben\u00edtez Cruz (3), Agust\u00edn Moyano (2), Benjam\u00edn Elizalde (3) et Justo Piccardo (4) \u00bb sont tous appel\u00e9s pour la premi\u00e8re fois sur un Rugby Championship.<\/p>\n<p><strong>Contepomi capitalise aussi sur les talents du Top 14.<\/strong><\/p>\n<p>Cinq joueurs rejoignent le groupe sans avoir encore port\u00e9 les couleurs des Pumas en 2025, mais tous \u00e9voluent en France : Ignacio Ruiz (USAP), Marcos Kremer (ASM Clermont), Santiago Chocobares (Stade Toulousain), Bautista Delguy (ASM Clermont) et Juan Cruz Mall\u00eda (Stade Toulousain).<\/p>\n<p>Des profils aguerris, attendus pour encadrer la jeunesse montante.<\/p>\n<p><strong>Des absences notables marquent toutefois cette liste.<\/strong><\/p>\n<p>Des cadres comme Mat\u00edas Moroni, Mat\u00edas Alemanno ou Tom\u00e1s Lavanini n\u2019ont pas \u00e9t\u00e9 retenus.<\/p>\n<p>Parmi les autres absents majeurs, on note les troisi\u00e8mes lignes Facundo Isa (Pau), Rodrigo Bruni (Bayonne) et Joaqu\u00edn Moro, ainsi que le demi de m\u00eal\u00e9e Gonzalo Bertranou.<\/p>\n<p>Rendez-vous le <strong>16 ao\u00fbt \u00e0 C\u00f3rdoba<\/strong>, face \u00e0 la Nouvelle-Z\u00e9lande, pour d\u00e9couvrir les visages du nouveau rugby argentin.<\/p>\n","protected":false},"excerpt":{"rendered":"Le s\u00e9lectionneur argentin Felipe Contepomi a d\u00e9voil\u00e9 un groupe rajeuni de 34 joueurs pour disputer le Rugby Championship&hellip;\n","protected":false},"author":2,"featured_media":297664,"comment_status":"","ping_status":"","sticky":false,"template":"","format":"standard","meta":{"footnotes":""},"categories":[1416],"tags":[1011,27,479,1468,60],"class_list":{"0":"post-297663","1":"post","2":"type-post","3":"status-publish","4":"format-standard","5":"has-post-thumbnail","7":"category-rugby","8":"tag-fr","9":"tag-france","10":"tag-rugby","11":"tag-rugby-football","12":"tag-sports"},"share_on_mastodon":{"url":"https:\/\/pubeurope.com\/@fr\/114975273282664519","error":""},"_links":{"self":[{"href":"https:\/\/www.europesays.com\/fr\/wp-json\/wp\/v2\/posts\/297663","targetHints":{"allow":["GET"]}}],"collection":[{"href":"https:\/\/www.europesays.com\/fr\/wp-json\/wp\/v2\/posts"}],"about":[{"href":"https:\/\/www.europesays.com\/fr\/wp-json\/wp\/v2\/types\/post"}],"author":[{"embeddable":true,"href":"https:\/\/www.europesays.com\/fr\/wp-json\/wp\/v2\/users\/2"}],"replies":[{"embeddable":true,"href":"https:\/\/www.europesays.com\/fr\/wp-json\/wp\/v2\/comments?post=297663"}],"version-history":[{"count":0,"href":"https:\/\/www.europesays.com\/fr\/wp-json\/wp\/v2\/posts\/297663\/revisions"}],"wp:featuredmedia":[{"embeddable":true,"href":"https:\/\/www.europesays.com\/fr\/wp-json\/wp\/v2\/media\/297664"}],"wp:attachment":[{"href":"https:\/\/www.europesays.com\/fr\/wp-json\/wp\/v2\/media?parent=297663"}],"wp:term":[{"taxonomy":"category","embeddable":true,"href":"https:\/\/www.europesays.com\/fr\/wp-json\/wp\/v2\/categories?post=297663"},{"taxonomy":"post_tag","embeddable":true,"href":"https:\/\/www.europesays.com\/fr\/wp-json\/wp\/v2\/tags?post=297663"}],"curies":[{"name":"wp","href":"https:\/\/api.w.org\/{rel}","templated":true}]}}