{"id":297665,"date":"2025-08-05T08:43:10","date_gmt":"2025-08-05T08:43:10","guid":{"rendered":"https:\/\/www.europesays.com\/fr\/297665\/"},"modified":"2025-08-05T08:43:10","modified_gmt":"2025-08-05T08:43:10","slug":"congo-serena-williams-malediction-5-choses-a-savoir-sur-victoria-mboko-jeune-prodige-du-tennis-canadien","status":"publish","type":"post","link":"https:\/\/www.europesays.com\/fr\/297665\/","title":{"rendered":"Congo, Serena Williams, mal\u00e9diction&#8230; 5 choses \u00e0 savoir sur Victoria Mboko, jeune prodige du tennis canadien"},"content":{"rendered":"<p><strong>PORTRAIT<\/strong> &#8211; Sensation du tournoi de Montr\u00e9al, la Canadienne de 18 ans n\u2019a pas fini de surprendre. Partez \u00e0 la d\u00e9couverte d\u2019une joueuse au parcours atypique.<\/p>\n<p>Ses parents ont fui la R\u00e9publique d\u00e9mocratique du Congo<\/p>\n<p class=\"fig-paragraph\">Victoria Mboko est une globe-trotteuse. N\u00e9e \u00e0 Charlotte en Caroline du Nord (\u00c9tats-Unis) en 2006, la tenniswoman part vivre \u00e0 Toronto au Canada peu de temps apr\u00e8s. Ses parents, d\u2019origines congolaises, ont fui leur pays d\u2019origine et le r\u00e9gime autoritaire de Mobutu. La plus jeune d\u2019une famille de quatre enfants a ensuite fait toute sa jeunesse au grand nord blanc et a d\u00e9velopp\u00e9 ses qualit\u00e9s sportives au sein de plusieurs acad\u00e9mies. Aux c\u00f4t\u00e9s notamment de l\u2019ancien professionnel canadien Simon Larose, de la Fran\u00e7aise Nathalie Tauziat (ex-num\u00e9ro 3 mondiale et avec qui elle collabore toujours) et m\u00eame en Belgique, dans l\u2019acad\u00e9mie de Justine Henin.<\/p>\n<p>Ascension d\u00e9lirante<\/p>\n<p class=\"fig-paragraph\">Mboko avance \u00e0 vitesse grand V. Imaginez un peu. La jeune canadienne n\u2019\u00e9tait que 350e au classement mondial fin 2024. Forte de ses quatre tournois gagn\u00e9s sur le circuit secondaire, de son 3e tour \u00e0 Roland-Garros et de son parcours impressionnant \u00e0 Montr\u00e9al (elle jouera en demi-finale contre Elena Rybakina), la Torontoise entrera dans le Top 50 la semaine prochaine. En 2025, elle a remport\u00e9 46 de ses matches et n\u2019en a perdu que neuf. D\u2019ailleurs, les nombreux troph\u00e9es glan\u00e9s au cours de l\u2019ann\u00e9e ont suscit\u00e9 la curiosit\u00e9 des contr\u00f4les de s\u00e9curit\u00e9 dans les a\u00e9roports.<\/p>\n<p>                                    <a class=\"fig-a11y-skip a11y-hidden\" href=\"#fig-a11y-skip-main-inarticle\"><br \/>\n        Passer la publicit\u00e9<br \/>\n    <\/a><\/p>\n<p>Mal\u00e9diction<\/p>\n<p class=\"fig-paragraph\">Cadette d\u2019une fratrie de quatre enfants et joueurs de tennis, la Canadienne a touch\u00e9 sa premi\u00e8re raquette \u00e0 seulement trois ans. Elle conna\u00eet toutefois une mal\u00e9diction surprenante. Face \u00e0 sa s\u0153ur Gracia ou ses fr\u00e8res K\u00e9vin et David, Mboko&#8230; ne gagne jamais. \u00abEn fait, je n\u2019ai jamais battu aucune d\u2019entre eux\u00bb, rigolait l\u2019int\u00e9ress\u00e9e dans les colonnes du site sp\u00e9cialis\u00e9 Wtatennis. Elle l\u2019assure, ses fr\u00e8res et s\u0153urs sont devenus ses premiers supporters.<\/p>\n<p class=\"fig-body-link\">\n            \u00c0 lire aussi<br \/>\n        <a class=\"fig-body-link__link\" href=\"http:\/\/www.lefigaro.fr\/sports\/tennis\/djokovic-service-chaise-roulante-5-choses-a-savoir-sur-jakub-mensik-le-laureat-surprise-de-miami-20250331\" target=\"_blank\" data-fig-type=\"NewsFlash\" rel=\"noopener\" data-gtm-custom-categorie=\"navigation\" data-gtm-custom-action=\"crossclick\" data-gtm-custom-label=\"Contextuel\" data-gtm-event=\"customEventSPE\" data-fig-domain=\"LEFIGARO\">Idole, service, chaise roulante\u2026 Qui est Jakub Mensik, l\u2019homme qui a fait tomber Djokovic\u00a0?<br \/>\n    <\/a>\n<\/p>\n<p>Serena Williams pour mod\u00e8le<\/p>\n<p class=\"fig-paragraph\">Son jeu puissant n\u2019est pas sans rappeler celui de son mod\u00e8le Serena Williams. Mboko en est d\u2019ailleurs fan depuis son plus jeune \u00e2ge. \u00abOn regardait beaucoup Serena et Venus, et c\u2019est l\u00e0 que j\u2019ai trouv\u00e9 une grande inspiration, car Serena est litt\u00e9ralement la plus grande de tous les temps. Et maintenant, je les vois juste \u00e0 c\u00f4t\u00e9 de moi. C\u2019est fou comme la vie tourne\u00bb, a-t-elle d\u00e9clar\u00e9 pour Wtatennis. Une v\u00e9ritable source d\u2019inspiration et un exemple \u00e0 suivre.<\/p>\n<p>Les beignets de sa m\u00e8re, son p\u00e9ch\u00e9 mignon<\/p>\n<p class=\"fig-paragraph\">Victoria Mboko appr\u00e9cie les bonnes choses. La talentueuse tenniswoman raffole des beignets congolais pr\u00e9par\u00e9s par sa m\u00e8re. \u00abPour une athl\u00e8te, ce n\u2019est pas terrible. Mais quand je rentre \u00e0 la maison, elle en pr\u00e9pare toujours plein car elle ne me voit jamais\u00bb, souriait d\u2019ailleurs cette derni\u00e8re. D\u2019une fa\u00e7on g\u00e9n\u00e9rale, la Canadienne est tr\u00e8s proche de ses parents.<\/p>\n","protected":false},"excerpt":{"rendered":"PORTRAIT &#8211; Sensation du tournoi de Montr\u00e9al, la Canadienne de 18 ans n\u2019a pas fini de surprendre. Partez&hellip;\n","protected":false},"author":2,"featured_media":297666,"comment_status":"","ping_status":"","sticky":false,"template":"","format":"standard","meta":{"footnotes":""},"categories":[1415],"tags":[1011,27,60,1467,4170],"class_list":{"0":"post-297665","1":"post","2":"type-post","3":"status-publish","4":"format-standard","5":"has-post-thumbnail","7":"category-tennis","8":"tag-fr","9":"tag-france","10":"tag-sports","11":"tag-tennis","12":"tag-wta"},"share_on_mastodon":{"url":"https:\/\/pubeurope.com\/@fr\/114975277260447871","error":""},"_links":{"self":[{"href":"https:\/\/www.europesays.com\/fr\/wp-json\/wp\/v2\/posts\/297665","targetHints":{"allow":["GET"]}}],"collection":[{"href":"https:\/\/www.europesays.com\/fr\/wp-json\/wp\/v2\/posts"}],"about":[{"href":"https:\/\/www.europesays.com\/fr\/wp-json\/wp\/v2\/types\/post"}],"author":[{"embeddable":true,"href":"https:\/\/www.europesays.com\/fr\/wp-json\/wp\/v2\/users\/2"}],"replies":[{"embeddable":true,"href":"https:\/\/www.europesays.com\/fr\/wp-json\/wp\/v2\/comments?post=297665"}],"version-history":[{"count":0,"href":"https:\/\/www.europesays.com\/fr\/wp-json\/wp\/v2\/posts\/297665\/revisions"}],"wp:featuredmedia":[{"embeddable":true,"href":"https:\/\/www.europesays.com\/fr\/wp-json\/wp\/v2\/media\/297666"}],"wp:attachment":[{"href":"https:\/\/www.europesays.com\/fr\/wp-json\/wp\/v2\/media?parent=297665"}],"wp:term":[{"taxonomy":"category","embeddable":true,"href":"https:\/\/www.europesays.com\/fr\/wp-json\/wp\/v2\/categories?post=297665"},{"taxonomy":"post_tag","embeddable":true,"href":"https:\/\/www.europesays.com\/fr\/wp-json\/wp\/v2\/tags?post=297665"}],"curies":[{"name":"wp","href":"https:\/\/api.w.org\/{rel}","templated":true}]}}