{"id":297667,"date":"2025-08-05T08:44:09","date_gmt":"2025-08-05T08:44:09","guid":{"rendered":"https:\/\/www.europesays.com\/fr\/297667\/"},"modified":"2025-08-05T08:44:09","modified_gmt":"2025-08-05T08:44:09","slug":"debut-de-sarrmania-team-france-basket","status":"publish","type":"post","link":"https:\/\/www.europesays.com\/fr\/297667\/","title":{"rendered":"D\u00e9but de Sarrmania\u00a0? | Team France Basket"},"content":{"rendered":"<p class=\"MsoNormal\" style=\"margin-bottom: 0cm; text-align: justify; tab-stops: 173.5pt;\">Il est en bonne compagnie, \u00e0 une petite longueur d\u2019Appolo Faye et Victor Wembanyama, auteurs de 20 points pour leur grande premi\u00e8re internationale, plus loin de Bob Riley (25) et Robert Busnel (30). En \u00e0 peine 14 minutes, Alexandre Sarr a rendu une copie presque parfaite de 19 points et 4 rebonds. La cinqui\u00e8me meilleure marque de l&rsquo;histoire pour un rookie. Un statut qui \u00e9tait le sien aux Wizards cette saison et qu\u2019il prolonge en s\u00e9lection. Avec une \u00e9gale r\u00e9ussite. Membre de la All-rookie first team avec Zaccharie Risacher, il ne quitte pas d\u2019une semelle son compagnon de la g\u00e9n\u00e9ration 2005.<\/p>\n<p>Ensemble, ils ont connu des campagnes U16, U17 et U19, les deux derni\u00e8res ponctu\u00e9es par deux m\u00e9dailles mondiales (bronze et argent). R\u00e9unis d\u00e9sormais chez les A apr\u00e8s avoir \u00e9t\u00e9 num\u00e9ro un et deux de la draft 2024, ils comptent maintenir le standing des Bleus, m\u00e9daill\u00e9s d\u2019argent lors des Jeux Olympiques de Tokyo et Paris : \u00ab\u00a0On sait que de grands noms du basket fran\u00e7ais ne sont plus l\u00e0. Il faut prendre le relai. Il y a un nouveau coach, de nouveaux joueurs. On se rend compte qu\u2019on a une chance de faire quelque chose de sp\u00e9cial.\u00a0\u00bb Et pour y parvenir, le longiligne poste 4\/5 compte sur l\u2019exp\u00e9rience rare qu\u2019il a accumul\u00e9e depuis son d\u00e9part de France en 2019. \u00ab\u00a0A 14 ans je suis parti en Espagne, au Real Madrid et \u00e7a m\u2019a appris le jeu \u00e0 l\u2019espagnol, le QI basket\u00a0\u00bb, d\u00e9taille-t-il. \u00ab\u00a0De 16 \u00e0 18 ans j\u2019\u00e9tais \u00e0 OTE aux Etats-Unis, avec le c\u00f4t\u00e9 wild (fou) bas\u00e9 sur le un contre un. Ensuite en Australie c\u2019\u00e9tait une Ligue tr\u00e8s rugueuse. Le m\u00e9lange des trois est int\u00e9ressant.\u00a0\u00bb<\/p>\n<p>A 20 ans, son talent multi-facettes saute aux yeux et il n\u2019a pas tard\u00e9 \u00e0 l\u2019exposer sur le parquet du Vend\u00e9space. 8 points en 150 secondes pour son entr\u00e9e en jeu contre le Mont\u00e9n\u00e9gro, avec deux tirs prim\u00e9s et un dunk : \u00ab\u00a0Je veux prendre ce que le jeu me donne. C\u2019est un \u00e9quilibre entre s\u2019\u00e9carter et rouler au cercle\u2026 Je pense apporter ma polyvalence, en d\u00e9fense comme en attaque. D\u00e9fendre sur des ext\u00e9rieurs ou prot\u00e9ger le cercle. Jouer int\u00e9rieur-ext\u00e9rieur offensivement.\u00a0\u00bb Un profil qui a s\u00e9duit les recruteurs NBA et qui interpelle d\u00e9j\u00e0 Fr\u00e9d\u00e9ric Fauthoux. \u00ab\u00a0J\u2019ai aim\u00e9 son alternance. Sa capacit\u00e9 \u00e0 \u00eatre dans le tir \u00e0 trois-points ou dans la raquette. Sa capacit\u00e9 \u00e0 \u00eatre efficace en peu de temps est aussi importante\u00a0\u00bb, estime le coach qui souhaite voir son jeune int\u00e9rieur \u00ab\u00a0faire les choses avec densit\u00e9, duret\u00e9 quand il sera impact\u00e9.\u00a0\u00bb<\/p>\n<p>Le premier test aura \u00e9t\u00e9 concluant m\u00eame si Sarr lui-m\u00eame reconna\u00eet qu\u2019il reste du chemin \u00e0 parcourir pour s\u2019adapter \u00e0 un basket qu\u2019il n\u2019a que peu pratiqu\u00e9 ces derni\u00e8res ann\u00e9es. \u00ab\u00a0Il y a beaucoup moins de spacing en FIBA\u00a0\u00bb, remarque-t-il. \u00ab\u00a0Il faut donc \u00eatre plus juste sur chaque mouvement sinon \u00e7a peut co\u00fbter une balle perdue\u2026 J\u2019essaye juste d\u2019apprendre, de poser des questions aux gars qui ont de l\u2019exp\u00e9rience. Voir comment je peux m\u2019adapter.\u00a0\u00bb S\u2019il est encore trop t\u00f4t pour tirer des conclusions sur la hi\u00e9rarchie int\u00e9rieure des Bleus, Alexandre Sarr a cependant marqu\u00e9 des points dans la course au roster final, alors que le s\u00e9jour palois de l\u2019\u00c9quipe de France devrait dessiner un peu plus son identit\u00e9.<\/p>\n","protected":false},"excerpt":{"rendered":"Il est en bonne compagnie, \u00e0 une petite longueur d\u2019Appolo Faye et Victor Wembanyama, auteurs de 20 points&hellip;\n","protected":false},"author":2,"featured_media":297668,"comment_status":"","ping_status":"","sticky":false,"template":"","format":"standard","meta":{"footnotes":""},"categories":[1414],"tags":[1465,1464,1011,27,60],"class_list":{"0":"post-297667","1":"post","2":"type-post","3":"status-publish","4":"format-standard","5":"has-post-thumbnail","7":"category-basket","8":"tag-basket","9":"tag-basketball","10":"tag-fr","11":"tag-france","12":"tag-sports"},"share_on_mastodon":{"url":"https:\/\/pubeurope.com\/@fr\/114975281241990947","error":""},"_links":{"self":[{"href":"https:\/\/www.europesays.com\/fr\/wp-json\/wp\/v2\/posts\/297667","targetHints":{"allow":["GET"]}}],"collection":[{"href":"https:\/\/www.europesays.com\/fr\/wp-json\/wp\/v2\/posts"}],"about":[{"href":"https:\/\/www.europesays.com\/fr\/wp-json\/wp\/v2\/types\/post"}],"author":[{"embeddable":true,"href":"https:\/\/www.europesays.com\/fr\/wp-json\/wp\/v2\/users\/2"}],"replies":[{"embeddable":true,"href":"https:\/\/www.europesays.com\/fr\/wp-json\/wp\/v2\/comments?post=297667"}],"version-history":[{"count":0,"href":"https:\/\/www.europesays.com\/fr\/wp-json\/wp\/v2\/posts\/297667\/revisions"}],"wp:featuredmedia":[{"embeddable":true,"href":"https:\/\/www.europesays.com\/fr\/wp-json\/wp\/v2\/media\/297668"}],"wp:attachment":[{"href":"https:\/\/www.europesays.com\/fr\/wp-json\/wp\/v2\/media?parent=297667"}],"wp:term":[{"taxonomy":"category","embeddable":true,"href":"https:\/\/www.europesays.com\/fr\/wp-json\/wp\/v2\/categories?post=297667"},{"taxonomy":"post_tag","embeddable":true,"href":"https:\/\/www.europesays.com\/fr\/wp-json\/wp\/v2\/tags?post=297667"}],"curies":[{"name":"wp","href":"https:\/\/api.w.org\/{rel}","templated":true}]}}