{"id":297669,"date":"2025-08-05T08:45:11","date_gmt":"2025-08-05T08:45:11","guid":{"rendered":"https:\/\/www.europesays.com\/fr\/297669\/"},"modified":"2025-08-05T08:45:11","modified_gmt":"2025-08-05T08:45:11","slug":"video-spectaculaire-la-prise-de-relais-de-zarco-a-suzuka-vue-de-dessus","status":"publish","type":"post","link":"https:\/\/www.europesays.com\/fr\/297669\/","title":{"rendered":"Vid\u00e9o. Spectaculaire, la prise de relais de Zarco \u00e0 Suzuka, vue de dessus !"},"content":{"rendered":"<p>Lors des 8h de Suzuka Moto, Honda a publi\u00e9 une vid\u00e9o fort int\u00e9ressante, montrant la prise de relais de Johann Zarco, pendant l\u2019\u00e9preuve. Mais pour proposer un angle diff\u00e9rente de celui mis en avant habituellement, la firme japonaise a opt\u00e9 pour une vue de dessus. Voici le m\u00e9dia en question.<\/p>\n<blockquote class=\"twitter-tweet\">\n<p dir=\"ltr\" lang=\"ja\">\u7121\u99c4\u306e\u306a\u3044\u30e1\u30ab\u30cb\u30c3\u30af\u306e\u52d5\u304d\u306b\u6ce8\u76ee\ud83d\udc40<br \/>\u30b9\u30bf\u30fc\u30c8\u304b\u30894\u6642\u9593\u534a\u7d4c\u904e\u3001Honda HRC\u304c\u4f9d\u7136\u3068\u3057\u3066\u9996\u4f4d\u3092\u30ad\u30fc\u30d7\ud83d\udd25\ud83d\udd25<a href=\"https:\/\/twitter.com\/hashtag\/%E9%88%B4%E9%B9%BF8%E8%80%90?src=hash&amp;ref_src=twsrc%5Etfw\" target=\"_blank\" rel=\"noopener\">#\u9234\u9e7f8\u8010<\/a> <a href=\"https:\/\/twitter.com\/hashtag\/HRC?src=hash&amp;ref_src=twsrc%5Etfw\" target=\"_blank\" rel=\"noopener\">#HRC<\/a> <a href=\"https:\/\/t.co\/ykdmP6iuqy\">pic.twitter.com\/ykdmP6iuqy<\/a><\/p>\n<p>\u2014 Honda Racing\uff08HRC\uff09 (@HondaJP_Live) <a href=\"https:\/\/twitter.com\/HondaJP_Live\/status\/1951901207641161762?ref_src=twsrc%5Etfw\" target=\"_blank\" rel=\"noopener\">August 3, 2025<\/a><\/p>\n<\/blockquote>\n<p>Article publi\u00e9 le 05\/08\/2025 \u00e0 5h42<\/p>\n<p>                                            <img loading=\"lazy\" alt=\"\" class=\"avatar avatar-100 photo lazyload\" height=\"100\" width=\"100\" decoding=\"async\" src=\"https:\/\/www.europesays.com\/fr\/wp-content\/uploads\/2025\/08\/1754383511_556_ffbb894c35ea5189d599d4ea062c98b86ffb67cc602fa683ebcbf422a80fc47a\"  data-eio-rwidth=\"100\" data-eio-rheight=\"100\"\/><\/p>\n<p class=\"h2\">\n                                            Julien Barthet\n                                        <\/p>\n<p>R\u00e9dacteur professionnel, titulaire de la carte de presse pendant 3 ans. Fondateur\/Directeur et R\u00e9dacteur en chef Le Mag Sport Auto et LeMagJeuxHighTech.com.&#13;<br \/>\nEx-Pilote automobile : 55 courses (Formule Ford, F.Campus, Coupe 206 Sprint et Relais, Saxo, Ford Fiesta Allemagne, Mitjet) 1 Victoire. Essais F3, Nascar Euro, Caterham, F.Renault, etc.<\/p>\n<p>                                                                                                                            <a href=\"https:\/\/lemagsportauto.ouest-france.fr\/author\/lmsa_adm\/\" title=\"Julien Barthet\" target=\"_blank\" rel=\"noopener\"><br \/>\n                                                Voir les publications de l&rsquo;auteur<br \/>\n                                            <\/a><\/p>\n<p>                                <script async src=\"https:\/\/platform.twitter.com\/widgets.js\" charset=\"utf-8\"><\/script><\/p>\n","protected":false},"excerpt":{"rendered":"Lors des 8h de Suzuka Moto, Honda a publi\u00e9 une vid\u00e9o fort int\u00e9ressante, montrant la prise de relais&hellip;\n","protected":false},"author":2,"featured_media":297670,"comment_status":"","ping_status":"","sticky":false,"template":"","format":"standard","meta":{"footnotes":""},"categories":[1413],"tags":[1011,27,1741,1457,1456,1458,60],"class_list":{"0":"post-297669","1":"post","2":"type-post","3":"status-publish","4":"format-standard","5":"has-post-thumbnail","7":"category-moto","8":"tag-fr","9":"tag-france","10":"tag-johann-zarco","11":"tag-moto","12":"tag-motocycle","13":"tag-motogp","14":"tag-sports"},"share_on_mastodon":{"url":"https:\/\/pubeurope.com\/@fr\/114975285192335497","error":""},"_links":{"self":[{"href":"https:\/\/www.europesays.com\/fr\/wp-json\/wp\/v2\/posts\/297669","targetHints":{"allow":["GET"]}}],"collection":[{"href":"https:\/\/www.europesays.com\/fr\/wp-json\/wp\/v2\/posts"}],"about":[{"href":"https:\/\/www.europesays.com\/fr\/wp-json\/wp\/v2\/types\/post"}],"author":[{"embeddable":true,"href":"https:\/\/www.europesays.com\/fr\/wp-json\/wp\/v2\/users\/2"}],"replies":[{"embeddable":true,"href":"https:\/\/www.europesays.com\/fr\/wp-json\/wp\/v2\/comments?post=297669"}],"version-history":[{"count":0,"href":"https:\/\/www.europesays.com\/fr\/wp-json\/wp\/v2\/posts\/297669\/revisions"}],"wp:featuredmedia":[{"embeddable":true,"href":"https:\/\/www.europesays.com\/fr\/wp-json\/wp\/v2\/media\/297670"}],"wp:attachment":[{"href":"https:\/\/www.europesays.com\/fr\/wp-json\/wp\/v2\/media?parent=297669"}],"wp:term":[{"taxonomy":"category","embeddable":true,"href":"https:\/\/www.europesays.com\/fr\/wp-json\/wp\/v2\/categories?post=297669"},{"taxonomy":"post_tag","embeddable":true,"href":"https:\/\/www.europesays.com\/fr\/wp-json\/wp\/v2\/tags?post=297669"}],"curies":[{"name":"wp","href":"https:\/\/api.w.org\/{rel}","templated":true}]}}