{"id":297677,"date":"2025-08-05T08:49:13","date_gmt":"2025-08-05T08:49:13","guid":{"rendered":"https:\/\/www.europesays.com\/fr\/297677\/"},"modified":"2025-08-05T08:49:13","modified_gmt":"2025-08-05T08:49:13","slug":"pascal-praud-perd-deux-fideles-lieutenants-qui-voguent-ve","status":"publish","type":"post","link":"https:\/\/www.europesays.com\/fr\/297677\/","title":{"rendered":"Pascal Praud perd deux fid\u00e8les lieutenants qui voguent ve &#8230;"},"content":{"rendered":"<p>EN BREF<\/p>\n<ul class=\"bloc_resume_post_list\">\n<li>Cyril Hanouna revient avec un nouveau talk-show sur W9<br \/>\napr\u00e8s la disparition de C8 et Touche Pas \u00e0 Mon Poste.<\/li>\n<li>Pascal Praud change de cr\u00e9neau horaire sur Europe 1,<br \/>\npassant \u00e0 l\u00a0\u00bbapr\u00e8s-midi pour discuter de l&rsquo;actualit\u00e9.<\/li>\n<li>Nathan Devers et Paul Melun pr\u00e9parent une nouvelle<br \/>\n\u00e9mission promettant un d\u00e9bat d&rsquo;id\u00e9es exigeant et<br \/>\ndiversifi\u00e9.<\/li>\n<\/ul>\n<p class=\"p1\">Un bouleversement. Le paysage audiovisuel fran\u00e7ais<br \/>\nn&rsquo;aura plus la m\u00eame allure \u00e0 la rentr\u00e9e. Parmi <strong>les grands<br \/>\nchangements annonc\u00e9s<\/strong> (et les plus attendus), <a href=\"https:\/\/www.telestar.fr\/people\/cyril-hanouna-son-arrivee-sur-w9-chamboule-tout-et-ce-nest-pas-peu-de-le-dire-1733405\" target=\"_blank\" rel=\"noopener\"><br \/>\nCyril Hanouna<\/a> pr\u00e9sentera <strong>un nouveau talk-show,<\/strong><br \/>\n<a href=\"https:\/\/www.telestar.fr\/people\/cyril-hanouna-a-saint-tropez-lanimateur-prepare-sa-rentree-sur-w9-et-ne-passe-pas-inapercu-video-1733256\" target=\"_blank\" rel=\"noopener\"><br \/>\nTout beau Tout n9uf<\/a>, sur W9. Un come-back d\u00e9j\u00e0 fortement scrut\u00e9<br \/>\napr\u00e8s la disparition conjointe de la cha\u00eene C8 et de Touche Pas \u00e0<br \/>\nMon Poste l&rsquo;an dernier.<\/p>\n<p class=\"p1\">Longtemps aux commandes de la tranche horaire de 11<br \/>\nheures \u00e0 13 heures <a href=\"https:\/\/www.telestar.fr\/people\/pascal-praud-a-la-place-de-cyril-hanouna-sur-europe-1-et-cest-pour-tres-bientot-1725451\" target=\"_blank\" rel=\"noopener\"><br \/>\nsur Europe 1<\/a> en semaine, <a href=\"https:\/\/www.telestar.fr\/actu_tv\/pascal-praud-quitte-sa-case-horaire-europe-1-et-ses-au-revoir-etaient-plus-coquins-que-ceux-de-cyril-hanouna-1728960\" target=\"_blank\" rel=\"noopener\"><br \/>\nPascal Praud<\/a> migrera sur <strong>un autre cr\u00e9neau<\/strong>. Le<br \/>\njournaliste <a href=\"https:\/\/www.telestar.fr\/actu_tv\/cnews-pascal-praud-sen-prend-tres-violemment-a-son-invitee-une-bouillie-intellectuelle-1726960\" target=\"_blank\" rel=\"noopener\"><br \/>\nstar de CNews<\/a> discutera de l&rsquo;actualit\u00e9 br\u00fblante <strong>du<br \/>\nlundi au vendredi de 16 heures \u00e0 18 heures<\/strong> d\u00e8s la rentr\u00e9e.<br \/>\nD&rsquo;autres changements d&rsquo;ampleur sont \u00e0 pr\u00e9voir.<\/p>\n<p>CNews : deux fid\u00e8les de Pascal Praud sur le d\u00e9part<\/p>\n<p class=\"p1\">D&rsquo;apr\u00e8s les informations recueillies par Le<br \/>\nParisien, <strong>Nathan Devers et Paul Melun<\/strong><br \/>\nprendront leur envol d\u00e8s la fin des grandes vacances. Les deux<br \/>\nfid\u00e8les lieutenants de Pascal Praud officiaient <strong>jusqu&rsquo;\u00e0<br \/>\npr\u00e9sent dans<\/strong> <a href=\"https:\/\/www.telestar.fr\/actu-tv\/autres-emissions\/pascal-praud-l-heure-des-pros-il-n-y-a-pas-de-sujet-tabou-427134\" target=\"_blank\" rel=\"noopener\"><br \/>\nL&rsquo;heures de pros<\/a>. \u00ab\u00a0Cette exp\u00e9rience sur\u00a0CNews\u00a0a<br \/>\n\u00e9t\u00e9 enrichissante et formatrice pour nous car nous avons pu nous<br \/>\nfrotter \u00e0 des id\u00e9es parfois bien diff\u00e9rentes des n\u00f4tres. Mais<br \/>\nd\u00e9sormais nous avons envie<br \/>\nd&rsquo;<strong>envisager\u00a0autrement\u00a0notre\u00a0participation\u00a0au\u00a0d\u00e9bat\u00a0<\/strong>public\u00a0\u00bb,<br \/>\njustifie Nathan Devers.<\/p>\n<p class=\"p1\">Les deux chroniqueurs \u00e2g\u00e9s respectivement de 27 et 30<br \/>\nans prendront les commandes d&rsquo;<strong>une myst\u00e9rieuse nouvelle<br \/>\n\u00e9mission<\/strong>. \u00ab\u00a0On veut renouer avec <strong>l&rsquo;esprit Pivot<br \/>\n\u00e0 la mode 2025<\/strong>\u00ab\u00a0, promettent-ils. Un programme o\u00f9<br \/>\nr\u00e9gnera \u00e0 la fois \u00ab\u00a0la libert\u00e9 de parole\u00a0\u00bb, \u00ab\u00a0l&rsquo;\u00e9coute<br \/>\ndes arguments d&rsquo;autrui\u00a0\u00bb mais aussi \u00ab\u00a0le respect\u00a0\u00bb,<br \/>\nd&rsquo;apr\u00e8s Paul Melun qui pr\u00e9cise : \u00ab\u00a0Ce qui nous pla\u00eet, c&rsquo;est de<br \/>\nd\u00e9battre avec des gens avec lesquels nous ne sommes pas<br \/>\nd&rsquo;accord\u00a0\u00bb.<\/p>\n<p>CNews : que promettent les deux<br \/>\nfid\u00e8les lieutenants de Pascal Pascaud ?<\/p>\n<p class=\"p3\">Pour Nathan Devers et Paul Melun, il s&rsquo;agit de<br \/>\nmontrer que \u00ab\u00a0le\u00a0d\u00e9bat\u00a0d&rsquo;id\u00e9es, quand il est exigeant,<br \/>\nest la chose la plus populaire qui soit\u00a0\u00bb. Le panel d&rsquo;invit\u00e9s<br \/>\nsera constitu\u00e9 <strong>\u00ab\u00a0d&rsquo;artistes, d&rsquo;\u00e9crivains, de politiques,<br \/>\nde diplomates ou de dirigeants \u00e9trangers\u00a0\u00bb<\/strong>, indique<br \/>\nPaul\u00a0Melun. Son acolyte abonde : \u00ab\u00a0Des personnalit\u00e9s d\u00e9j\u00e0<br \/>\nc\u00e9l\u00e8bres mais aussi des gens qu&rsquo;on n&rsquo;entend pas encore parce qu&rsquo;ils<br \/>\nportent les id\u00e9es de demain\u00a0\u00bb.<\/p>\n<p class=\"p3\">A cette heure, on ne sait encore <strong>sur quelle<br \/>\ncha\u00eene il sera possible de regarder<\/strong> le programme<br \/>\n\u00ab\u00a0plusieurs fois par semaine chaque semaine\u00a0\u00bb. \u00ab\u00a0Nous<br \/>\npourrons en dire <strong>davantage d&rsquo;ici quelques<br \/>\nsemaines<\/strong>\u00ab\u00a0, promet Paul Melun. Et Nathan Devers de<br \/>\npoursuivre : \u00ab\u00a0On peut juste vous dire que ce sera une super<br \/>\ncha\u00eene\u00a0\u00bb. Rendez-vous d&rsquo;ici les prochaines semaines !<\/p>\n","protected":false},"excerpt":{"rendered":"EN BREF Cyril Hanouna revient avec un nouveau talk-show sur W9 apr\u00e8s la disparition de C8 et Touche&hellip;\n","protected":false},"author":2,"featured_media":297678,"comment_status":"","ping_status":"","sticky":false,"template":"","format":"standard","meta":{"footnotes":""},"categories":[1359],"tags":[548,9722,58,59,1011,27,10160,973],"class_list":{"0":"post-297677","1":"post","2":"type-post","3":"status-publish","4":"format-standard","5":"has-post-thumbnail","7":"category-people","8":"tag-article-simple","9":"tag-cnews","10":"tag-divertissement","11":"tag-entertainment","12":"tag-fr","13":"tag-france","14":"tag-pascal-praud","15":"tag-people"},"share_on_mastodon":{"url":"https:\/\/pubeurope.com\/@fr\/114975300843473258","error":""},"_links":{"self":[{"href":"https:\/\/www.europesays.com\/fr\/wp-json\/wp\/v2\/posts\/297677","targetHints":{"allow":["GET"]}}],"collection":[{"href":"https:\/\/www.europesays.com\/fr\/wp-json\/wp\/v2\/posts"}],"about":[{"href":"https:\/\/www.europesays.com\/fr\/wp-json\/wp\/v2\/types\/post"}],"author":[{"embeddable":true,"href":"https:\/\/www.europesays.com\/fr\/wp-json\/wp\/v2\/users\/2"}],"replies":[{"embeddable":true,"href":"https:\/\/www.europesays.com\/fr\/wp-json\/wp\/v2\/comments?post=297677"}],"version-history":[{"count":0,"href":"https:\/\/www.europesays.com\/fr\/wp-json\/wp\/v2\/posts\/297677\/revisions"}],"wp:featuredmedia":[{"embeddable":true,"href":"https:\/\/www.europesays.com\/fr\/wp-json\/wp\/v2\/media\/297678"}],"wp:attachment":[{"href":"https:\/\/www.europesays.com\/fr\/wp-json\/wp\/v2\/media?parent=297677"}],"wp:term":[{"taxonomy":"category","embeddable":true,"href":"https:\/\/www.europesays.com\/fr\/wp-json\/wp\/v2\/categories?post=297677"},{"taxonomy":"post_tag","embeddable":true,"href":"https:\/\/www.europesays.com\/fr\/wp-json\/wp\/v2\/tags?post=297677"}],"curies":[{"name":"wp","href":"https:\/\/api.w.org\/{rel}","templated":true}]}}