{"id":297681,"date":"2025-08-05T08:51:10","date_gmt":"2025-08-05T08:51:10","guid":{"rendered":"https:\/\/www.europesays.com\/fr\/297681\/"},"modified":"2025-08-05T08:51:10","modified_gmt":"2025-08-05T08:51:10","slug":"pyrenees-orientales-4e-salon-du-livre-avec-des-auteurs-locaux-a-eyne","status":"publish","type":"post","link":"https:\/\/www.europesays.com\/fr\/297681\/","title":{"rendered":"Pyr\u00e9n\u00e9es-Orientales : 4e Salon du livre avec des auteurs locaux \u00e0 Eyne"},"content":{"rendered":"<p>\n                                                                Le 4e Salon du livre aura lieu ce vendredi de 9\u00a0h \u00e0 18\u00a0h, au pr\u00e9 communal du village. Pr\u00e8s d\u2019une dizaine d\u2019auteurs du d\u00e9partement d\u00e9voileront leurs ouvrages dont la repr\u00e9sentation, tr\u00e8s \u00e9clectique, va du polar, \u00e0 l\u2019ouvrage scientifique, de la fiction, en passant par des romans plus personnels ou carr\u00e9ment artistiques.\n                            <\/p>\n<p>Michel Cristofol, auteur en Cerdagne est \u00e0 l\u2019initiative de cet \u00e9v\u00e9nement culturel qu\u2019il organise avec le soutien de l\u2019association Patrimoine mat\u00e9riel et immat\u00e9riel d\u2019Eyne, et aux concours et soutien pr\u00e9cieux de la mairie\u00a0et de la Maison de la Vall\u00e9e. \u00ab\u00a0Elles sont toutes deux attach\u00e9es \u00e0 ce genre de manifestations culturelles, d\u2019autant plus lorsqu\u2019il s\u2019agit d\u2019une production litt\u00e9raire et artistique locale\u00a0\u00bb, explique Michel Cristofol. \u00c0 cette occasion, ce dernier pr\u00e9sentera ses ouvrages dont deux sur la Cerdagne. Le premier est intitul\u00e9 Eyne autrefois, Eina fa temps, avec\u00a0lequel\u00a0l\u2019auteur se veut passeur de m\u00e9moire. Ce guide sera utile pour la visite du village, pour en conna\u00eetre son histoire sur plus d\u2019un si\u00e8cle. Le second, intitul\u00e9 Le petit Michel, une enfance glorieuse\u00a0est un r\u00e9cit pittoresque, po\u00e9tique et vivant qui fait la part belle \u00e0 la Cerdagne durant les ann\u00e9es 1950 et o\u00f9\u00a0\u00ab\u00a0chacun d\u2019o\u00f9 qu\u2019il soit, pourra se retrouver du moins en partie\u00a0\u00bb. Il pr\u00e9sentera en outre un roman de terroir intitul\u00e9 L\u2019appel du gouffre, une nouvelle, Les noces du printemps et de l\u2019hiver\u00a0et un essai, Et les vents d\u2019ici m\u2019ont racont\u00e9.<\/p>\n<p>L\u2019\u00e9clectisme des auteurs<\/p>\n<p>Le Salon du livre fait la part belle \u00e0 une dizaine d\u2019auteurs du d\u00e9partement. Jean-Pierre Bonnel pr\u00e9sentera ses livres sur Aristide Maillol, Matisse et Machado. Michel Delseny, membre de l\u2019Acad\u00e9mie des sciences, proposera\u00a0ses deux ouvrages Des graines, des fleurs et de l\u2019ADN\u00a0et La saga de l\u2019ARN messager, de l\u2019hypoth\u00e8se aux vaccins. Patrice Deixonne, exposant \u00e0 la galerie d\u2019art moderne et contemporain Odile Oms de C\u00e9ret, exposera des gravures et des impressions num\u00e9riques pigmentaires. Daniel Hernandez fera d\u00e9couvrir\u00a0ses romans policiers, dont son dernier opus\u00a0S\u00e9cheresse. Fran\u00e7ois Gallon sera l\u00e0\u00a0avec ses deux ouvrages, l\u2019un sur les papillons et l\u2019autre sur les fleurs, et quelques planches sur les oiseaux. Carles Sarrat pr\u00e9sentera son roman \u00e9crit en catalan\u00a0Canig\u00f3 blues. Marc Spaccesi d\u00e9voilera ses recueils de nouvelles. Enfin, Sabine Kalderas-Jeulin sera au salon\u00a0avec\u00a0La trilogie du c\u0153ur, des romans dans le registre de la fiction et du d\u00e9veloppement personnel.<\/p>\n","protected":false},"excerpt":{"rendered":"Le 4e Salon du livre aura lieu ce vendredi de 9\u00a0h \u00e0 18\u00a0h, au pr\u00e9 communal du village.&hellip;\n","protected":false},"author":2,"featured_media":297682,"comment_status":"","ping_status":"","sticky":false,"template":"","format":"standard","meta":{"footnotes":""},"categories":[1357],"tags":[1379,58,59,1011,27,1380],"class_list":{"0":"post-297681","1":"post","2":"type-post","3":"status-publish","4":"format-standard","5":"has-post-thumbnail","7":"category-livres","8":"tag-books","9":"tag-divertissement","10":"tag-entertainment","11":"tag-fr","12":"tag-france","13":"tag-livres"},"share_on_mastodon":{"url":"https:\/\/pubeurope.com\/@fr\/114975308844486815","error":""},"_links":{"self":[{"href":"https:\/\/www.europesays.com\/fr\/wp-json\/wp\/v2\/posts\/297681","targetHints":{"allow":["GET"]}}],"collection":[{"href":"https:\/\/www.europesays.com\/fr\/wp-json\/wp\/v2\/posts"}],"about":[{"href":"https:\/\/www.europesays.com\/fr\/wp-json\/wp\/v2\/types\/post"}],"author":[{"embeddable":true,"href":"https:\/\/www.europesays.com\/fr\/wp-json\/wp\/v2\/users\/2"}],"replies":[{"embeddable":true,"href":"https:\/\/www.europesays.com\/fr\/wp-json\/wp\/v2\/comments?post=297681"}],"version-history":[{"count":0,"href":"https:\/\/www.europesays.com\/fr\/wp-json\/wp\/v2\/posts\/297681\/revisions"}],"wp:featuredmedia":[{"embeddable":true,"href":"https:\/\/www.europesays.com\/fr\/wp-json\/wp\/v2\/media\/297682"}],"wp:attachment":[{"href":"https:\/\/www.europesays.com\/fr\/wp-json\/wp\/v2\/media?parent=297681"}],"wp:term":[{"taxonomy":"category","embeddable":true,"href":"https:\/\/www.europesays.com\/fr\/wp-json\/wp\/v2\/categories?post=297681"},{"taxonomy":"post_tag","embeddable":true,"href":"https:\/\/www.europesays.com\/fr\/wp-json\/wp\/v2\/tags?post=297681"}],"curies":[{"name":"wp","href":"https:\/\/api.w.org\/{rel}","templated":true}]}}