{"id":297683,"date":"2025-08-05T08:52:10","date_gmt":"2025-08-05T08:52:10","guid":{"rendered":"https:\/\/www.europesays.com\/fr\/297683\/"},"modified":"2025-08-05T08:52:10","modified_gmt":"2025-08-05T08:52:10","slug":"nagui-et-son-intervilles-polemique-cyril-hanouna-promet-des-revelations-dans-tout-beau-tout-n9uf","status":"publish","type":"post","link":"https:\/\/www.europesays.com\/fr\/297683\/","title":{"rendered":"Nagui et son \u00ab\u00a0Intervilles\u00a0\u00bb pol\u00e9mique : Cyril Hanouna promet des r\u00e9v\u00e9lations dans \u00ab\u00a0Tout beau, tout n9uf\u00a0\u00bb"},"content":{"rendered":"<p>      R\u00e9sum\u00e9<\/p>\n<p>Cyril Hanouna pr\u00e9pare le lancement de sa nouvelle \u00e9mission avec des r\u00e9v\u00e9lations exclusives sur Intervilles. <\/p>\n<p>        Sommaire<\/p>\n<p>\u00c0 quelques semaines de la rentr\u00e9e, <a href=\"https:\/\/www.public.fr\/tag\/cyril-hanouna\" rel=\"nofollow noopener\" target=\"_blank\"><strong>Cyril Hanouna<\/strong><\/a> a pris la d\u00e9cision d&rsquo;offrir des cadeaux \u00e0 ses fans. Sur <a href=\"https:\/\/x.com\/Cyrilhanouna\" target=\"_blank\" rel=\"noreferrer noopener nofollow\">X (anciennement Twitter)<\/a>, l&rsquo;animateur vedette a en effet partag\u00e9 son enthousiasme concernant l<strong>e lancement de sa nouvelle \u00e9mission baptis\u00e9e Tout beau tout n9uf !<\/strong> <\/p>\n<p>\u00ab\u00a0Les ch\u00e9ris, demain on sera \u00e0 30 jours pile de la 1\u00e8re de TBT9 sur W9 \u00e0 18h45 ! Je ne vous cache pas que je suis\u00a0trop heureux de vous retrouver et trop impatient !\u00a0\u00bb, a-t-il \u00e9crit sur le r\u00e9seau social. <\/p>\n<p>Et d&rsquo;ajouter : \u00ab\u00a0\u00c0 partir de demain je vous donnerai\u00a0<strong>tous les jours \u00e0 18h45 une info sur l&rsquo;\u00e9mission<\/strong>. Je vous aime fort et merci.\u00a0\u00bb<\/p>\n<p>Nagui dans le viseur de Cyril Hanouna<\/p>\n<p>Apr\u00e8s avoir r\u00e9v\u00e9l\u00e9 que Tout beau tout n9uf \u00ab\u00a0aura comme avant pour d\u00e9marrer\u00a0<a href=\"https:\/\/www.public.fr\/cyril-hanouna-un-mois-avant-le-grand-retour-deux-chroniqueurs-le-plantent\" rel=\"nofollow noopener\" target=\"_blank\"><strong>9 chroniqueurs<\/strong> \u00e0 la table<\/a>. Parmi ces 9 il y aura <strong>5 &lsquo;anciens&rsquo; et 4 nouveaux<\/strong>\u00ab\u00a0, Cyril Hanouna a teas\u00e9 <strong>le th\u00e8me du premier num\u00e9ro de son \u00e9mission. <\/strong><\/p>\n<p>\u00ab\u00a0J-29 avant #TBT9 sur @W9 \u00e0 18h45. On continue notre 30 jours 30 infos ! D\u00e8s la 1\u00e8re le 1er septembre, il y aura le retour du J\u2019ai zapp\u00e9 j\u2019ai mat\u00e9 ! et <strong>il portera sur\u00a0Intervilles\u00a0<\/strong>! Autant vous dire que\u00a0\u00e7a va secouer !\u00a0Et on a des infos exclus ! Trop h\u00e2te de vous retrouver ! Chaque jour me rapproche de vous ! Je vous aime\u00a0\u00bb, a-t-il d\u00e9clar\u00e9. <\/p>\n<p>Nagui a donc \u00e9t\u00e9 d\u00e9sign\u00e9 pour \u00eatre la premi\u00e8re cible du trublion. Une information qui risque de ne pas lui plaire&#8230; <\/p>\n<blockquote class=\"twitter-tweet\">\n<p>J-29 avant <a href=\"https:\/\/twitter.com\/hashtag\/TBT9?src=hash&amp;ref_src=twsrc%5Etfw\" rel=\"nofollow noopener\" target=\"_blank\">#TBT9<\/a> sur <a href=\"https:\/\/twitter.com\/W9?ref_src=twsrc%5Etfw\" rel=\"nofollow noopener\" target=\"_blank\">@W9<\/a> \u00e0 18h45 <br \/>On continue notre 30 jours 30 infos! <br \/>D\u00e8s la 1ere le 1er septembre il y aura le retour du \u00ab\u00a0J ai zapp\u00e9 j ai mat\u00e9!\u00a0\u00bb et il portera sur intervilles! Autant vous dire que \u00e7a va secouer! Et on a des infos exclus! Trop h\u00e2te de vous retrouver! Chaque\u2026<\/p>\n<p>\u2014 Cyril Hanouna (@Cyrilhanouna) <a href=\"https:\/\/twitter.com\/Cyrilhanouna\/status\/1952410861420597363?ref_src=twsrc%5Etfw\" rel=\"nofollow noopener\" target=\"_blank\">August 4, 2025<\/a><\/p><\/blockquote>\n<p>Gilles Verdez de retour sur le petit \u00e9cran<\/p>\n<p>Outre cette r\u00e9v\u00e9lation, <strong>Cyril Hanouna a \u00e9galement <a href=\"https:\/\/www.public.fr\/gilles-verdez-la-verite-sur-sa-nouvelle-vie\" rel=\"nofollow noopener\" target=\"_blank\">confirm\u00e9 la pr\u00e9sence de Gilles Verdez \u00e0 ses c\u00f4t\u00e9s<\/a> <\/strong>en relayant la derni\u00e8re exclusivit\u00e9 de Voici sur ses r\u00e9seaux. Un retour qui n&rsquo;a pas manqu\u00e9 de faire r\u00e9agir.<\/p>\n<p>\u00ab\u00a0Tr\u00e8s bonne nouvelle le retour de Gilles Verdez en tant que chroniqueur ! Clairement <strong>un des piliers de l\u2019\u00e9mission, il a du\u00a0charisme, de la personnalit\u00e9 et il me fait toujours rire<\/strong>\u00ab\u00a0,\u00a0\u00ab\u00a0heureusement ! C&rsquo;est\u00a0le meilleur d&rsquo;entre tous\u00a0\u00bb, ou encore\u00a0\u00ab\u00a0excellente nouvelle que mon Gilou soit dans Tout beau tout neuf, c\u2019\u00e9tait essentiel\u00a0\u00bb, ont comment\u00e9 plusieurs internautes. <\/p>\n<p>Une chose est s\u00fbre, la rentr\u00e9e s&rsquo;annonce palpitante sur W9 !<\/p>\n<p>      Mentionn\u00e9s dans cet article<\/p>\n<p>      Sur le m\u00eame sujet<\/p>\n<p>  <script async src=\"https:\/\/platform.twitter.com\/widgets.js\" charset=\"utf-8\"><\/script><\/p>\n","protected":false},"excerpt":{"rendered":"R\u00e9sum\u00e9 Cyril Hanouna pr\u00e9pare le lancement de sa nouvelle \u00e9mission avec des r\u00e9v\u00e9lations exclusives sur Intervilles. Sommaire \u00c0&hellip;\n","protected":false},"author":2,"featured_media":297684,"comment_status":"","ping_status":"","sticky":false,"template":"","format":"standard","meta":{"footnotes":""},"categories":[1356],"tags":[1083,58,59,1011,27,28148,10477,252,1364,2395],"class_list":{"0":"post-297683","1":"post","2":"type-post","3":"status-publish","4":"format-standard","5":"has-post-thumbnail","7":"category-television","8":"tag-cyril-hanouna","9":"tag-divertissement","10":"tag-entertainment","11":"tag-fr","12":"tag-france","13":"tag-intervilles","14":"tag-nagui","15":"tag-television","16":"tag-tv","17":"tag-w9"},"share_on_mastodon":{"url":"https:\/\/pubeurope.com\/@fr\/114975312688537010","error":""},"_links":{"self":[{"href":"https:\/\/www.europesays.com\/fr\/wp-json\/wp\/v2\/posts\/297683","targetHints":{"allow":["GET"]}}],"collection":[{"href":"https:\/\/www.europesays.com\/fr\/wp-json\/wp\/v2\/posts"}],"about":[{"href":"https:\/\/www.europesays.com\/fr\/wp-json\/wp\/v2\/types\/post"}],"author":[{"embeddable":true,"href":"https:\/\/www.europesays.com\/fr\/wp-json\/wp\/v2\/users\/2"}],"replies":[{"embeddable":true,"href":"https:\/\/www.europesays.com\/fr\/wp-json\/wp\/v2\/comments?post=297683"}],"version-history":[{"count":0,"href":"https:\/\/www.europesays.com\/fr\/wp-json\/wp\/v2\/posts\/297683\/revisions"}],"wp:featuredmedia":[{"embeddable":true,"href":"https:\/\/www.europesays.com\/fr\/wp-json\/wp\/v2\/media\/297684"}],"wp:attachment":[{"href":"https:\/\/www.europesays.com\/fr\/wp-json\/wp\/v2\/media?parent=297683"}],"wp:term":[{"taxonomy":"category","embeddable":true,"href":"https:\/\/www.europesays.com\/fr\/wp-json\/wp\/v2\/categories?post=297683"},{"taxonomy":"post_tag","embeddable":true,"href":"https:\/\/www.europesays.com\/fr\/wp-json\/wp\/v2\/tags?post=297683"}],"curies":[{"name":"wp","href":"https:\/\/api.w.org\/{rel}","templated":true}]}}