{"id":297685,"date":"2025-08-05T08:53:10","date_gmt":"2025-08-05T08:53:10","guid":{"rendered":"https:\/\/www.europesays.com\/fr\/297685\/"},"modified":"2025-08-05T08:53:10","modified_gmt":"2025-08-05T08:53:10","slug":"on-la-enregistre-dans-une-chambre-soleil-bleu-le-tube-de-lete-quon-na-pas-vu-venir","status":"publish","type":"post","link":"https:\/\/www.europesays.com\/fr\/297685\/","title":{"rendered":"\u00ab\u00a0On l\u2019a enregistr\u00e9 dans une chambre\u00a0\u00bb\u00a0: \u00ab\u00a0Soleil Bleu\u00a0\u00bb, le tube de l\u2019\u00e9t\u00e9 qu\u2019on n\u2019a pas vu venir"},"content":{"rendered":"<p class=\"paragraph text_align_left lp-f-body-02\">Au festival Bike &amp; Fourme de Chalmazel (Loire), le 12 juillet, Luiza a invit\u00e9 des spectateurs sur sc\u00e8ne et vu d\u00e9barquer plein de jeunes scouts. Des <a href=\"https:\/\/www.leparisien.fr\/aube-10\/jamboree-mondial-les-eclaireuses-et-eclaireurs-de-france-aubois-sont-rentres-a-troyes-emerveilles-24-08-2023-MLOSKUFIS5EBZFZ4FQ2DLX62MA.php\" target=\"_blank\" rel=\"noreferrer nofollow noopener\">\u00c9claireurs de France<\/a> \u2014 scouts la\u00efques \u2014 de Paris-Est, qui avaient fait de son \u00ab Soleil Bleu \u00bb l\u2019hymne de leur camp d\u2019\u00e9t\u00e9 et travers\u00e9 une for\u00eat \u00e0 pied pour venir l\u2019\u00e9couter. La chanteuse se souvient tr\u00e8s bien de cet instant de communion : \u00ab Ils m\u2019ont donn\u00e9 trop de joie et de force ! \u00bb<\/p>\n<p class=\"paragraph text_align_left lp-f-body-02\">Les scouts ne sont pas les seuls \u00e0 \u00e9couter en boucle \u00ab Soleil Bleu \u00bb depuis sa sortie, le 11 avril ! C\u2019est l\u2019un des tubes de l\u2019\u00e9t\u00e9, la chanson la plus stream\u00e9e en France, avec plus de 15 millions d\u2019\u00e9coutes, et un succ\u00e8s qui gagne l\u2019international, avec plus de 43 millions de streams. Son clip fait danser les matin\u00e9es de C Star et W 9 et d\u00e9passe les 385 millions de vues en trois mois sur <a href=\"https:\/\/www.leparisien.fr\/high-tech\/tiktok-bientot-concurrent-de-spotify-le-reseau-social-lance-son-service-de-streaming-musical-13-07-2023-6EARH7FRGBBQPDB4P45UDZYZYU.php\" target=\"_blank\" rel=\"noreferrer nofollow noopener\">TikTok<\/a> et les r\u00e9seaux sociaux.<\/p>\n","protected":false},"excerpt":{"rendered":"Au festival Bike &amp; Fourme de Chalmazel (Loire), le 12 juillet, Luiza a invit\u00e9 des spectateurs sur sc\u00e8ne&hellip;\n","protected":false},"author":2,"featured_media":297686,"comment_status":"","ping_status":"","sticky":false,"template":"","format":"standard","meta":{"footnotes":""},"categories":[1355],"tags":[872,58,59,1011,27,1361,873],"class_list":{"0":"post-297685","1":"post","2":"type-post","3":"status-publish","4":"format-standard","5":"has-post-thumbnail","7":"category-musique","8":"tag-culture-et-loisirs","9":"tag-divertissement","10":"tag-entertainment","11":"tag-fr","12":"tag-france","13":"tag-music","14":"tag-musique"},"share_on_mastodon":{"url":"https:\/\/pubeurope.com\/@fr\/114975316656703867","error":""},"_links":{"self":[{"href":"https:\/\/www.europesays.com\/fr\/wp-json\/wp\/v2\/posts\/297685","targetHints":{"allow":["GET"]}}],"collection":[{"href":"https:\/\/www.europesays.com\/fr\/wp-json\/wp\/v2\/posts"}],"about":[{"href":"https:\/\/www.europesays.com\/fr\/wp-json\/wp\/v2\/types\/post"}],"author":[{"embeddable":true,"href":"https:\/\/www.europesays.com\/fr\/wp-json\/wp\/v2\/users\/2"}],"replies":[{"embeddable":true,"href":"https:\/\/www.europesays.com\/fr\/wp-json\/wp\/v2\/comments?post=297685"}],"version-history":[{"count":0,"href":"https:\/\/www.europesays.com\/fr\/wp-json\/wp\/v2\/posts\/297685\/revisions"}],"wp:featuredmedia":[{"embeddable":true,"href":"https:\/\/www.europesays.com\/fr\/wp-json\/wp\/v2\/media\/297686"}],"wp:attachment":[{"href":"https:\/\/www.europesays.com\/fr\/wp-json\/wp\/v2\/media?parent=297685"}],"wp:term":[{"taxonomy":"category","embeddable":true,"href":"https:\/\/www.europesays.com\/fr\/wp-json\/wp\/v2\/categories?post=297685"},{"taxonomy":"post_tag","embeddable":true,"href":"https:\/\/www.europesays.com\/fr\/wp-json\/wp\/v2\/tags?post=297685"}],"curies":[{"name":"wp","href":"https:\/\/api.w.org\/{rel}","templated":true}]}}