{"id":297687,"date":"2025-08-05T08:54:11","date_gmt":"2025-08-05T08:54:11","guid":{"rendered":"https:\/\/www.europesays.com\/fr\/297687\/"},"modified":"2025-08-05T08:54:11","modified_gmt":"2025-08-05T08:54:11","slug":"cest-le-reve-absolu-tom-holland-se-verrait-bien-porter-le-costume-de-james-bond","status":"publish","type":"post","link":"https:\/\/www.europesays.com\/fr\/297687\/","title":{"rendered":"\u00ab\u00a0C\u2019est le r\u00eave absolu\u00a0\u00bb\u00a0:\u00a0Tom Holland se verrait bien porter le costume de James Bond"},"content":{"rendered":"<p>L\u2019acteur britannique fait figure de grand favori pour incarner l\u2019agent 007 dans le prochain film des studios Amazon MGM, r\u00e9alis\u00e9 par Denis Villeneuve.<\/p>\n<p class=\"fig-paragraph\">Il pourrait \u00eatre le prochain agent 007.\u00a0<a href=\"http:\/\/www.lefigaro.fr\/cinema\/spider-man-le-titre-du-quatrieme-volet-avec-tom-holland-devoile-20250401\" data-fig-type=\"Article\" data-gtm-custom-categorie=\"navigation\" data-gtm-custom-action=\"crossclick\" data-gtm-custom-label=\"Contextuel\" data-gtm-event=\"customEventSPE\" data-fig-domain=\"LEFIGARO\" target=\"_blank\" rel=\"noopener\">Tom Holland<\/a>\u00a0s\u2019est exprim\u00e9 il y a quelques jours au sujet des rumeurs persistantes autour de son \u00e9ventuelle incarnation de\u00a0<a href=\"http:\/\/www.lefigaro.fr\/cinema\/la-saga-james-bond-exemptee-de-taxes-douanieres-par-donald-trump-20250509\" data-fig-type=\"NewsFlash\" data-gtm-custom-categorie=\"navigation\" data-gtm-custom-action=\"crossclick\" data-gtm-custom-label=\"Contextuel\" data-gtm-event=\"customEventSPE\" data-fig-domain=\"LEFIGARO\" target=\"_blank\" rel=\"noopener\">James Bond<\/a>. Lors d\u2019un \u00e9change\u00a0<a href=\"https:\/\/www.youtube.com\/watch?v=PO6V4SKsTpY\" target=\"_blank\" rel=\"sponsored noopener\" data-gtm-custom-categorie=\"navigation\" data-gtm-custom-action=\"crossclick\" data-gtm-custom-label=\"Contextuel\" data-gtm-event=\"customEventSPE\">avec le chef Gordon Ramsay sur YouTube<\/a>, l\u2019acteur britannique, l\u2019un des grands favoris pour endosser le prestigieux costume au cin\u00e9ma, a exprim\u00e9 son admiration pour la franchise d\u00e9sormais\u00a0<a href=\"http:\/\/www.lefigaro.fr\/cinema\/les-studios-amazon-mgm-prennent-le-controle-creatif-des-films-james-bond-20250220\" data-fig-type=\"NewsFlash\" data-gtm-custom-categorie=\"navigation\" data-gtm-custom-action=\"crossclick\" data-gtm-custom-label=\"Contextuel\" data-gtm-event=\"customEventSPE\" data-fig-domain=\"LEFIGARO\" target=\"_blank\" rel=\"noopener\">d\u00e9tenue par les studios Amazon MGM<\/a>. \u00ab\u00a0Pour tout jeune com\u00e9dien britannique, c\u2019est le r\u00eave absolu quand on travaille dans cette industrie\u00a0\u00bb, a-t-il confi\u00e9.<\/p>\n<p class=\"fig-paragraph\">L\u2019interpr\u00e8te de\u00a0<a href=\"http:\/\/www.lefigaro.fr\/cinema\/tom-holland-devoile-son-nouveau-costume-pour-spider-man-brand-new-day-20250804\" data-fig-type=\"Article\" data-gtm-custom-categorie=\"navigation\" data-gtm-custom-action=\"crossclick\" data-gtm-custom-label=\"Contextuel\" data-gtm-event=\"customEventSPE\" data-fig-domain=\"LEFIGARO\" target=\"_blank\" rel=\"noopener\">Spider-Man<\/a>\u00a0depuis 2016, apparu \u00e9galement dans\u00a0<a href=\"http:\/\/www.lefigaro.fr\/cinema\/le-vietnam-interdit-le-blockbuster-uncharted-a-cause-d-une-carte-de-la-mer-de-chine-meridionale-20220312\" data-fig-type=\"NewsFlash\" data-gtm-custom-categorie=\"navigation\" data-gtm-custom-action=\"crossclick\" data-gtm-custom-label=\"Contextuel\" data-gtm-event=\"customEventSPE\" data-fig-domain=\"LEFIGARO\" target=\"_blank\" rel=\"noopener\">Uncharted<\/a> \u00a0en 2022, laisse toutefois planer le doute\u00a0:\u00a0\u00ab\u00a0Les rumeurs ne s\u2019arr\u00eatent jamais. Donc on va se contenter du minimum pour le moment. Un jour, on pourra en parler.\u00a0\u00bb Pour le moment, le com\u00e9dien n\u2019en d\u00e9voile pas plus.\u00a0Tom Holland coche toutes les cases. Il est jeune, 29 ans, et britannique correspondant au\u00a0<a href=\"http:\/\/www.lefigaro.fr\/cinema\/un-document-interne-d-amazon-confirme-que-james-bond-restera-un-homme-britannique-20250311\" data-fig-type=\"Article\" data-gtm-custom-categorie=\"navigation\" data-gtm-custom-action=\"crossclick\" data-gtm-custom-label=\"Contextuel\" data-gtm-event=\"customEventSPE\" data-fig-domain=\"LEFIGARO\" target=\"_blank\" rel=\"noopener\">profil d\u2019acteur que souhaite recruter Amazon<\/a>.<\/p>\n<p>                                    <a class=\"fig-a11y-skip a11y-hidden\" href=\"#fig-a11y-skip-main-inarticle\"><br \/>\n        Passer la publicit\u00e9<br \/>\n    <\/a><\/p>\n<p>Tournages de Spider-Man 4 et du prochain Nolan<\/p>\n<p class=\"fig-paragraph\">Tom Holland n\u2019est\u00a0<a href=\"http:\/\/www.lefigaro.fr\/cinema\/harris-dickinson-tom-holland-et-jacob-elordi-envisages-dans-le-costume-de-james-bond-20250630\" data-fig-type=\"Article\" data-gtm-custom-categorie=\"navigation\" data-gtm-custom-action=\"crossclick\" data-gtm-custom-label=\"Contextuel\" data-gtm-event=\"customEventSPE\" data-fig-domain=\"LEFIGARO\" target=\"_blank\" rel=\"noopener\">pas le seul acteur pris\u00e9<\/a>\u00a0par les studios Amazon MGM. Les producteurs songeraient aussi \u00e0 Jacob Elordi, r\u00e9v\u00e9l\u00e9 dans la s\u00e9rie sulfureuse\u00a0<a href=\"http:\/\/tvmag.lefigaro.fr\/programme-tv\/series\/scenarios-abandonnes-desaccords-creatifs-la-saison-3-d-euphoria-verra-t-elle-le-jour-chez-hbo-20240417\" target=\"_blank\" data-fig-type=\"Article\" rel=\"noopener\" data-gtm-custom-categorie=\"navigation\" data-gtm-custom-action=\"crossclick\" data-gtm-custom-label=\"Contextuel\" data-gtm-event=\"customEventSPE\" data-fig-domain=\"TVMAG\">Euphoria<\/a>, \u00e0 Harris Dickinson, vu dans le Disney Mal\u00e9fique\u00a0(2019), ou encore \u00e0 Idris Elba pour succ\u00e9der \u00e0\u00a0<a href=\"http:\/\/www.lefigaro.fr\/cinema\/a-couteaux-tires-3-le-thriller-avec-daniel-craig-ouvrira-le-festival-du-film-de-londres-20250714\" data-fig-type=\"Article\" data-gtm-custom-categorie=\"navigation\" data-gtm-custom-action=\"crossclick\" data-gtm-custom-label=\"Contextuel\" data-gtm-event=\"customEventSPE\" data-fig-domain=\"LEFIGARO\" target=\"_blank\" rel=\"noopener\">Daniel Craig<\/a>, apparu pour la derni\u00e8re fois dans Mourir peut attendre en 2021.<\/p>\n<p class=\"fig-body-link\">\n            \u00c0 lire aussi<br \/>\n        <a class=\"fig-body-link__link fig-premium-mark\" href=\"http:\/\/www.lefigaro.fr\/culture\/les-studios-amazon-mgm-peuvent-ils-tuer-james-bond-20250315\" target=\"_blank\" data-fig-type=\"Article\" rel=\"noopener\" data-gtm-custom-categorie=\"navigation\" data-gtm-custom-action=\"crossclick\" data-gtm-custom-label=\"Contextuel\" data-gtm-event=\"customEventSPE\" data-fig-domain=\"LEFIGARO\">Woke, inclusif, am\u00e9ricanis\u00e9\u00a0: les studios Amazon MGM peuvent-ils tuer James Bond\u00a0?<br \/>\n    <\/a>\n<\/p>\n<p class=\"fig-paragraph\">En attendant d\u2019en savoir plus, Tom Holland s\u2019attelle actuellement au tournage de Spider-Man\u00a0:\u00a0Brand New Day en \u00c9cosse. Il vient \u00e9galement de finir celui de\u00a0<a href=\"http:\/\/www.lefigaro.fr\/cinema\/l-experience-d-une-vie-tom-holland-comble-par-le-tournage-de-l-odyssee-de-christopher-nolan-20250715\" data-fig-type=\"NewsFlash\" data-gtm-custom-categorie=\"navigation\" data-gtm-custom-action=\"crossclick\" data-gtm-custom-label=\"Contextuel\" data-gtm-event=\"customEventSPE\" data-fig-domain=\"LEFIGARO\" target=\"_blank\" rel=\"noopener\">L\u2019Odyss\u00e9e de Christopher Nolan<\/a>\u00a0dans lequel il interpr\u00e8te le r\u00f4le de T\u00e9l\u00e9maque, fils d\u2019Ulysse et P\u00e9n\u00e9lope. Les deux films sont attendus au mois de juillet 2026. \u00ab\u00a0Je me consid\u00e8re d\u00e9j\u00e0 comme le gosse le plus chanceux au monde, remarque l\u2019acteur britannique. Je n\u2019aurais jamais imagin\u00e9 avoir une telle carri\u00e8re.\u00a0\u00bb<\/p>\n","protected":false},"excerpt":{"rendered":"L\u2019acteur britannique fait figure de grand favori pour incarner l\u2019agent 007 dans le prochain film des studios Amazon&hellip;\n","protected":false},"author":2,"featured_media":297688,"comment_status":"","ping_status":"","sticky":false,"template":"","format":"standard","meta":{"footnotes":""},"categories":[1354],"tags":[4239,58,59,1346,1011,27,1677,1360,35103],"class_list":{"0":"post-297687","1":"post","2":"type-post","3":"status-publish","4":"format-standard","5":"has-post-thumbnail","7":"category-films","8":"tag-amazon","9":"tag-divertissement","10":"tag-entertainment","11":"tag-films","12":"tag-fr","13":"tag-france","14":"tag-james-bond","15":"tag-movies","16":"tag-tom-holland"},"share_on_mastodon":{"url":"https:\/\/pubeurope.com\/@fr\/114975320524983340","error":""},"_links":{"self":[{"href":"https:\/\/www.europesays.com\/fr\/wp-json\/wp\/v2\/posts\/297687","targetHints":{"allow":["GET"]}}],"collection":[{"href":"https:\/\/www.europesays.com\/fr\/wp-json\/wp\/v2\/posts"}],"about":[{"href":"https:\/\/www.europesays.com\/fr\/wp-json\/wp\/v2\/types\/post"}],"author":[{"embeddable":true,"href":"https:\/\/www.europesays.com\/fr\/wp-json\/wp\/v2\/users\/2"}],"replies":[{"embeddable":true,"href":"https:\/\/www.europesays.com\/fr\/wp-json\/wp\/v2\/comments?post=297687"}],"version-history":[{"count":0,"href":"https:\/\/www.europesays.com\/fr\/wp-json\/wp\/v2\/posts\/297687\/revisions"}],"wp:featuredmedia":[{"embeddable":true,"href":"https:\/\/www.europesays.com\/fr\/wp-json\/wp\/v2\/media\/297688"}],"wp:attachment":[{"href":"https:\/\/www.europesays.com\/fr\/wp-json\/wp\/v2\/media?parent=297687"}],"wp:term":[{"taxonomy":"category","embeddable":true,"href":"https:\/\/www.europesays.com\/fr\/wp-json\/wp\/v2\/categories?post=297687"},{"taxonomy":"post_tag","embeddable":true,"href":"https:\/\/www.europesays.com\/fr\/wp-json\/wp\/v2\/tags?post=297687"}],"curies":[{"name":"wp","href":"https:\/\/api.w.org\/{rel}","templated":true}]}}