{"id":297702,"date":"2025-08-05T09:02:12","date_gmt":"2025-08-05T09:02:12","guid":{"rendered":"https:\/\/www.europesays.com\/fr\/297702\/"},"modified":"2025-08-05T09:02:12","modified_gmt":"2025-08-05T09:02:12","slug":"une-etudiante-francaise-portee-disparue-au-cambodge-retrouvee-morte","status":"publish","type":"post","link":"https:\/\/www.europesays.com\/fr\/297702\/","title":{"rendered":"Une \u00e9tudiante fran\u00e7aise port\u00e9e disparue au Cambodge retrouv\u00e9e morte"},"content":{"rendered":"<p>Une <a href=\"https:\/\/www.20minutes.fr\/dossier\/enquete\" class=\"color-ultramarine c-link\" target=\"_blank\" rel=\"noopener\">enqu\u00eate<\/a> a \u00e9t\u00e9 ouverte pour \u00e9tablir les circonstances exactes du d\u00e9c\u00e8s, m\u00eame si la piste criminelle semble \u00e9cart\u00e9e. Lisa Girard-Fabre, Fran\u00e7aise de 23 ans originaire du <a href=\"https:\/\/www.20minutes.fr\/toulouse\/tarn\/\" class=\"color-ultramarine c-link\" target=\"_blank\" rel=\"noopener\">Tarn<\/a> et \u00e9tudiante \u00e0 Sciences Po Bordeaux, a \u00e9t\u00e9 retrouv\u00e9e morte lundi pr\u00e8s de la ville de Siem Reap au Cambodge, <a href=\"https:\/\/www.khmertimeskh.com\/501732136\/body-of-missing-french-runner-found-in-siem-reap\/#google_vignette\" rel=\"nofollow noopener\" target=\"_blank\" class=\"color-ultramarine c-link\">relate le m\u00e9dia local Khmer Times<\/a>.<\/p>\n<p><img decoding=\"async\" alt=\"Lisa Girard-Fabre, Fran\u00e7aise de 23 ans, a \u00e9t\u00e9 retrouv\u00e9e morte au Cambodge o\u00f9 elle s\u00e9journait depuis le mois de janvier.\" class=\"c-img\" loading=\"lazy\" fetchpriority=\"auto\" width=\"718\"  src=\"https:\/\/img.20mn.fr\/-RbYf4xDSlaXvcrwgekt0ik\/718x0\" \/>Lisa Girard-Fabre, Fran\u00e7aise de 23 ans, a \u00e9t\u00e9 retrouv\u00e9e morte au Cambodge o\u00f9 elle s\u00e9journait depuis le mois de janvier.\u2002-\u00a0Capture \u00e9cran Instagram<\/p>\n<p>La Fran\u00e7aise \u00e9tait port\u00e9e disparue depuis le 2\u00a0ao\u00fbt, apr\u00e8s avoir \u00e9t\u00e9 vue par des t\u00e9moins en train de faire un footing, seule sur une route. Une amie, qui a organis\u00e9 des recherches pour retrouver la jeune femme, a confirm\u00e9 lundi sur les r\u00e9seaux sociaux que \u00ab\u00a0le corps de Lisa a \u00e9t\u00e9 retrouv\u00e9\u00a0\u00bb.<\/p>\n<p>Elle se pr\u00e9parait pour le semi-marathon d\u2019Angkor<\/p>\n<p>Lisa Girard \u00e9tait partie au Cambodge \u00e0 la fin du mois de janvier, dans le cadre d\u2019un stage de fin d\u2019\u00e9tudes de master, en tant que stagiaire au sein de l\u2019ONG Pour un sourire d\u2019enfant, qui aide les enfants d\u00e9favoris\u00e9s et d\u00e9scolaris\u00e9s du Cambodge. <a href=\"https:\/\/www.linkedin.com\/feed\/update\/urn:li:activity:7353311496937885697\/\" target=\"_blank\" class=\"color-ultramarine c-link\" rel=\"noopener\">Sur Linkedin<\/a>, elle expliquait il y a quelques jours qu\u2019elle se pr\u00e9parait pour courir le semi-marathon d\u2019Angkor, dimanche 3\u00a0ao\u00fbt, au profit de cette ONG.<\/p>\n<\/p>\n<p>\u00ab\u00a0Pour quelqu\u2019un qui n\u2019a jamais \u00e9t\u00e9 tr\u00e8s sportive, c\u2019est un vrai d\u00e9fi personnel\u00a0!\u00a0\u00bb pr\u00e9cisait-elle. Le chef adjoint de la police de Siem Reap, Touch Sokun, a assur\u00e9 que, selon le rapport d\u2019autopsie, la Fran\u00e7aise \u00e9tait d\u00e9c\u00e9d\u00e9e des suites d\u2019un effort excessif d\u00fb \u00e0 une course de longue distance. \u00ab\u00a0Je tiens \u00e0 pr\u00e9ciser que le d\u00e9c\u00e8s de la victime n\u2019est li\u00e9 \u00e0 aucun crime ni \u00e0 aucun meurtre\u00a0\u00bb, a-t-il d\u00e9clar\u00e9.<\/p>\n<p>Elle s\u2019\u00e9tait rendue une premi\u00e8re fois au Cambodge en autostop<\/p>\n<p>L\u2019\u00e9tudiante s\u2019\u00e9tait rendue une premi\u00e8re fois au Cambodge en\u00a02023, apr\u00e8s un p\u00e9riple en autostop de plus de 10.000\u00a0km entre Paris et Phnom Penh, pendant quatre mois. Un voyage qui lui avait d\u00e9j\u00e0 permis de r\u00e9colter des fonds pour l\u2019ONG cambodgienne. \u00ab\u00a0C\u2019\u00e9tait une b\u00e9n\u00e9vole comp\u00e9tente qui a aid\u00e9 Pour un Sourire d\u2019Enfant. Elle aimait les enfants cambodgiens et voulait les aider\u00a0\u00bb, a d\u00e9clar\u00e9 Men Makara, directeur g\u00e9n\u00e9ral adjoint de l\u2019\u00e9ducation au sein de l\u2019ONG.<\/p>\n<p>Le corps a \u00e9t\u00e9 remis \u00e0 l\u2019ambassade de France pour les obs\u00e8ques, a ajout\u00e9 le chef de la police.<\/p>\n","protected":false},"excerpt":{"rendered":"Une enqu\u00eate a \u00e9t\u00e9 ouverte pour \u00e9tablir les circonstances exactes du d\u00e9c\u00e8s, m\u00eame si la piste criminelle semble&hellip;\n","protected":false},"author":2,"featured_media":297703,"comment_status":"","ping_status":"","sticky":false,"template":"","format":"standard","meta":{"footnotes":""},"categories":[2],"tags":[47,11,3177,1997,9265,3983,1067,4081,1011,27,2905,2721,12,2219,2680,104,8412],"class_list":{"0":"post-297702","1":"post","2":"type-post","3":"status-publish","4":"format-standard","5":"has-post-thumbnail","7":"category-actualites","8":"tag-actualite","9":"tag-actualites","10":"tag-aquitaine","11":"tag-bordeaux","12":"tag-cambodge","13":"tag-deces","14":"tag-enquete","15":"tag-etudiant","16":"tag-fr","17":"tag-france","18":"tag-gironde","19":"tag-midi-pyrenees","20":"tag-news","21":"tag-nouvelle-aquitaine","22":"tag-occitanie","23":"tag-societe","24":"tag-tarn"},"share_on_mastodon":{"url":"https:\/\/pubeurope.com\/@fr\/114975352123704991","error":""},"_links":{"self":[{"href":"https:\/\/www.europesays.com\/fr\/wp-json\/wp\/v2\/posts\/297702","targetHints":{"allow":["GET"]}}],"collection":[{"href":"https:\/\/www.europesays.com\/fr\/wp-json\/wp\/v2\/posts"}],"about":[{"href":"https:\/\/www.europesays.com\/fr\/wp-json\/wp\/v2\/types\/post"}],"author":[{"embeddable":true,"href":"https:\/\/www.europesays.com\/fr\/wp-json\/wp\/v2\/users\/2"}],"replies":[{"embeddable":true,"href":"https:\/\/www.europesays.com\/fr\/wp-json\/wp\/v2\/comments?post=297702"}],"version-history":[{"count":0,"href":"https:\/\/www.europesays.com\/fr\/wp-json\/wp\/v2\/posts\/297702\/revisions"}],"wp:featuredmedia":[{"embeddable":true,"href":"https:\/\/www.europesays.com\/fr\/wp-json\/wp\/v2\/media\/297703"}],"wp:attachment":[{"href":"https:\/\/www.europesays.com\/fr\/wp-json\/wp\/v2\/media?parent=297702"}],"wp:term":[{"taxonomy":"category","embeddable":true,"href":"https:\/\/www.europesays.com\/fr\/wp-json\/wp\/v2\/categories?post=297702"},{"taxonomy":"post_tag","embeddable":true,"href":"https:\/\/www.europesays.com\/fr\/wp-json\/wp\/v2\/tags?post=297702"}],"curies":[{"name":"wp","href":"https:\/\/api.w.org\/{rel}","templated":true}]}}