{"id":297704,"date":"2025-08-05T09:03:10","date_gmt":"2025-08-05T09:03:10","guid":{"rendered":"https:\/\/www.europesays.com\/fr\/297704\/"},"modified":"2025-08-05T09:03:10","modified_gmt":"2025-08-05T09:03:10","slug":"le-maire-tape-du-poing-sur-la-table","status":"publish","type":"post","link":"https:\/\/www.europesays.com\/fr\/297704\/","title":{"rendered":"le maire tape du poing sur la table"},"content":{"rendered":"<p>            Par<br \/>\n        <strong><br \/>\n            <a href=\"https:\/\/actu.fr\/auteur\/mathias-souteyrat\" title=\"Consulter tous les articles de Mathias Souteyrat\" rel=\"nofollow noopener\" target=\"_blank\">Mathias Souteyrat<\/a><br \/>\n        <\/strong><\/p>\n<p>        Publi\u00e9 le<\/p>\n<p>            5 ao\u00fbt 2025 \u00e0 10h26        <\/p>\n<p>Dans la nuit du lundi\u00a04 au mardi 5\u00a0ao\u00fbt 2025, un accident de la route s\u2019est produit dans la rue des Jacinthes, au centre de <a href=\"https:\/\/actu.fr\/auvergne-rhone-alpes\/roche-la-moliere_42189\" rel=\"nofollow noopener\" target=\"_blank\">Roche-la-Moli\u00e8re<\/a> (Loire), tout pr\u00e8s de <a href=\"https:\/\/actu.fr\/saint-etienne\/\" rel=\"nofollow noopener\" target=\"_blank\">Saint-\u00c9tienne<\/a>.<\/p>\n<p class=\" wall-content\">Une seule voiture est impliqu\u00e9e avec cinq jeunes \u00e0 bord, dont le conducteur, \u00e2g\u00e9 de 17 ans, tout juste titulaire du permis de conduire. La Citro\u00ebn C3 aurait tap\u00e9 une chicane\/bordure (r\u00e9cemment refaite), arrach\u00e9e un arbre et fini sa course dans un mur d\u2019un lotissement.<\/p>\n<p>\u00ab\u00a0Ils l\u2019ont \u00e9chapp\u00e9 belle\u00a0\u00bb<\/p>\n<p class=\" wall-content\">Eric Berlivet, maire de la commune, contact\u00e9 par actu.fr, \u00e9voque son exasp\u00e9ration. Selon lui, la vitesse serait en cause.<\/p>\n<blockquote class=\"ac-article-quote wall-content\">\n<p>D&rsquo;apr\u00e8s les estimations et relev\u00e9s, il roulait \u00e0 80 ou 100 km\/h dans une zone limit\u00e9e \u00e0 30 km\/h. Les faits se sont produits vers 22 heures. Ils y auraient eu des personnes se promenant sur le trottoir, cela aurait pu \u00eatre dramatique. Ils l&rsquo;ont \u00e9chapp\u00e9 belle.<\/p>\n<p>    <strong>Eric Berlivet<\/strong><br \/>\n        Maire de Roche-la-Moli\u00e8re    <\/p><\/blockquote>\n<p class=\" wall-content\">Les cinq jeunes hommes sont l\u00e9g\u00e8rement bless\u00e9s. Ils ont \u00e9t\u00e9 pris en charge par les sapeurs-pompiers et transport\u00e9s pour des examens de contr\u00f4le vers l\u2019h\u00f4pital de Firminy.<\/p>\n<p>    <img   decoding=\"async\" loading=\"lazy\" src=\"https:\/\/www.europesays.com\/fr\/wp-content\/uploads\/2025\/08\/528433176-10241661156214248-1275479709983816131-n-926x640.jpg\" alt=\"Ils ont \u00e9t\u00e9 pris en charge par les sapeurs-pompiers et transport\u00e9s pour des examens de contr\u00f4le vers l\u2019h\u00f4pital de Firminy.\" width=\"926\" height=\"640\"\/><br \/>\n    Ils ont \u00e9t\u00e9 pris en charge par les sapeurs-pompiers et transport\u00e9s pour des examens de contr\u00f4le vers l\u2019h\u00f4pital de Firminy. (\u00a9Eric Berlivet \/ Maire de Roche-la-Moli\u00e8re)<\/p>\n<p class=\" wall-content\">Contact\u00e9e, la police confirme \u00eatre intervenue. Les relev\u00e9s d\u2019alcool\u00e9mie ou de stup\u00e9fiants n\u2019ont pas pu \u00eatre effectu\u00e9s sur place, les victimes \u00e9tant d\u00e9j\u00e0 \u00e0 l\u2019h\u00f4pital.<\/p>\n<p class=\" wall-content\">Ce que d\u00e9nonce le maire, ce sont les cons\u00e9quences de cet accident. Il \u00e9num\u00e8re\u2009:<\/p>\n<ul class=\" wall-content\">\n<li>un lampadaire d\u00e9truit<\/li>\n<li>poteau de signalisation arrach\u00e9<\/li>\n<li>arbre d\u00e9racin\u00e9 et infrastructure ab\u00eem\u00e9e<\/li>\n<li>v\u00e9hicule gravement endommag\u00e9 (airbags d\u00e9clench\u00e9s, chocs multiples)<\/li>\n<\/ul>\n<p>\u00ab\u2009Ces actes d\u2019incivilit\u00e9 ont un co\u00fbt\u2009: mobilier urbain, intervention des secours, agents mobilis\u00e9s\u2026\u2009\u00bb<\/p>\n<p class=\" wall-content\">\u00ab\u2009L\u2019intervention des pompiers, de la police et des agents municipaux a \u00e9t\u00e9 n\u00e9cessaire pendant plusieurs heures, de nuit (jusqu\u2019\u00e0 1 heure du matin), mobilisant des moyens humains et financiers consid\u00e9rables.\u2009\u00bb<\/p>\n<p class=\" wall-content\">\u00ab\u00a0La municipalit\u00e9 de Roche-la-Moli\u00e8re engage imm\u00e9diatement les d\u00e9marches n\u00e9cessaires pour obtenir le remboursement int\u00e9gral des d\u00e9g\u00e2ts caus\u00e9s par les contrevenants. Il est hors de question que les citoyens financent les cons\u00e9quences de comportements aussi irresponsables. Ces actes d\u2019incivilit\u00e9 ont un co\u00fbt\u2009: mobilier urbain, intervention des secours, agents mobilis\u00e9s\u2026 Les responsables devront en r\u00e9pondre financi\u00e8rement.<br \/><strong>Pas d\u2019impunit\u00e9<\/strong>\u2009!\u00a0\u00bb<\/p>\n<p class=\" wall-content\">Le maire nous confirme par t\u00e9l\u00e9phone que des proc\u00e9dures seront engag\u00e9es par la commune pour obtenir un remboursement.\u00a0<\/p>\n<p class=\" wall-content\">Suivez toute l\u2019actualit\u00e9 de vos villes et m\u00e9dias favoris en vous inscrivant \u00e0 <a href=\"https:\/\/moncompte.actu.fr\" title=\"D\u00e9couvez Mon Actu\" rel=\"nofollow noopener\" data-trk=\"{&quot;cta&quot;:{&quot;action&quot;:&quot;https:\\\/\\\/moncompte.actu.fr&quot;,&quot;category&quot;:&quot;mon compte&quot;,&quot;from&quot;:&quot;article footer&quot;,&quot;name&quot;:&quot;Mon actu&quot;,&quot;type&quot;:&quot;cta&quot;}}\" target=\"_blank\">Mon Actu<\/a>.<\/p>\n","protected":false},"excerpt":{"rendered":"Par Mathias Souteyrat Publi\u00e9 le 5 ao\u00fbt 2025 \u00e0 10h26 Dans la nuit du lundi\u00a04 au mardi 5\u00a0ao\u00fbt&hellip;\n","protected":false},"author":2,"featured_media":297705,"comment_status":"","ping_status":"","sticky":false,"template":"","format":"standard","meta":{"footnotes":""},"categories":[9653],"tags":[119,1111,11,2430,1777,674,118,1011,27,12,1311,25,4001],"class_list":{"0":"post-297704","1":"post","2":"type-post","3":"status-publish","4":"format-standard","5":"has-post-thumbnail","7":"category-saint-etienne","8":"tag-accident","9":"tag-actu","10":"tag-actualites","11":"tag-auvergne-rhone-alpes","12":"tag-eu","13":"tag-europe","14":"tag-faits-divers","15":"tag-fr","16":"tag-france","17":"tag-news","18":"tag-pompiers","19":"tag-republique-francaise","20":"tag-saint-etienne"},"share_on_mastodon":{"url":"https:\/\/pubeurope.com\/@fr\/114975355995302607","error":""},"_links":{"self":[{"href":"https:\/\/www.europesays.com\/fr\/wp-json\/wp\/v2\/posts\/297704","targetHints":{"allow":["GET"]}}],"collection":[{"href":"https:\/\/www.europesays.com\/fr\/wp-json\/wp\/v2\/posts"}],"about":[{"href":"https:\/\/www.europesays.com\/fr\/wp-json\/wp\/v2\/types\/post"}],"author":[{"embeddable":true,"href":"https:\/\/www.europesays.com\/fr\/wp-json\/wp\/v2\/users\/2"}],"replies":[{"embeddable":true,"href":"https:\/\/www.europesays.com\/fr\/wp-json\/wp\/v2\/comments?post=297704"}],"version-history":[{"count":0,"href":"https:\/\/www.europesays.com\/fr\/wp-json\/wp\/v2\/posts\/297704\/revisions"}],"wp:featuredmedia":[{"embeddable":true,"href":"https:\/\/www.europesays.com\/fr\/wp-json\/wp\/v2\/media\/297705"}],"wp:attachment":[{"href":"https:\/\/www.europesays.com\/fr\/wp-json\/wp\/v2\/media?parent=297704"}],"wp:term":[{"taxonomy":"category","embeddable":true,"href":"https:\/\/www.europesays.com\/fr\/wp-json\/wp\/v2\/categories?post=297704"},{"taxonomy":"post_tag","embeddable":true,"href":"https:\/\/www.europesays.com\/fr\/wp-json\/wp\/v2\/tags?post=297704"}],"curies":[{"name":"wp","href":"https:\/\/api.w.org\/{rel}","templated":true}]}}