{"id":297710,"date":"2025-08-05T09:08:14","date_gmt":"2025-08-05T09:08:14","guid":{"rendered":"https:\/\/www.europesays.com\/fr\/297710\/"},"modified":"2025-08-05T09:08:14","modified_gmt":"2025-08-05T09:08:14","slug":"la-tournee-ca-cest-le-sud-au-revest-les-eaux-ce-mardi-5-aout-05-08-2025-le-revest-les-eaux","status":"publish","type":"post","link":"https:\/\/www.europesays.com\/fr\/297710\/","title":{"rendered":"La Tourn\u00e9e \u00e7a c&rsquo;est le Sud au Revest-les-Eaux ce mardi 5 ao\u00fbt &#8211; 05\/08\/2025 &#8211; Le Revest-les-Eaux"},"content":{"rendered":"<p>ERICK BAERT \u2013 L\u2019HOMME AUX 100 VOIX&#13;<\/p>\n<p>On dit de lui qu\u2019il est \u00ab\u00a0Les Enfoir\u00e9s \u00e0 lui tout seul\u00a0\u00bb\u2026 et pour cause ! Erick Baert transcende l\u2019art de l\u2019imitation pour offrir un v\u00e9ritable spectacle o\u00f9 l\u2019humour, l\u2019\u00e9motion et la performance vocale fusionnent en un feu d\u2019artifice sonore.<br \/>Avec une aisance d\u00e9concertante, il jongle entre 100 voix, 100 styles, 100 l\u00e9gendes, incarnant avec une pr\u00e9cision bluffante les plus grands artistes de la sc\u00e8ne musicale. Plus qu\u2019un imitateur, il est un v\u00e9ritable cam\u00e9l\u00e9on vocal, un showman hors pair qui vous transporte d\u2019un univers \u00e0 l\u2019autre avec une \u00e9nergie incroyable.<\/p>\n<p>&#13;<\/p>\n<p>Un spectacle tout public, m\u00ealant musique, humour et performances \u00e9poustouflantes. Ne manquez pas cette exp\u00e9rience inoubliable o\u00f9 la magie op\u00e8re \u00e0 chaque note, chaque mimique, chaque \u00e9clat de rire. Venez vibrer, chanter, rire et \u00eatre \u00e9merveill\u00e9\u2026 Erick Baert vous promet une soir\u00e9e que vous n\u2019\u00eates pas pr\u00e8s d\u2019oublier !<\/p>\n<p>&#13;<br \/>\nLE CHOEUR DU SUD &#8211; UNE CHORALE PAS COMME LES AUTRES&#13;<\/p>\n<p>Avec plus de 7 000 choristes \u00e0 travers la France, Le Ch\u0153ur du Sud s\u2019impose aujourd\u2019hui comme la plus grande chorale d\u2019Europe ! Sous la direction du talentueux Frank Castellano, cette formidable aventure musicale repousse les limites du chant choral et r\u00e9unit des voix passionn\u00e9es autour d\u2019une \u00e9nergie exceptionnelle !<\/p>\n<p>&#13;<\/p>\n<p>Cette ann\u00e9e encore, Frank Castellano brille sur les plus belles sc\u00e8nes : il a fait chanter tout le Z\u00e9nith de Montpellier aux c\u00f4t\u00e9s des Enfoir\u00e9s, et il assure \u00e9galement la premi\u00e8re partie de La Tourn\u00e9e de Patrick Fiori. Un parcours remarquable pour ce chef de ch\u0153ur inspirant, qui transmet son amour de la musique avec g\u00e9n\u00e9rosit\u00e9 et \u00e9motion. Que vous soyez amateur ou passionn\u00e9, Le Ch\u0153ur du Sud vous emm\u00e8ne dans un tourbillon de m\u00e9lodies et d\u2019\u00e9motions\u2026<\/p>\n<p>&#13;<\/p>\n<p>21h\u00a0\u00a0Place J. Moulin<br \/>Gratuit<\/p>\n<p>&#13;<\/p>\n<p>\t\t\t\t&#13;<\/p>\n<p>\u00a0<\/p>\n","protected":false},"excerpt":{"rendered":"ERICK BAERT \u2013 L\u2019HOMME AUX 100 VOIX&#13; On dit de lui qu\u2019il est \u00ab\u00a0Les Enfoir\u00e9s \u00e0 lui tout&hellip;\n","protected":false},"author":2,"featured_media":297711,"comment_status":"","ping_status":"","sticky":false,"template":"","format":"standard","meta":{"footnotes":""},"categories":[9619],"tags":[1111,11,1777,674,1011,27,12,882,25,2310],"class_list":{"0":"post-297710","1":"post","2":"type-post","3":"status-publish","4":"format-standard","5":"has-post-thumbnail","7":"category-toulon","8":"tag-actu","9":"tag-actualites","10":"tag-eu","11":"tag-europe","12":"tag-fr","13":"tag-france","14":"tag-news","15":"tag-provence-alpes-cote-dazur","16":"tag-republique-francaise","17":"tag-toulon"},"share_on_mastodon":{"url":"https:\/\/pubeurope.com\/@fr\/114975375521168053","error":""},"_links":{"self":[{"href":"https:\/\/www.europesays.com\/fr\/wp-json\/wp\/v2\/posts\/297710","targetHints":{"allow":["GET"]}}],"collection":[{"href":"https:\/\/www.europesays.com\/fr\/wp-json\/wp\/v2\/posts"}],"about":[{"href":"https:\/\/www.europesays.com\/fr\/wp-json\/wp\/v2\/types\/post"}],"author":[{"embeddable":true,"href":"https:\/\/www.europesays.com\/fr\/wp-json\/wp\/v2\/users\/2"}],"replies":[{"embeddable":true,"href":"https:\/\/www.europesays.com\/fr\/wp-json\/wp\/v2\/comments?post=297710"}],"version-history":[{"count":0,"href":"https:\/\/www.europesays.com\/fr\/wp-json\/wp\/v2\/posts\/297710\/revisions"}],"wp:featuredmedia":[{"embeddable":true,"href":"https:\/\/www.europesays.com\/fr\/wp-json\/wp\/v2\/media\/297711"}],"wp:attachment":[{"href":"https:\/\/www.europesays.com\/fr\/wp-json\/wp\/v2\/media?parent=297710"}],"wp:term":[{"taxonomy":"category","embeddable":true,"href":"https:\/\/www.europesays.com\/fr\/wp-json\/wp\/v2\/categories?post=297710"},{"taxonomy":"post_tag","embeddable":true,"href":"https:\/\/www.europesays.com\/fr\/wp-json\/wp\/v2\/tags?post=297710"}],"curies":[{"name":"wp","href":"https:\/\/api.w.org\/{rel}","templated":true}]}}