{"id":297718,"date":"2025-08-05T09:18:12","date_gmt":"2025-08-05T09:18:12","guid":{"rendered":"https:\/\/www.europesays.com\/fr\/297718\/"},"modified":"2025-08-05T09:18:12","modified_gmt":"2025-08-05T09:18:12","slug":"le-four-crematoire-prend-feu-au-crematorium-les-pompiers-interviennent","status":"publish","type":"post","link":"https:\/\/www.europesays.com\/fr\/297718\/","title":{"rendered":"le four cr\u00e9matoire prend feu au cr\u00e9matorium, les pompiers interviennent"},"content":{"rendered":"<p>            Par<br \/>\n        <strong><br \/>\n            <a href=\"https:\/\/actu.fr\/auteur\/laurene-fertin\" title=\"Consulter tous les articles de Laur\u00e8ne Fertin\" rel=\"nofollow noopener\" target=\"_blank\">Laur\u00e8ne Fertin<\/a><br \/>\n        <\/strong><\/p>\n<p>        Publi\u00e9 le<\/p>\n<p>            5 ao\u00fbt 2025 \u00e0 10h12        <\/p>\n<p>Lundi 4 ao\u00fbt 2025, <strong>un d\u00e9part de<\/strong> <b>feu <\/b>s\u2019est d\u00e9clar\u00e9 dans le <strong>cr\u00e9matorium<\/strong> de la commune de <strong>Vern-sur-Seiche,<\/strong> pr\u00e8s de Rennes (Ille-et-Vilaine), indique le service presse du groupe Funecap, contact\u00e9 par la r\u00e9daction d\u2019<a href=\"https:\/\/actu.fr\/rennes\/\" rel=\"nofollow noopener\" target=\"_blank\">actu Rennes<\/a>.<\/p>\n<p>L\u2019appareil \u00e0 cr\u00e9mation concern\u00e9<\/p>\n<p class=\" wall-content\">Les faits se sont d\u00e9roul\u00e9s<strong> en d\u00e9but d\u2019apr\u00e8s-midi<\/strong>, peu avant 15h. \u00ab\u2009L\u2019intervention rapide des <strong>sapeurs-pompiers<\/strong> a permis de ma\u00eetriser le d\u00e9part de feu et de s\u00e9curiser le b\u00e2timent\u2009\u00bb, indique le service presse.<\/p>\n<p class=\" wall-content\">Selon les informations communiqu\u00e9es, le d\u00e9but d\u2019incendie s\u2019est d\u00e9clar\u00e9 <strong>au niveau de l\u2019appareil \u00e0 cr\u00e9mation<\/strong>.<\/p>\n<blockquote class=\"ac-article-quote wall-content\">\n<p>Un diagnostic sera r\u00e9alis\u00e9 afin de d\u00e9terminer la cause de cet incident.\n<\/p>\n<p>    <strong>Service presse du groupe Funecap <\/strong>\n            <\/p><\/blockquote>\n<p>C\u00e9r\u00e9monies et cr\u00e9mations assur\u00e9es<\/p>\n<p class=\" wall-content\">Pour le moment, le four cr\u00e9matoire n\u2019est <strong>pas fonctionnel.<\/strong><\/p>\n<p class=\" wall-content\">Toutefois, le cr\u00e9matorium continuera de recevoir du public. C\u00e9r\u00e9monies et cr\u00e9mations seront maintenues gr\u00e2ce \u00e0 l\u2019utilisation <strong>d\u2019un second appareil,<\/strong> \u00ab\u2009parfaitement fonctionnel\u2009\u00bb.<\/p>\n<p class=\" wall-content\">Suivez toute l\u2019actualit\u00e9 de vos villes et m\u00e9dias favoris en vous inscrivant \u00e0 <a href=\"https:\/\/moncompte.actu.fr\" title=\"D\u00e9couvez Mon Actu\" rel=\"nofollow noopener\" data-trk=\"{&quot;cta&quot;:{&quot;action&quot;:&quot;https:\\\/\\\/moncompte.actu.fr&quot;,&quot;category&quot;:&quot;mon compte&quot;,&quot;from&quot;:&quot;article footer&quot;,&quot;name&quot;:&quot;Mon actu&quot;,&quot;type&quot;:&quot;cta&quot;}}\" target=\"_blank\">Mon Actu<\/a>.<\/p>\n","protected":false},"excerpt":{"rendered":"Par Laur\u00e8ne Fertin Publi\u00e9 le 5 ao\u00fbt 2025 \u00e0 10h12 Lundi 4 ao\u00fbt 2025, un d\u00e9part de feu&hellip;\n","protected":false},"author":2,"featured_media":297719,"comment_status":"","ping_status":"","sticky":false,"template":"","format":"standard","meta":{"footnotes":""},"categories":[2821],"tags":[1111,11,829,1777,674,118,1011,27,1310,12,584,25],"class_list":{"0":"post-297718","1":"post","2":"type-post","3":"status-publish","4":"format-standard","5":"has-post-thumbnail","7":"category-rennes","8":"tag-actu","9":"tag-actualites","10":"tag-bretagne","11":"tag-eu","12":"tag-europe","13":"tag-faits-divers","14":"tag-fr","15":"tag-france","16":"tag-incendie","17":"tag-news","18":"tag-rennes","19":"tag-republique-francaise"},"share_on_mastodon":{"url":"https:\/\/pubeurope.com\/@fr\/114975414911006576","error":""},"_links":{"self":[{"href":"https:\/\/www.europesays.com\/fr\/wp-json\/wp\/v2\/posts\/297718","targetHints":{"allow":["GET"]}}],"collection":[{"href":"https:\/\/www.europesays.com\/fr\/wp-json\/wp\/v2\/posts"}],"about":[{"href":"https:\/\/www.europesays.com\/fr\/wp-json\/wp\/v2\/types\/post"}],"author":[{"embeddable":true,"href":"https:\/\/www.europesays.com\/fr\/wp-json\/wp\/v2\/users\/2"}],"replies":[{"embeddable":true,"href":"https:\/\/www.europesays.com\/fr\/wp-json\/wp\/v2\/comments?post=297718"}],"version-history":[{"count":0,"href":"https:\/\/www.europesays.com\/fr\/wp-json\/wp\/v2\/posts\/297718\/revisions"}],"wp:featuredmedia":[{"embeddable":true,"href":"https:\/\/www.europesays.com\/fr\/wp-json\/wp\/v2\/media\/297719"}],"wp:attachment":[{"href":"https:\/\/www.europesays.com\/fr\/wp-json\/wp\/v2\/media?parent=297718"}],"wp:term":[{"taxonomy":"category","embeddable":true,"href":"https:\/\/www.europesays.com\/fr\/wp-json\/wp\/v2\/categories?post=297718"},{"taxonomy":"post_tag","embeddable":true,"href":"https:\/\/www.europesays.com\/fr\/wp-json\/wp\/v2\/tags?post=297718"}],"curies":[{"name":"wp","href":"https:\/\/api.w.org\/{rel}","templated":true}]}}