{"id":297720,"date":"2025-08-05T09:19:16","date_gmt":"2025-08-05T09:19:16","guid":{"rendered":"https:\/\/www.europesays.com\/fr\/297720\/"},"modified":"2025-08-05T09:19:16","modified_gmt":"2025-08-05T09:19:16","slug":"un-ancien-crack-du-srfc-genere-une-offre-xxl-en-premier-league","status":"publish","type":"post","link":"https:\/\/www.europesays.com\/fr\/297720\/","title":{"rendered":"Un ancien crack du SRFC g\u00e9n\u00e8re une offre XXL en Premier League !"},"content":{"rendered":"<p>                                            Publi\u00e9 le 05\/08\/2025 \u00e0 07h51<br \/>\n                                                                                3 minutes de lecture\n                                                                    <\/p>\n<p>F\u00e9ru de sport et plus particuli\u00e8rement de ballon rond depuis ma plus tendre enfance.<\/p>\n<p>                                            Lire la suite<\/p>\n<p>Le mercato estival bat son plein et <strong>Lo\u00efc Bad\u00e9<\/strong> se retrouve au c\u0153ur d\u00a0\u00bbune bataille acharn\u00e9e entre plusieurs clubs europ\u00e9ens de renom. Le d\u00e9fenseur fran\u00e7ais de <strong>25 ans<\/strong>, \u00e9voluant actuellement \u00e0 S\u00e9ville, fait l&rsquo;objet d&rsquo;une convoitise exceptionnelle qui t\u00e9moigne de ses qualit\u00e9s reconnues sur la sc\u00e8ne internationale. Cette situation particuli\u00e8rement favorable pour le joueur illustre parfaitement la dynamique du march\u00e9 des transferts o\u00f9 les profils polyvalents et exp\u00e9riment\u00e9s sont particuli\u00e8rement recherch\u00e9s. L&rsquo;int\u00e9r\u00eat multiple dont b\u00e9n\u00e9ficie le d\u00e9fenseur central r\u00e9v\u00e8le \u00e9galement l&rsquo;\u00e9volution strat\u00e9gique des clubs qui privil\u00e9gient d\u00e9sormais des investissements cibl\u00e9s sur des joueurs confirm\u00e9s plut\u00f4t que sur de jeunes espoirs. Cette effervescence autour de Bad\u00e9 s&rsquo;inscrit dans un contexte o\u00f9 les d\u00e9fenseurs centraux de qualit\u00e9 se font de plus en plus rares sur le march\u00e9.<\/p>\n<p>                                <img decoding=\"async\" src=\"https:\/\/www.europesays.com\/fr\/wp-content\/uploads\/2025\/04\/1744123449_543_logo.png\" alt=\"Logo\"\/><\/p>\n<p>100\u20ac offerts sur ton 1er pari !<\/p>\n<p>                            <a href=\"https:\/\/bit.ly\/4j5wl4k\" class=\"headband-button\" rel=\"nofollow noopener\" target=\"_blank\">J&rsquo;en profite<\/a><\/p>\n<p>                                                                <img loading=\"lazy\" decoding=\"async\" src=\"https:\/\/www.europesays.com\/fr\/wp-content\/uploads\/2025\/08\/mercato-rennes-un-ancien-crack-du-srfc-genere-une-offre-xxl-en-premier-league.jpg\" alt=\"Illustration : &quot;Mercato Rennes : Un ancien crack du SRFC g\u00e9n\u00e8re une offre XXL en Premier League !&quot;\" class=\"figure-img img-fluid\" width=\"780\" height=\"478\"\/><\/p>\n<p>                                    \u00a9 Site officiel du Stade Rennais                                <\/p>\n<p>Bournemouth en pole position avec une offre concr\u00e8te<\/p>\n<p>La formation anglaise de <strong>Bournemouth<\/strong> a pris une longueur d&rsquo;avance significative dans ce dossier complexe en formulant une proposition financi\u00e8re particuli\u00e8rement attractive. Les dirigeants des Cherries ont r\u00e9ussi \u00e0 conclure <strong>un accord avec S\u00e9ville pour un montant d&rsquo;environ 30 millions d&rsquo;euros<\/strong>, d\u00e9montrant ainsi leur d\u00e9termination \u00e0 s&rsquo;attacher les services du d\u00e9fenseur fran\u00e7ais. Cette somme consid\u00e9rable refl\u00e8te la valeur marchande actuelle de Bad\u00e9 et l&rsquo;estimation que font les recruteurs de son potentiel d&rsquo;adaptation au championnat anglais. Cependant, malgr\u00e9 cet accord entre les deux clubs, un obstacle majeur subsiste dans la finalisation de cette transaction. Le principal concern\u00e9 ne semble pas totalement convaincu par cette destination, ce qui complique consid\u00e9rablement les n\u00e9gociations et ouvre la porte \u00e0 d&rsquo;autres pr\u00e9tendants. Cette r\u00e9ticence du joueur illustre l&rsquo;importance croissante de l&rsquo;adh\u00e9sion personnelle dans les transferts modernes, o\u00f9 l&rsquo;aspect sportif prime souvent sur les consid\u00e9rations purement financi\u00e8res.<\/p>\n<p>Une concurrence f\u00e9roce men\u00e9e par Sunderland et le Bayer Leverkusen<\/p>\n<p>Face aux h\u00e9sitations de Bad\u00e9 concernant Bournemouth, <strong>Sunderland<\/strong> s&rsquo;est positionn\u00e9 comme un concurrent redoutable en faisant du d\u00e9fenseur fran\u00e7ais <strong>sa priorit\u00e9 absolue<\/strong> pour ce mercato estival. Les Black Cats, qui affichent un app\u00e9tit d&rsquo;ogre sur le mercato, multiplient les efforts pour convaincre le joueur de rejoindre leurs rangs et semblent d\u00e9termin\u00e9s \u00e0 investir massivement pour renforcer leur secteur d\u00e9fensif. Cette approche agressive sur le march\u00e9 des transferts t\u00e9moigne des ambitions \u00e9lev\u00e9es du club anglais pour la saison \u00e0 venir. Parall\u00e8lement, <strong>le Bayer Leverkusen<\/strong> a \u00e9galement manifest\u00e9 un int\u00e9r\u00eat marqu\u00e9 pour le profil du Fran\u00e7ais, ajoutant une dimension europ\u00e9enne \u00e0 cette course effr\u00e9n\u00e9e. Le club allemand, pensionnaire de Bundesliga, <strong>appr\u00e9cie particuli\u00e8rement les qualit\u00e9s<\/strong> du d\u00e9fenseur de 25 ans et pourrait repr\u00e9senter une alternative s\u00e9duisante pour un joueur en qu\u00eate d&rsquo;un projet sportif ambitieux. Cette multiplicit\u00e9 des pr\u00e9tendants place Bad\u00e9 dans une position de force pour n\u00e9gocier les meilleures conditions possibles.<\/p>\n<p>Un d\u00e9nouement attendu dans les prochaines semaines<\/p>\n<p>La situation actuelle laisse pr\u00e9sager un d\u00e9nouement imminent dans ce feuilleton estival qui passionne les observateurs du mercato. <strong>Les prochaines semaines<\/strong> s&rsquo;annoncent d\u00e9cisives pour tous les clubs impliqu\u00e9s dans cette course au recrutement du d\u00e9fenseur s\u00e9villan. Chaque formation devra redoubler d&rsquo;efforts et d&rsquo;arguments pour convaincre Bad\u00e9 de faire le choix de leur projet sportif respectif. L&rsquo;issue de cette bataille r\u00e9v\u00e9lera \u00e9galement les v\u00e9ritables ambitions et capacit\u00e9s financi\u00e8res des diff\u00e9rents pr\u00e9tendants, dans un contexte o\u00f9 la concurrence s&rsquo;intensifie constamment sur le march\u00e9 des transferts europ\u00e9ens.<\/p>\n<p>Vendredi 15 ao\u00fbt, la Ligue 1 reprend ses droits avec un choc entre le Stade Rennais et l\u2019Olympique de Marseille au Roazhon Park. \u00c0 cette occasion, profitez de 100\u20ac offerts pour votre premi\u00e8re inscription sur Parions Sport en Ligne. <a href=\"http:\/\/bit.ly\/4hgs1yE\" rel=\"nofollow noopener\" target=\"_blank\"><strong>Une victoire du Stade Rennais devant son public face \u00e0 l\u2019OM vous rapporte jusqu\u2019\u00e0 315\u20ac !<\/strong><\/a><\/p>\n<p><strong>Pour en profiter, c\u2019est tr\u00e8s simple :<\/strong><\/p>\n<p>&#8211;                  Cr\u00e9ez votre compte joueur en seulement 2 \u00e9tapes <a href=\"http:\/\/bit.ly\/4hgs1yE\" rel=\"nofollow noopener\" target=\"_blank\"><strong>ici<\/strong><\/a><\/p>\n<p>&#8211;                  R\u00e9alisez votre 1er d\u00e9p\u00f4t puis placez votre 1er pari (Minimum 5\u20ac)<\/p>\n<p>&#8211;                  Une fois votre 1er d\u00e9p\u00f4t et votre 1er pari r\u00e9alis\u00e9s, l\u2019int\u00e9gralit\u00e9 du montant de ce 1er pari sera cr\u00e9dit\u00e9e sur votre compte joueur dans la limite de 100\u20ac maximum et sous la forme de cr\u00e9dits de jeu non retirables. Le cr\u00e9dit s\u2019effectuera alors en une seule \u00e9tape et sous 3 jours<\/p>\n<p>Jouer comporte des risques : endettement, d\u00e9pendance\u2026 Appelez le 09 74 75 13 13 (appel non surtax\u00e9)<\/p>\n","protected":false},"excerpt":{"rendered":"Publi\u00e9 le 05\/08\/2025 \u00e0 07h51 3 minutes de lecture F\u00e9ru de sport et plus particuli\u00e8rement de ballon rond&hellip;\n","protected":false},"author":2,"featured_media":297721,"comment_status":"","ping_status":"","sticky":false,"template":"","format":"standard","meta":{"footnotes":""},"categories":[2821],"tags":[1111,11,829,1777,674,1011,27,12,584,25],"class_list":{"0":"post-297720","1":"post","2":"type-post","3":"status-publish","4":"format-standard","5":"has-post-thumbnail","7":"category-rennes","8":"tag-actu","9":"tag-actualites","10":"tag-bretagne","11":"tag-eu","12":"tag-europe","13":"tag-fr","14":"tag-france","15":"tag-news","16":"tag-rennes","17":"tag-republique-francaise"},"share_on_mastodon":{"url":"https:\/\/pubeurope.com\/@fr\/114975418805017057","error":""},"_links":{"self":[{"href":"https:\/\/www.europesays.com\/fr\/wp-json\/wp\/v2\/posts\/297720","targetHints":{"allow":["GET"]}}],"collection":[{"href":"https:\/\/www.europesays.com\/fr\/wp-json\/wp\/v2\/posts"}],"about":[{"href":"https:\/\/www.europesays.com\/fr\/wp-json\/wp\/v2\/types\/post"}],"author":[{"embeddable":true,"href":"https:\/\/www.europesays.com\/fr\/wp-json\/wp\/v2\/users\/2"}],"replies":[{"embeddable":true,"href":"https:\/\/www.europesays.com\/fr\/wp-json\/wp\/v2\/comments?post=297720"}],"version-history":[{"count":0,"href":"https:\/\/www.europesays.com\/fr\/wp-json\/wp\/v2\/posts\/297720\/revisions"}],"wp:featuredmedia":[{"embeddable":true,"href":"https:\/\/www.europesays.com\/fr\/wp-json\/wp\/v2\/media\/297721"}],"wp:attachment":[{"href":"https:\/\/www.europesays.com\/fr\/wp-json\/wp\/v2\/media?parent=297720"}],"wp:term":[{"taxonomy":"category","embeddable":true,"href":"https:\/\/www.europesays.com\/fr\/wp-json\/wp\/v2\/categories?post=297720"},{"taxonomy":"post_tag","embeddable":true,"href":"https:\/\/www.europesays.com\/fr\/wp-json\/wp\/v2\/tags?post=297720"}],"curies":[{"name":"wp","href":"https:\/\/api.w.org\/{rel}","templated":true}]}}