{"id":297722,"date":"2025-08-05T09:21:23","date_gmt":"2025-08-05T09:21:23","guid":{"rendered":"https:\/\/www.europesays.com\/fr\/297722\/"},"modified":"2025-08-05T09:21:23","modified_gmt":"2025-08-05T09:21:23","slug":"ces-habitants-du-bas-rhin-ne-doivent-plus-boire-leau-du-robinet-voici-les-communes-concernees","status":"publish","type":"post","link":"https:\/\/www.europesays.com\/fr\/297722\/","title":{"rendered":"Ces habitants du Bas-Rhin ne doivent plus boire l&rsquo;eau du robinet : voici les communes\u00a0concern\u00e9es"},"content":{"rendered":"<p>            Par<br \/>\n        <strong><br \/>\n            <a href=\"https:\/\/actu.fr\/auteur\/redaction-strasbourg\" title=\"Consulter tous les articles de R\u00e9daction Strasbourg\" rel=\"nofollow noopener\" target=\"_blank\">R\u00e9daction Strasbourg<\/a><br \/>\n        <\/strong><\/p>\n<p>        Publi\u00e9 le<\/p>\n<p>            4 ao\u00fbt 2025 \u00e0 17h07        <\/p>\n<p>Apr\u00e8s la d\u00e9couverte d\u2019une <strong>bact\u00e9rie<\/strong>, le Syndicat des Eaux et de l\u2019Assainissement Alsace-Moselle (SDEA) a invit\u00e9 vendredi 31 juillet les habitants de<strong> sept communes<\/strong> du <a href=\"https:\/\/actu.fr\/strasbourg\/\" rel=\"nofollow noopener\" target=\"_blank\">Bas-Rhin<\/a> \u00e0 <strong>ne pas consommer l\u2019eau du robinet<\/strong>. Une restriction de consommation de <a href=\"https:\/\/actu.fr\/tag\/eau-potable\" rel=\"nofollow noopener\" target=\"_blank\">l\u2019eau potable<\/a> qui concerne environ <strong>3\u2009500\u00a0personnes.<\/strong><\/p>\n<p class=\" wall-content\">La restriction, d\u2019une <strong>dur\u00e9e ind\u00e9termin\u00e9e,<\/strong> ne pourra \u00eatre lev\u00e9e qu\u2019apr\u00e8s de nouvelles analyses de l\u2019Agence r\u00e9gionale de sant\u00e9 (ARS).<\/p>\n<p>Une d\u00e9gradation de la qualit\u00e9 de l\u2019eau constat\u00e9e par l\u2019ARS<\/p>\n<p class=\" wall-content\">Une \u00ab\u2009d\u00e9gradation de la qualit\u00e9 de l\u2019eau\u2009\u00bb, dont l\u2019origine n\u2019a pas \u00e9t\u00e9 pr\u00e9cis\u00e9e, a \u00e9t\u00e9 mise en \u00e9vidence par une <strong>analyse de contr\u00f4le sanitaire<\/strong> r\u00e9glementaire de l\u2019Agence R\u00e9gionale de Sant\u00e9 (ARS).<\/p>\n<p class=\" wall-content\">Elle est localis\u00e9e sur l\u2019ouvrage de production d\u2019eau de Waldhambach, d\u00e9taille dans un communiqu\u00e9 la SDEA, en charge de la gestion de l\u2019eau de plusieurs communes.<\/p>\n<p>Les communes concern\u00e9es par les restrictions<\/p>\n<p class=\" wall-content\">L\u2019ouvrage de Waldhambach alimente le r\u00e9seau de distribution d\u2019eau potable des communes de <strong>V\u0153llerdingen<\/strong>, <strong>Mackwiller<\/strong>, <strong>Domfessel<\/strong>, <strong>Waldhambach<\/strong> et <strong>Lorentzen<\/strong> et d\u2019une partie de <strong>Diemeringen<\/strong> et de <strong>Butten<\/strong>. Ce sont ces communes qui font donc face aux restrictions de consommation pour une dur\u00e9e ind\u00e9termin\u00e9e.<\/p>\n<p class=\" wall-content\">\u00c0 <strong>Diemeringen<\/strong>, seules les rues suivantes sont concern\u00e9es par la restriction de consommation\u2009:<\/p>\n<ul class=\" wall-content\">\n<li>Rue de l\u2019Etang \u00e0 partir du n\u00b0 11a et plus<\/li>\n<li>Rue des Lilas<\/li>\n<li>Rue des Muguets<\/li>\n<li>Rue des Roses<\/li>\n<li>Rue des Dahlias<\/li>\n<li>Rue des Tulipes<\/li>\n<li>Rue des Primev\u00e8res<\/li>\n<li>Rue des Peupliers<\/li>\n<li>Rue des Pr\u00e9s<\/li>\n<li>Rue des Noyers<\/li>\n<li>Rue des Erables<\/li>\n<li>Rue des Violettes<\/li>\n<li>Rue des An\u00e9mones<\/li>\n<li>Rue des Iris<\/li>\n<li>Rue des Jonquilles<\/li>\n<li>Rue des Mimosas<\/li>\n<li>Rue des Pens\u00e9es<\/li>\n<li>Route de Durstel<\/li>\n<li>Route de Mackwiller<\/li>\n<li>Rue des Glaci\u00e8res<\/li>\n<li>Impasse des Glaci\u00e8res<\/li>\n<li>Rue des Vignes<\/li>\n<li>Rue des Romains<\/li>\n<li>Rue Tiergarten<\/li>\n<li>ZI Tiergarten<\/li>\n<li>Grand\u2019Rue\u2009: les num\u00e9ros impairs du 87 au 115 inclus<\/li>\n<\/ul>\n<p class=\" wall-content\">\u00c0 <strong>Butten<\/strong>, les restrictions concernent toute la commune sauf\u2009:<\/p>\n<ul class=\" wall-content\">\n<li>Impasse Bischel<\/li>\n<li>Rue Neuve<\/li>\n<li>Rue des Cerisiers<\/li>\n<li>Rue des Pommiers<\/li>\n<li>Impasse des Vergers<\/li>\n<\/ul>\n<p>Faire bouillir l\u2019eau du robinet pour se brosser les dents<\/p>\n<p class=\" wall-content\">Consommer une eau impropre peut, selon le syndicat, engendrer <strong>des troubles digestifs<\/strong> chez les personnes les plus fragiles.<\/p>\n<p class=\" wall-content\">Durant la p\u00e9riode de restriction d\u2019usage et \u00ab\u2009par mesure de pr\u00e9caution\u2009\u00bb, la SDEA demande ainsi aux habitants des communes concern\u00e9es <strong>ne pas boire l\u2019eau du robinet et de ne pas pr\u00e9parer des aliments ou ni de se brosser les dents<\/strong> <strong>sans avoir fait bouillir l\u2019eau<\/strong> pendant au moins cinq minutes.<\/p>\n<p class=\" wall-content\">Suivez toute l\u2019actualit\u00e9 de vos villes et m\u00e9dias favoris en vous inscrivant \u00e0 <a href=\"https:\/\/moncompte.actu.fr\" title=\"D\u00e9couvez Mon Actu\" rel=\"nofollow noopener\" data-trk=\"{&quot;cta&quot;:{&quot;action&quot;:&quot;https:\\\/\\\/moncompte.actu.fr&quot;,&quot;category&quot;:&quot;mon compte&quot;,&quot;from&quot;:&quot;article footer&quot;,&quot;name&quot;:&quot;Mon actu&quot;,&quot;type&quot;:&quot;cta&quot;}}\" target=\"_blank\">Mon Actu<\/a>.<\/p>\n","protected":false},"excerpt":{"rendered":"Par R\u00e9daction Strasbourg Publi\u00e9 le 4 ao\u00fbt 2025 \u00e0 17h07 Apr\u00e8s la d\u00e9couverte d\u2019une bact\u00e9rie, le Syndicat des&hellip;\n","protected":false},"author":2,"featured_media":297723,"comment_status":"","ping_status":"","sticky":false,"template":"","format":"standard","meta":{"footnotes":""},"categories":[2820],"tags":[1111,11,9746,1777,674,1011,27,775,12,25,71,104,640],"class_list":{"0":"post-297722","1":"post","2":"type-post","3":"status-publish","4":"format-standard","5":"has-post-thumbnail","7":"category-strasbourg","8":"tag-actu","9":"tag-actualites","10":"tag-eau-potable","11":"tag-eu","12":"tag-europe","13":"tag-fr","14":"tag-france","15":"tag-grand-est","16":"tag-news","17":"tag-republique-francaise","18":"tag-sante","19":"tag-societe","20":"tag-strasbourg"},"share_on_mastodon":{"url":"https:\/\/pubeurope.com\/@fr\/114975426691617196","error":""},"_links":{"self":[{"href":"https:\/\/www.europesays.com\/fr\/wp-json\/wp\/v2\/posts\/297722","targetHints":{"allow":["GET"]}}],"collection":[{"href":"https:\/\/www.europesays.com\/fr\/wp-json\/wp\/v2\/posts"}],"about":[{"href":"https:\/\/www.europesays.com\/fr\/wp-json\/wp\/v2\/types\/post"}],"author":[{"embeddable":true,"href":"https:\/\/www.europesays.com\/fr\/wp-json\/wp\/v2\/users\/2"}],"replies":[{"embeddable":true,"href":"https:\/\/www.europesays.com\/fr\/wp-json\/wp\/v2\/comments?post=297722"}],"version-history":[{"count":0,"href":"https:\/\/www.europesays.com\/fr\/wp-json\/wp\/v2\/posts\/297722\/revisions"}],"wp:featuredmedia":[{"embeddable":true,"href":"https:\/\/www.europesays.com\/fr\/wp-json\/wp\/v2\/media\/297723"}],"wp:attachment":[{"href":"https:\/\/www.europesays.com\/fr\/wp-json\/wp\/v2\/media?parent=297722"}],"wp:term":[{"taxonomy":"category","embeddable":true,"href":"https:\/\/www.europesays.com\/fr\/wp-json\/wp\/v2\/categories?post=297722"},{"taxonomy":"post_tag","embeddable":true,"href":"https:\/\/www.europesays.com\/fr\/wp-json\/wp\/v2\/tags?post=297722"}],"curies":[{"name":"wp","href":"https:\/\/api.w.org\/{rel}","templated":true}]}}