{"id":297728,"date":"2025-08-05T09:24:11","date_gmt":"2025-08-05T09:24:11","guid":{"rendered":"https:\/\/www.europesays.com\/fr\/297728\/"},"modified":"2025-08-05T09:24:11","modified_gmt":"2025-08-05T09:24:11","slug":"bricolage-camping-jeux-et-si-on-louait-les-objets-sur-cette-appli-au-lieu-dacheter","status":"publish","type":"post","link":"https:\/\/www.europesays.com\/fr\/297728\/","title":{"rendered":"Bricolage, camping, jeux\u2026 Et si on louait les objets sur cette appli au lieu d&rsquo;acheter\u00a0?"},"content":{"rendered":"<p>            Par<br \/>\n        <strong><br \/>\n            <a href=\"https:\/\/actu.fr\/auteur\/emma-derome\" title=\"Consulter tous les articles de Emma Derome\" target=\"_blank\" rel=\"noopener\">Emma Derome<\/a><br \/>\n        <\/strong><\/p>\n<p>        Publi\u00e9 le<\/p>\n<p>            5 ao\u00fbt 2025 \u00e0 10h39        <\/p>\n<p>Quelques jours avant son d\u00e9part en vacances, S\u00e9bastien a enfin rassembl\u00e9 tout ce qu\u2019il faut dans son sac de randonn\u00e9e. S\u2019il avait d\u00e9j\u00e0 la tente ou encore le matelas de camping, il lui manquait des b\u00e2tons de marche et quelques accessoires.<\/p>\n<p class=\" wall-content\">Au lieu de les acheter, ce Nantais les a lou\u00e9s \u00e0 un particulier gr\u00e2ce \u00e0 <strong>une nouvelle application\u00a0d\u00e9sormais disponible \u00e0 Nantes<\/strong>, appel\u00e9e <a href=\"https:\/\/www.wearepoppins.com\/fr\" target=\"_blank\" rel=\"noopener\"><strong>Poppins<\/strong><\/a>.<\/p>\n<p>Du bricolage du dimanche aux loisirs des vacances<\/p>\n<p class=\" wall-content\">Vous avez s\u00fbrement d\u00e9j\u00e0 fait du <a href=\"https:\/\/actu.fr\/pays-de-la-loire\/clisson_44043\/cest-quoi-ce-covoiturage-dynamique-qui-doit-demarrer-en-2026-entre-remouille-et-nantes_62977637.html\" target=\"_blank\" rel=\"noopener\">covoiturage<\/a> avec BlaBlaCar, achet\u00e9 un t\u00e9l\u00e9phone reconditionn\u00e9 sur <a href=\"https:\/\/actu.fr\/societe\/des-prix-anormalement-bas-back-market-accuse-cdiscount-de-vendre-des-smartphones-lies-a-la-fraude-a-la-tva_61854250.html\" target=\"_blank\" rel=\"noopener\">Back Market<\/a>, ou envisag\u00e9 de r\u00e9cup\u00e9rer des viennoiseries ou des l\u00e9gumes qui allaient \u00eatre gaspill\u00e9s gr\u00e2ce \u00e0 Too Good To Go. Ces trois applications sont parvenues \u00e0 transformer nos usages, \u00e0 nous rendre plus \u00ab\u2009\u00e9colos\u2009\u00bb, tout en faisant sourire notre porte-monnaie.<\/p>\n<p class=\" wall-content\">C\u2019est justement<strong> l\u2019ambition de Lucie Basch<\/strong>, \u00e0 l\u2019origine de l\u2019entreprise <a href=\"https:\/\/actu.fr\/pays-de-la-loire\/challans_85047\/tout-ce-quon-fait-a-ete-formalise-un-label-antigaspi-pour-ce-supermarche-de-vendee_62888622.html\" target=\"_blank\" rel=\"noopener\">anti-gaspi<\/a>, et aid\u00e9e par les t\u00eates pensantes de ces deux autres applis incontournables\u2009: faire de m\u00eame avec <a href=\"https:\/\/www.wearepoppins.com\/fr\" target=\"_blank\" rel=\"noopener\">Poppins<\/a>, <strong>un service d\u00e9di\u00e9 \u00e0 la location entre particuliers<\/strong>, avec pour objectif de remettre en circulation les<strong> millions d\u2019objets inutilis\u00e9s<\/strong>\u00a0cach\u00e9s dans nos placards.<\/p>\n<p class=\" wall-content\"><strong>Taille-haie, shampouineuse, v\u00e9lo-cargo, si\u00e8ge auto pour enfant, livres ou encore appareil \u00e0 fondue<\/strong>\u2026 En ouvrant l\u2019application g\u00e9olocalis\u00e9e \u00e0 Nantes, nous avons trouv\u00e9 toutes sortes d\u2019objets disponibles. Leur propri\u00e9taire ne souhaite pas forc\u00e9ment les vendre, mais propose de les louer pour diff\u00e9rents prix \u00e0 la journ\u00e9e, ou de les mettre \u00e0 disposition gratuitement.<\/p>\n<p class=\" wall-content\">S\u00e9bastien a d\u00e9j\u00e0 pr\u00eat\u00e9 contre quelques euros plusieurs de ses propres affaires gr\u00e2ce \u00e0 Poppins, qu\u2019il utilise depuis quelques mois. \u00ab\u2009J\u2019ai lou\u00e9 mon tapis de sol ultra l\u00e9ger qui me sert pour partir en bivouac \u00e0 v\u00e9lo. Je l\u2019ai achet\u00e9 assez cher, et je ne m\u2019en sers pas tous les week-ends. Donc <strong>je suis content qu\u2019il puisse servir \u00e0 d\u2019autres<\/strong>\u2009\u00bb, nous explique-t-il, enthousiaste \u00e0 l\u2019id\u00e9e que sa consommation puisse avoir un moindre impact sur l\u2019environnement.<\/p>\n<blockquote class=\"ac-article-quote wall-content\">\n<p>\u00ab\u00a0Le r\u00e9flexe, c&rsquo;est toujours d&rsquo;acheter, plut\u00f4t que de voir si un voisin ne peut pas nous d\u00e9panner. Et c&rsquo;est dommage, alors qu&rsquo;on pourrait aussi faire des rencontres au bout de notre rue par ce biais-l\u00e0.\u00a0\u00bb\u00a0<\/p>\n<p>    <strong>S\u00e9bastien, utilisateur de Poppins<\/strong>\n            <\/p><\/blockquote>\n<p>12\u00a0minutes\u2009: le temps de vie d\u2019une perceuse<\/p>\n<p class=\" wall-content\"><strong>\u00ab\u2009On stocke en moyenne 2,5 tonnes d\u2019\u00e9quipement chez nous\u2009\u00bb<\/strong>, rench\u00e9rit\u00a0la cofondatrice de l\u2019appli, Lucie Basch. \u00ab\u2009\u00c7a veut dire qu\u2019on a tous d\u00e9pens\u00e9 beaucoup trop de sous pour des objets qui sont, la plupart du temps, inutilis\u00e9s.\u2009\u00bb<\/p>\n<p class=\" wall-content\">Or, comme l\u2019expliquait <a href=\"https:\/\/www.60millions-mag.com\/2024\/03\/22\/mobilier-bijoux-tout-se-loue-mais-tout-vaut-il-le-coup-22732\" target=\"_blank\" rel=\"noopener\">une enqu\u00eate de 60\u00a0millions de consommateurs de 2024<\/a>, une <strong>perceuse<\/strong> est en moyenne utilis\u00e9e pendant <strong>12\u00a0minutes<\/strong> entre le moment o\u00f9 elle a \u00e9t\u00e9 achet\u00e9e, et celui ou elle finit \u00e0 la d\u00e9chetterie. Quand on sait qu\u2019en Loire-Atlantique, chaque habitant produit <strong>634\u00a0kg de d\u00e9chets par an<\/strong>, dont <strong>plus de la moiti\u00e9<\/strong> part \u00e0 la d\u00e9chetterie (chiffres Insee), on comprend que le bilan de notre consommation n\u2019est pas glorieux.<\/p>\n<blockquote class=\"ac-article-quote wall-content\">\n<p>\u00ab\u00a0Chez Poppins, on voudrait que le partage devienne la norme. Qu&rsquo;on passe de l&rsquo;\u00e9conomie de la propri\u00e9t\u00e9 \u00e0 une \u00e9conomie de l&rsquo;usage. Par exemple, pourquoi acheter un moule \u00e0 gaufre alors qu&rsquo;on va seulement en faire usage une fois par an, pour un anniversaire ou un brunch avec des amis ?\u00a0\u00bb\u00a0<\/p>\n<p>    <strong>Lucie Basch, cofondatrice de Poppins<\/strong>\n            <\/p><\/blockquote>\n<p class=\" wall-content\">Si tout le monde peut t\u00e9l\u00e9charger Poppins en France, <strong>le syst\u00e8me n\u00e9cessite une communaut\u00e9 d\u2019utilisateurs suffisamment actifs <\/strong>et proches g\u00e9ographiquement les uns des autres pour v\u00e9ritablement fonctionner.<strong> Nantes<\/strong> fait partie des villes les plus <strong>dynamiques<\/strong>, avec Bordeaux et Paris, selon Lucie Basch.<\/p>\n<p>Le \u00ab\u2009Tinder des objets\u2009\u00bb<\/p>\n<p class=\" wall-content\">L\u2019application en est malgr\u00e9 tout <strong>encore \u00e0 ses pr\u00e9mices<\/strong>. Ainsi, il est fr\u00e9quent que les profils de loueurs n\u2019aient pas encore d\u2019avis. \u00ab\u2009Pour le moment, je me suis fi\u00e9 \u00e0 ma premi\u00e8re impression lors des \u00e9changes par message ou par t\u00e9l\u00e9phone. On n\u2019est pas oblig\u00e9 d\u2019accepter une demande\u2009\u00bb, assure S\u00e9bastien, pour qui tout s\u2019est bien d\u00e9roul\u00e9 pour l\u2019instant.<\/p>\n<p class=\" wall-content\">Il a toutefois \u00e9videmment pens\u00e9 au<strong> risque<\/strong> de voir ses <strong>objets d\u00e9t\u00e9rior\u00e9s<\/strong>, mais dit avoir \u00e9t\u00e9 <strong>rassur\u00e9 par les garanties propos\u00e9es et le paiement s\u00e9curis\u00e9<\/strong>. \u00ab\u2009S\u2019il se passe quoi que ce soit avec l\u2019objet, soit on aide le loueur \u00e0 percevoir des sous de son assurance, soit on prend en charge la r\u00e9paration ou le remplacement de l\u2019objet\u2009\u00bb, indique la cofondatrice. <strong>Gagner la confiance des utilisateurs<\/strong> semble \u00eatre une cl\u00e9 de l\u2019\u00e9volution de l\u2019appli.<\/p>\n<p class=\" wall-content\">Au-del\u00e0 des belles valeurs, les <strong>b\u00e9n\u00e9fices \u00e9conomiques potentiels<\/strong> de l\u2019utilisation de Poppins, dans une p\u00e9riode financi\u00e8rement instable, peuvent \u00eatre int\u00e9ressants. Certains louent des dizaines d\u2019objets, et ont d\u00e9j\u00e0 r\u00e9cup\u00e9r\u00e9 <strong>\u00ab\u2009plusieurs centaines d\u2019euros\u2009\u00bb<\/strong>, assure Lucie Basch.<\/p>\n<p class=\" wall-content\">Bien s\u00fbr, louer pour quelques jours la cr\u00eapi\u00e8re bretonne de votre grand-m\u00e8re qui prend la poussi\u00e8re au grenier ne va pas vous rendre riche. Mais cela pourrait vous<strong> apporter autre chose<\/strong>. \u00ab\u2009On nous appelle parfois <strong>le Tinder des objets<\/strong>\u2009\u00bb, s\u2019amuse la cr\u00e9atrice.<\/p>\n<blockquote class=\"ac-article-quote wall-content\">\n<p>J&rsquo;ai rencontr\u00e9 tellement de gens via Poppins, des personnes qui habitent \u00e0 200 m\u00e8tres de chez moi et que je n&rsquo;avais jamais crois\u00e9 avant. C&rsquo;est passionnant comme le num\u00e9rique permet de recr\u00e9er du lien social, de se reconnecter \u00e0 l&rsquo;endroit o\u00f9 l&rsquo;on vit.<\/p>\n<p>    <strong>Lucie Basch<\/strong>\n            <\/p><\/blockquote>\n<p class=\" wall-content\">Pour stimuler encore un peu plus le partage sur Poppins, la start-up lance <strong>un appel \u00e0 candidature pour devenir ambassadeur de l\u2019application<\/strong>. Les plus convaincus par ce syst\u00e8me pourront ainsi toucher une petite somme contre quelques heures de leur temps par semaine consacr\u00e9es \u00e0 le faire conna\u00eetre. L\u2019objectif de la plateforme est \u00e9galement de <strong>toucher des loueurs professionnels<\/strong>, qui peuvent \u00e9galement poster des annonces pour \u00e9largir leur client\u00e8le.<\/p>\n<p>    <a href=\"https:\/\/www.facebook.com\/plugins\/post.php?href=https%3A%2F%2Fwww.facebook.com%2Fpoppins.fr%2Fposts%2Fpfbid02RqYQXQq7qrUkSRGpTtZMoW2KsbdNouGRfDY6w8VYPnbxJAZWQZwJfHtQkRbumjXgl&amp;show_text=true&amp;width=350\" title=\"Ouvrie le lien\" target=\"_blank\" rel=\"noopener\">Cliquez ici pour visualiser le contenu<\/a><\/p>\n<p class=\" wall-content\">Les conditions sont disponibles <a href=\"https:\/\/wearepoppins.notion.site\/Deviens-ambassadeur-rice-Poppins-dans-ta-ville-23f2efe1e60280eba177d34a8b7fc882\" target=\"_blank\" rel=\"noopener\">ici<\/a> et le formulaire de candidature est \u00e0 retrouver <a href=\"https:\/\/form.fillout.com\/t\/gt7D8bQ4ajus\" target=\"_blank\" rel=\"noopener\">l\u00e0<\/a><\/p>\n<p class=\" wall-content\">Suivez toute l\u2019actualit\u00e9 de vos villes et m\u00e9dias favoris en vous inscrivant \u00e0 <a href=\"https:\/\/moncompte.actu.fr\" title=\"D\u00e9couvez Mon Actu\" rel=\"nofollow noopener\" data-trk=\"{&quot;cta&quot;:{&quot;action&quot;:&quot;https:\\\/\\\/moncompte.actu.fr&quot;,&quot;category&quot;:&quot;mon compte&quot;,&quot;from&quot;:&quot;article footer&quot;,&quot;name&quot;:&quot;Mon actu&quot;,&quot;type&quot;:&quot;cta&quot;}}\" target=\"_blank\">Mon Actu<\/a>.<\/p>\n","protected":false},"excerpt":{"rendered":"Par Emma Derome Publi\u00e9 le 5 ao\u00fbt 2025 \u00e0 10h39 Quelques jours avant son d\u00e9part en vacances, S\u00e9bastien&hellip;\n","protected":false},"author":2,"featured_media":297729,"comment_status":"","ping_status":"","sticky":false,"template":"","format":"standard","meta":{"footnotes":""},"categories":[2818],"tags":[1111,11,1777,674,1011,27,5701,1652,766,12,3147,2636,25,938],"class_list":{"0":"post-297728","1":"post","2":"type-post","3":"status-publish","4":"format-standard","5":"has-post-thumbnail","7":"category-nantes","8":"tag-actu","9":"tag-actualites","10":"tag-eu","11":"tag-europe","12":"tag-fr","13":"tag-france","14":"tag-innovation","15":"tag-loisirs-culture","16":"tag-nantes","17":"tag-news","18":"tag-nouveaux-commerces","19":"tag-pays-de-la-loire","20":"tag-republique-francaise","21":"tag-reseaux-sociaux"},"share_on_mastodon":{"url":"https:\/\/pubeurope.com\/@fr\/114975438558551393","error":""},"_links":{"self":[{"href":"https:\/\/www.europesays.com\/fr\/wp-json\/wp\/v2\/posts\/297728","targetHints":{"allow":["GET"]}}],"collection":[{"href":"https:\/\/www.europesays.com\/fr\/wp-json\/wp\/v2\/posts"}],"about":[{"href":"https:\/\/www.europesays.com\/fr\/wp-json\/wp\/v2\/types\/post"}],"author":[{"embeddable":true,"href":"https:\/\/www.europesays.com\/fr\/wp-json\/wp\/v2\/users\/2"}],"replies":[{"embeddable":true,"href":"https:\/\/www.europesays.com\/fr\/wp-json\/wp\/v2\/comments?post=297728"}],"version-history":[{"count":0,"href":"https:\/\/www.europesays.com\/fr\/wp-json\/wp\/v2\/posts\/297728\/revisions"}],"wp:featuredmedia":[{"embeddable":true,"href":"https:\/\/www.europesays.com\/fr\/wp-json\/wp\/v2\/media\/297729"}],"wp:attachment":[{"href":"https:\/\/www.europesays.com\/fr\/wp-json\/wp\/v2\/media?parent=297728"}],"wp:term":[{"taxonomy":"category","embeddable":true,"href":"https:\/\/www.europesays.com\/fr\/wp-json\/wp\/v2\/categories?post=297728"},{"taxonomy":"post_tag","embeddable":true,"href":"https:\/\/www.europesays.com\/fr\/wp-json\/wp\/v2\/tags?post=297728"}],"curies":[{"name":"wp","href":"https:\/\/api.w.org\/{rel}","templated":true}]}}