{"id":29773,"date":"2025-04-16T18:55:10","date_gmt":"2025-04-16T18:55:10","guid":{"rendered":"https:\/\/www.europesays.com\/fr\/29773\/"},"modified":"2025-04-16T18:55:10","modified_gmt":"2025-04-16T18:55:10","slug":"open-de-rouen-elle-sent-mauvais-harriet-dart-sexcuse-apres-sa-remarque-deplacee-linfo-re","status":"publish","type":"post","link":"https:\/\/www.europesays.com\/fr\/29773\/","title":{"rendered":"Open de Rouen : \u2018Elle sent mauvais\u2019, Harriet Dart s\u2019excuse apr\u00e8s sa remarque d\u00e9plac\u00e9e &#8211; LINFO.re"},"content":{"rendered":"<p>Lors du premier tour de l\u2019Open de Rouen, mardi 15 avril 2025, une sc\u00e8ne inhabituelle s\u2019est d\u00e9roul\u00e9e sur le court.<\/p>\n<p style=\"text-align: justify;\"><strong>Harriet Dart <\/strong>a interpell\u00e9 l\u2019arbitre de chaise pour se plaindre de l\u2019odeur corporelle de son adversaire fran\u00e7aise, Lo\u00efs Boisson.\u00a0<\/p>\n<p><strong>Un moment insolite sur le court\u00a0<\/strong><\/p>\n<p style=\"text-align: justify;\">Lors d\u2019un changement de c\u00f4t\u00e9 durant son match durant l\u2019\u00a0<strong>Open de Rouen<\/strong> face \u00e0 Lo\u00efs Boisson, la joueuse britannique, s\u2019est adress\u00e9e directement au juge.\u00a0Sa demande a surpris l\u2019assistance\u00a0: elle a demand\u00e9 \u00e0 l\u2019officiel d\u2019intervenir aupr\u00e8s de son adversaire en lui disant de mettre du d\u00e9odorant.\u00a0\u00ab\u00a0Pouvez-vous lui dire de mettre du d\u00e9odorant\u00a0? Elle sent vraiment mauvais\u00a0\u00a0\u00bb, aurait-elle d\u00e9clar\u00e9.\u00a0Ce commentaire, capt\u00e9 par les cam\u00e9ras, a rapidement \u00e9t\u00e9 relay\u00e9 sur les r\u00e9seaux sociaux.<\/p>\n<p><strong>Des excuses publiques apr\u00e8s la pol\u00e9mique<\/strong><\/p>\n<p style=\"text-align: justify;\">La r\u00e9action du public ne s\u2019est pas fait attendre. Face aux critiques, <strong>Harriet Dart <\/strong>a pris la parole sur Instagram quelques heures plus tard pour exprimer ses regrets. Elle a qualifi\u00e9 ses propos de \u00ab\u00a0maladroits\u00a0\u00bb et attribu\u00e9 cette sortie \u00e0 la tension du moment. La joueuse class\u00e9e 62\u1d49 mondiale\u00a0a reconnu pleinement son erreur.\u00a0\u00ab\u00a0C\u2019est un commentaire fait dans le feu de l\u2019action et je le regrette sinc\u00e8rement. Ce n\u2019est pas la fa\u00e7on dont je veux me comporter et j\u2019assume la responsabilit\u00e9\u00a0\u00a0\u00bb, a-t-elle publi\u00e9\u00a0sur les r\u00e9seaux sociaux.<\/p>\n<p><strong>Lo\u00efs Boisson r\u00e9pond avec humour<\/strong><\/p>\n<p style=\"text-align: justify;\">La Fran\u00e7aise n\u2019avait pas entendu la remarque durant le match, elle a r\u00e9agi avec l\u00e9g\u00e8ret\u00e9 apr\u00e8s coup. Sur <a href=\"https:\/\/www.linfo.re\/monde\/amerique\/instagram-une-influenceuse-arnaque-pres-de-1-3-million-d-euros-a-ses-abonnees\" target=\"_blank\" rel=\"nofollow noopener\">Instagram<\/a>, elle a mentionn\u00e9 la marque Dove, en proposant ironiquement une collaboration\u00a0: \u00ab\u00a0Visiblement, une campagne s\u2019impose\u00a0\u00bb. Sa\u00a0r\u00e9ponse pleine d\u2019esprit\u00a0a conquis les internautes.<\/p>\n<p style=\"text-align: justify;\">Ce match, remport\u00e9 6-0, 6-3\u00a0symbolise\u00a0un moment fort pour Boisson. De retour sur les courts apr\u00e8s une longue blessure au genou gauche, elle signe sa toute premi\u00e8re victoire sur le <a href=\"https:\/\/www.linfo.re\/tags\/wta\" target=\"_blank\" rel=\"nofollow noopener\"><strong>circuit WTA.<\/strong><\/a> Pour le prochain tour de l\u2019Open de Rouen, elle affrontera soit la Russe Kamilla Rakhimova (83e mondiale), soit la Japonaise Moyuka Uchijima (60e).<\/p>\n","protected":false},"excerpt":{"rendered":"Lors du premier tour de l\u2019Open de Rouen, mardi 15 avril 2025, une sc\u00e8ne inhabituelle s\u2019est d\u00e9roul\u00e9e sur&hellip;\n","protected":false},"author":2,"featured_media":29774,"comment_status":"","ping_status":"","sticky":false,"template":"","format":"standard","meta":{"footnotes":""},"categories":[9587],"tags":[1111,47,11,1777,674,1011,27,1922,12,5161,25,9590,60,1467,4170],"class_list":{"0":"post-29773","1":"post","2":"type-post","3":"status-publish","4":"format-standard","5":"has-post-thumbnail","7":"category-rouen","8":"tag-actu","9":"tag-actualite","10":"tag-actualites","11":"tag-eu","12":"tag-europe","13":"tag-fr","14":"tag-france","15":"tag-info","16":"tag-news","17":"tag-normandie","18":"tag-republique-francaise","19":"tag-rouen","20":"tag-sports","21":"tag-tennis","22":"tag-wta"},"share_on_mastodon":{"url":"https:\/\/pubeurope.com\/@fr\/114349167329197350","error":""},"_links":{"self":[{"href":"https:\/\/www.europesays.com\/fr\/wp-json\/wp\/v2\/posts\/29773","targetHints":{"allow":["GET"]}}],"collection":[{"href":"https:\/\/www.europesays.com\/fr\/wp-json\/wp\/v2\/posts"}],"about":[{"href":"https:\/\/www.europesays.com\/fr\/wp-json\/wp\/v2\/types\/post"}],"author":[{"embeddable":true,"href":"https:\/\/www.europesays.com\/fr\/wp-json\/wp\/v2\/users\/2"}],"replies":[{"embeddable":true,"href":"https:\/\/www.europesays.com\/fr\/wp-json\/wp\/v2\/comments?post=29773"}],"version-history":[{"count":0,"href":"https:\/\/www.europesays.com\/fr\/wp-json\/wp\/v2\/posts\/29773\/revisions"}],"wp:featuredmedia":[{"embeddable":true,"href":"https:\/\/www.europesays.com\/fr\/wp-json\/wp\/v2\/media\/29774"}],"wp:attachment":[{"href":"https:\/\/www.europesays.com\/fr\/wp-json\/wp\/v2\/media?parent=29773"}],"wp:term":[{"taxonomy":"category","embeddable":true,"href":"https:\/\/www.europesays.com\/fr\/wp-json\/wp\/v2\/categories?post=29773"},{"taxonomy":"post_tag","embeddable":true,"href":"https:\/\/www.europesays.com\/fr\/wp-json\/wp\/v2\/tags?post=29773"}],"curies":[{"name":"wp","href":"https:\/\/api.w.org\/{rel}","templated":true}]}}