{"id":297737,"date":"2025-08-05T09:29:10","date_gmt":"2025-08-05T09:29:10","guid":{"rendered":"https:\/\/www.europesays.com\/fr\/297737\/"},"modified":"2025-08-05T09:29:10","modified_gmt":"2025-08-05T09:29:10","slug":"pres-de-toulouse-ce-festival-va-vous-faire-remonter-le-temps-dans-le-gers","status":"publish","type":"post","link":"https:\/\/www.europesays.com\/fr\/297737\/","title":{"rendered":"Pr\u00e8s de Toulouse. Ce festival va vous faire remonter le temps dans le Gers"},"content":{"rendered":"<p>            Par<br \/>\n        <strong><br \/>\n            <a href=\"https:\/\/actu.fr\/auteur\/margot-fournie\" title=\"Consulter tous les articles de Margot Fournie\" rel=\"nofollow noopener\" target=\"_blank\">Margot Fournie<\/a><br \/>\n        <\/strong><\/p>\n<p>        Publi\u00e9 le<\/p>\n<p>            5 ao\u00fbt 2025 \u00e0 11h02        <\/p>\n<p>\u00c0 <a href=\"https:\/\/actu.fr\/occitanie\/lupiac_32219\" rel=\"nofollow noopener\" target=\"_blank\">Lupiac<\/a>, dans le <strong><a href=\"https:\/\/actu.fr\/occitanie\/gers_32\" rel=\"nofollow noopener\" target=\"_blank\">Gers<\/a> <\/strong>qui \u00e9tait en lice pour devenir le <a href=\"https:\/\/actu.fr\/occitanie\/lupiac_32219\/gers-on-sait-enfin-quand-lupiac-va-peut-etre-devenir-le-village-prefere-des-francais_62752184.html\" rel=\"nofollow noopener\" target=\"_blank\">village pr\u00e9f\u00e9r\u00e9 des Fran\u00e7ais<\/a>, va se tenir un festival qui va vous faire remonter le temps. <strong>Les 9 et 10 ao\u00fbt 2025<\/strong>, le village va mettre \u00e0 l\u2019honneur <strong>son h\u00e9ros<\/strong>\u2009: <a href=\"https:\/\/actu.fr\/occitanie\/lupiac_32219\/gers-mais-au-fait-que-sait-on-vraiment-sur-le-fameux-mousquetaire-d-artagnan_53272752.html\" rel=\"nofollow noopener\" target=\"_blank\">le fameux mousquetaire d\u2019Artagnan<\/a>. Au programme\u2009: randonn\u00e9e, <strong>promenade dans un carrosse<\/strong>, ateliers et bien d\u2019autres activit\u00e9s. C\u2019est le festival D\u2019Artagnan chez d\u2019Artagnan. On vous en dit plus \u00e0 ce sujet.<\/p>\n<p>    <a href=\"https:\/\/www.google.com\/maps\/embed?pb=!1m18!1m12!1m3!1d92320.44061289942!2d0.10388434786924133!3d43.68947713776866!2m3!1f0!2f0!3f0!3m2!1i1024!2i768!4f13.1!3m3!1m2!1s0x12a9f0e210382979%3A0x406f69c2f410060!2s32290%20Lupiac!5e0!3m2!1sfr!2sfr!4v1754051728744!5m2!1sfr!2sfr\" title=\"Ouvrie le lien\" rel=\"nofollow noopener\" target=\"_blank\">Cliquez ici pour visualiser le contenu<\/a><\/p>\n<p>Randonn\u00e9e et activit\u00e9s insolites<\/p>\n<p class=\" wall-content\">Les festivit\u00e9s vont d\u00e9buter samedi \u00e0 8h30, devant la statue de d\u2019Artagnan, par la randonn\u00e9e de la Duchesse de Nemours. Ce premier rendez-vous sera suivi par un <a href=\"https:\/\/actu.fr\/occitanie\/lupiac_32219\/un-championnat-du-monde-tres-insolite-va-se-derouler-dans-le-gers-et-vous-pouvez-participer_62262955.html\" rel=\"nofollow noopener\" target=\"_blank\">championnat du monde tr\u00e8s insolite<\/a> qui demandera aux participants de la <strong>force<\/strong> et de l\u2019<strong>endurance<\/strong>.<\/p>\n<p>    <a href=\"https:\/\/www.facebook.com\/plugins\/post.php?href=https%3A%2F%2Fwww.facebook.com%2Flupiacvillagenataldedartagnan%2Fposts%2Fpfbid02U4r1TfWyWnpVf5aKsi6x3L2xejy3Lf3y235M9UCVUroTdR3W4w468Xjeud9fUtVAl&amp;show_text=true&amp;width=350\" title=\"Ouvrie le lien\" rel=\"nofollow noopener\" target=\"_blank\">Cliquez ici pour visualiser le contenu<\/a><\/p>\n<p class=\" wall-content\">Pour un moment plus reposant\u2009: \u00e0 partir de 9\u2009heures et toutes les 45 minutes, des <strong>voyages en carrosse d\u2019apparat<\/strong> seront propos\u00e9s au public.<\/p>\n<p>Vid\u00e9os : en ce moment sur ActuDes animations pour les enfants<\/p>\n<p class=\" wall-content\">Des animations \u00e0 destination des enfants sont \u00e9galement pr\u00e9vues. Toujours sous le th\u00e8me des mousquetaires, il y aura<strong> des initiations \u00e0 la rapi\u00e8re<\/strong>, mais aussi au b\u00e2ton. Elles seront anim\u00e9es par Thomas Samek.<\/p>\n<p>    <a href=\"https:\/\/www.facebook.com\/plugins\/video.php?height=314&amp;href=https%3A%2F%2Fwww.facebook.com%2Flupiacvillagenataldedartagnan%2Fvideos%2F789917907024806%2F&amp;show_text=false&amp;width=350&amp;t=0\" title=\"Ouvrie le lien\" rel=\"nofollow noopener\" target=\"_blank\">Cliquez ici pour visualiser le contenu<\/a><\/p>\n<p class=\" wall-content\">Une <strong>conteuse<\/strong> proposera aux bambins des histoires captivantes. Et en d\u00e9but de soir\u00e9e, \u00e0 18\u2009h, on pourra profiter de <strong>la pi\u00e8ce Le Comte de Monte Cristo<\/strong>\u00a0interpr\u00e9t\u00e9e par Les Lames sur Seine.<\/p>\n<p class=\" wall-content\">\u00c0 noter que tout le long de la journ\u00e9e, attendez-vous \u00e0 croiser des <strong>personnes costum\u00e9es<\/strong>, des mousquetaires.<\/p>\n<p>Un dimanche tout aussi festif<\/p>\n<p class=\" wall-content\">Le dimanche sera tout aussi riche en activit\u00e9s pour les enfants avec un <strong>spectacle de marionnettes<\/strong>, des <strong>ateliers de calligraphie<\/strong> et de <strong>reliure<\/strong>.<\/p>\n<p class=\" wall-content\">Pour les plus grands et pas que, il faudra compter sur des d\u00e9monstrations de <strong>tirs de canon et de mousquets<\/strong>. Ou encore des <strong>duels \u00e0 la rapi\u00e8re<\/strong> par les compagnies de mousquetaires.<\/p>\n<p class=\" wall-content\">Voire un <strong>d\u00e9fil\u00e9 de mode en habits d\u2019\u00e9poque<\/strong> \u00ab\u2009en descendant du carrosse\u2009\u00bb. On pourra admirer les dentelles, les rubans, les brocards et les bottes de cuir des costumes du XVIIe\u00a0si\u00e8cle. Et pour finir, il y aura un <strong>bal gascon<\/strong>.<\/p>\n<p>Festival D\u2019Artagnan chez D\u2019Artagnan, \u00e0 Lupiac se tiendra les 9 et 10 ao\u00fbt 2025. Le programme complet est \u00e0 retrouver <a href=\"https:\/\/www.lupiac.fr\/agenda\" rel=\"nofollow noopener\" target=\"_blank\">ici<\/a>.<\/p>\n<p class=\" wall-content\">Suivez toute l\u2019actualit\u00e9 de vos villes et m\u00e9dias favoris en vous inscrivant \u00e0 <a href=\"https:\/\/moncompte.actu.fr\" title=\"D\u00e9couvez Mon Actu\" rel=\"nofollow noopener\" data-trk=\"{&quot;cta&quot;:{&quot;action&quot;:&quot;https:\\\/\\\/moncompte.actu.fr&quot;,&quot;category&quot;:&quot;mon compte&quot;,&quot;from&quot;:&quot;article footer&quot;,&quot;name&quot;:&quot;Mon actu&quot;,&quot;type&quot;:&quot;cta&quot;}}\" target=\"_blank\">Mon Actu<\/a>.<\/p>\n","protected":false},"excerpt":{"rendered":"Par Margot Fournie Publi\u00e9 le 5 ao\u00fbt 2025 \u00e0 11h02 \u00c0 Lupiac, dans le Gers qui \u00e9tait en&hellip;\n","protected":false},"author":2,"featured_media":297738,"comment_status":"","ping_status":"","sticky":false,"template":"","format":"standard","meta":{"footnotes":""},"categories":[2816],"tags":[1111,11,1777,674,652,849,1011,27,43802,937,1652,12,2680,25,2312],"class_list":{"0":"post-297737","1":"post","2":"type-post","3":"status-publish","4":"format-standard","5":"has-post-thumbnail","7":"category-toulouse","8":"tag-actu","9":"tag-actualites","10":"tag-eu","11":"tag-europe","12":"tag-famille","13":"tag-festival","14":"tag-fr","15":"tag-france","16":"tag-gascogne","17":"tag-histoire","18":"tag-loisirs-culture","19":"tag-news","20":"tag-occitanie","21":"tag-republique-francaise","22":"tag-toulouse"},"share_on_mastodon":{"url":"https:\/\/pubeurope.com\/@fr\/114975458178799106","error":""},"_links":{"self":[{"href":"https:\/\/www.europesays.com\/fr\/wp-json\/wp\/v2\/posts\/297737","targetHints":{"allow":["GET"]}}],"collection":[{"href":"https:\/\/www.europesays.com\/fr\/wp-json\/wp\/v2\/posts"}],"about":[{"href":"https:\/\/www.europesays.com\/fr\/wp-json\/wp\/v2\/types\/post"}],"author":[{"embeddable":true,"href":"https:\/\/www.europesays.com\/fr\/wp-json\/wp\/v2\/users\/2"}],"replies":[{"embeddable":true,"href":"https:\/\/www.europesays.com\/fr\/wp-json\/wp\/v2\/comments?post=297737"}],"version-history":[{"count":0,"href":"https:\/\/www.europesays.com\/fr\/wp-json\/wp\/v2\/posts\/297737\/revisions"}],"wp:featuredmedia":[{"embeddable":true,"href":"https:\/\/www.europesays.com\/fr\/wp-json\/wp\/v2\/media\/297738"}],"wp:attachment":[{"href":"https:\/\/www.europesays.com\/fr\/wp-json\/wp\/v2\/media?parent=297737"}],"wp:term":[{"taxonomy":"category","embeddable":true,"href":"https:\/\/www.europesays.com\/fr\/wp-json\/wp\/v2\/categories?post=297737"},{"taxonomy":"post_tag","embeddable":true,"href":"https:\/\/www.europesays.com\/fr\/wp-json\/wp\/v2\/tags?post=297737"}],"curies":[{"name":"wp","href":"https:\/\/api.w.org\/{rel}","templated":true}]}}