{"id":297754,"date":"2025-08-05T09:39:14","date_gmt":"2025-08-05T09:39:14","guid":{"rendered":"https:\/\/www.europesays.com\/fr\/297754\/"},"modified":"2025-08-05T09:39:14","modified_gmt":"2025-08-05T09:39:14","slug":"malgre-les-nombreuses-fermetures-de-la-baignade-dans-la-seine-la-mairie-de-paris-se-rejouit","status":"publish","type":"post","link":"https:\/\/www.europesays.com\/fr\/297754\/","title":{"rendered":"malgr\u00e9 les nombreuses fermetures de la baignade dans la Seine, la mairie de Paris se r\u00e9jouit"},"content":{"rendered":"<p>Inaugur\u00e9s le 5 juillet dernier, les trois espaces de baignade ont cumul\u00e9 18 jours d&rsquo;ouverture pour 13 jours de fermeture et accueilli plus de 35 000 personnes.<\/p>\n<p>Malgr\u00e9 les intemp\u00e9ries, la mairie est ravie. <a href=\"https:\/\/www.bfmtv.com\/societe\/video-pres-d-un-an-apres-les-jo-de-paris-la-baignade-est-autorisee-dans-la-seine_VN-202507050128.html\" title=\"Pr\u00e8s d&#039;un an apr\u00e8s les JO de Paris, la baignade est autoris\u00e9e dans la Seine\" class=\"internal_link\" rel=\"nofollow noopener\" target=\"_blank\">Les trois espaces de baignade<\/a> ouverts d\u00e9but juillet dans la Seine ont p\u00e2ti des pluies estivales, mais ont accueilli plus de 35.000 personnes depuis leur ouverture, a indiqu\u00e9 mardi la mairie de Paris.<\/p>\n<p>\u00ab\u00a0On savait que la m\u00e9t\u00e9o serait une variable d&rsquo;ajustement\u00a0\u00bb, a comment\u00e9 l&rsquo;adjoint au sport de la mairie de Paris, Pierre Rabadan, et \u00ab\u00a0il a pas mal plu\u00a0\u00bb en juillet avec des pluies \u00e0 plus de 20mm. Il y a eu 18 jours d&rsquo;ouverture et 13 jours de fermeture, sachant que la baignade \u00ab\u00a0la plus impact\u00e9e\u00a0\u00bb a \u00e9t\u00e9 le site de Bercy. \u00ab\u00a0Mais on est hyper satisfait\u00a0\u00bb, a-t-il ajout\u00e9.<\/p>\n<p>Promesse de la maire PS de Paris <a href=\"https:\/\/www.bfmtv.com\/societe\/video-baignade-dans-la-seine-anne-hidalgo-et-marie-barsacq-inaugurent-l-evenement_VN-202507050138.html\" title=\"Baignade dans la Seine: Anne Hidalgo et Marie Barsacq inaugurent l&#039;\u00e9v\u00e9nement\" class=\"internal_link\" rel=\"nofollow noopener\" target=\"_blank\">Anne Hidalgo<\/a> de d\u00e9polluer le fleuve aussi pour que les Parisiens puissent s&rsquo;y baigner, trois espaces ont ouvert le 5 juillet dans le sillage des comp\u00e9titions olympiques qui se sont tenues dans la Seine l&rsquo;\u00e9t\u00e9 2024.<\/p>\n<p>Une fermeture pr\u00e9vue le 31 ao\u00fbt \u00ab\u00a0pour l&rsquo;instant\u00a0\u00bb<\/p>\n<p>Le <a href=\"https:\/\/www.bfmtv.com\/paris\/baignade-dans-la-seine-le-bassin-d-austerlitz-a-fonctionne-pour-la-premiere-fois_AD-202406190561.html\" title=\"Baignade dans la Seine: le bassin d&#039;Austerlitz a fonctionn\u00e9 pour la premi\u00e8re fois\" class=\"internal_link\" rel=\"nofollow noopener\" target=\"_blank\">bassin d&rsquo;Austerlitz<\/a> construit pour stocker des eaux us\u00e9es et pluviales est en activit\u00e9 depuis l&rsquo;\u00e9t\u00e9 dernier. \u00ab\u00a0Il n&rsquo;y a pas eu de d\u00e9versement (des \u00e9gouts dans la Seine, NDLR) sur la p\u00e9riode estivale\u00a0\u00bb, a pr\u00e9cis\u00e9 Pierre Rabadan.<\/p>\n<p>\u00ab\u00a0Il y a des habitu\u00e9s qui sont \u00e0 l&rsquo;aff\u00fbt de l&rsquo;ouverture, ceux qui vont courir puis se baignent ensuite, des familles, mais aussi des touristes\u00a0\u00bb, rel\u00e8ve l&rsquo;\u00e9lu s&rsquo;agissant du profil des baigneurs et baigneuses.<\/p>\n<p>Les bou\u00e9es de nage obligatoires font que ces derniers \u00ab\u00a0restent plus longtemps\u00a0\u00bb dans l&rsquo;eau et \u00ab\u00a0discutent avec leurs potes\u00a0\u00bb. Ces espaces doivent fermer fin ao\u00fbt \u00ab\u00a0pour l&rsquo;instant\u00a0\u00bb.<\/p>\n<p>En cas de file d&rsquo;attente, \u00ab\u00a0il y a aura un syst\u00e8me de bracelets\u00a0\u00bb, a-t-il encore pr\u00e9cis\u00e9. \u00c0 ce jour, la plus forte fr\u00e9quentation journali\u00e8re a \u00e9t\u00e9 de 5.700 personnes le 13 juillet.<\/p>\n","protected":false},"excerpt":{"rendered":"Inaugur\u00e9s le 5 juillet dernier, les trois espaces de baignade ont cumul\u00e9 18 jours d&rsquo;ouverture pour 13 jours&hellip;\n","protected":false},"author":2,"featured_media":297755,"comment_status":"","ping_status":"","sticky":false,"template":"","format":"standard","meta":{"footnotes":""},"categories":[1888],"tags":[1111,1928,11,1927,1777,674,1011,27,12,1926,626,1925,25],"class_list":{"0":"post-297754","1":"post","2":"type-post","3":"status-publish","4":"format-standard","5":"has-post-thumbnail","7":"category-paris","8":"tag-actu","9":"tag-actu-paris","10":"tag-actualites","11":"tag-actualites-paris","12":"tag-eu","13":"tag-europe","14":"tag-fr","15":"tag-france","16":"tag-news","17":"tag-news-paris","18":"tag-paris","19":"tag-paris-news","20":"tag-republique-francaise"},"share_on_mastodon":{"url":"https:\/\/pubeurope.com\/@fr\/114975497467611067","error":""},"_links":{"self":[{"href":"https:\/\/www.europesays.com\/fr\/wp-json\/wp\/v2\/posts\/297754","targetHints":{"allow":["GET"]}}],"collection":[{"href":"https:\/\/www.europesays.com\/fr\/wp-json\/wp\/v2\/posts"}],"about":[{"href":"https:\/\/www.europesays.com\/fr\/wp-json\/wp\/v2\/types\/post"}],"author":[{"embeddable":true,"href":"https:\/\/www.europesays.com\/fr\/wp-json\/wp\/v2\/users\/2"}],"replies":[{"embeddable":true,"href":"https:\/\/www.europesays.com\/fr\/wp-json\/wp\/v2\/comments?post=297754"}],"version-history":[{"count":0,"href":"https:\/\/www.europesays.com\/fr\/wp-json\/wp\/v2\/posts\/297754\/revisions"}],"wp:featuredmedia":[{"embeddable":true,"href":"https:\/\/www.europesays.com\/fr\/wp-json\/wp\/v2\/media\/297755"}],"wp:attachment":[{"href":"https:\/\/www.europesays.com\/fr\/wp-json\/wp\/v2\/media?parent=297754"}],"wp:term":[{"taxonomy":"category","embeddable":true,"href":"https:\/\/www.europesays.com\/fr\/wp-json\/wp\/v2\/categories?post=297754"},{"taxonomy":"post_tag","embeddable":true,"href":"https:\/\/www.europesays.com\/fr\/wp-json\/wp\/v2\/tags?post=297754"}],"curies":[{"name":"wp","href":"https:\/\/api.w.org\/{rel}","templated":true}]}}