{"id":297758,"date":"2025-08-05T09:41:10","date_gmt":"2025-08-05T09:41:10","guid":{"rendered":"https:\/\/www.europesays.com\/fr\/297758\/"},"modified":"2025-08-05T09:41:10","modified_gmt":"2025-08-05T09:41:10","slug":"panne-a-repetition-cest-la-galere-pour-les-trains-paris-rouen","status":"publish","type":"post","link":"https:\/\/www.europesays.com\/fr\/297758\/","title":{"rendered":"Panne \u00e0 r\u00e9p\u00e9tition : c&rsquo;est la gal\u00e8re pour les trains Paris &#8211; Rouen"},"content":{"rendered":"<p>            Par<br \/>\n        <strong><br \/>\n            <a href=\"https:\/\/actu.fr\/auteur\/julien-bouteiller\" title=\"Consulter tous les articles de Julien Bouteiller\" target=\"_blank\" rel=\"noopener\">Julien Bouteiller<\/a><br \/>\n        <\/strong><\/p>\n<p>        Publi\u00e9 le<\/p>\n<p>            5 ao\u00fbt 2025 \u00e0 11h26        <\/p>\n<p>Ce n\u2019\u00e9tait pas le bon jour pour prendre le train. Ce mardi 5 ao\u00fbt 2025, il y a<strong> de nombreux retards sur la ligne SNCF entre Paris, Rouen et Le Havre<\/strong>.<\/p>\n<p>Une panne et de gros retards<\/p>\n<p class=\" wall-content\">En cause, selon les r\u00e9seaux sociaux du r\u00e9seau Nomad, une panne de signalisation en gare des Mureaux, en r\u00e9gion parisienne depuis environ 9h ce matin.\u00a0<\/p>\n<p class=\" wall-content\">En cons\u00e9quence, les trains sont d\u00e9vi\u00e9s occasionnant<strong> environ 30 minutes de retard<\/strong> sur les trajets.\u00a0<\/p>\n<p class=\" wall-content\">Si la situation \u00e9tait cens\u00e9e revenir \u00e0 la normale dans la matin\u00e9e, le probl\u00e8me de signalisation s\u2019est malheureusement r\u00e9it\u00e9r\u00e9. Cons\u00e9quence, Nomad annonce<strong> une reprise normale du trafic \u00e0 14h<\/strong> (si tout se passe bien).<\/p>\n<p class=\" wall-content\">\n<p class=\" wall-content\">Pour l\u2019heure, en gare de Rouen, des retards jusqu\u2019\u00e0 60min sont annonc\u00e9s. Idem en gare du Havre.<\/p>\n<p>Suivez l\u2019actualit\u00e9 de Rouen <a href=\"https:\/\/www.whatsapp.com\/channel\/0029VaKfnf99hXF2ddApFB1D\" target=\"_blank\" rel=\"noopener\">sur notre cha\u00eene WhatsApp<\/a> et <a href=\"https:\/\/www.tiktok.com\/@76actu.fr?lang=fr\" target=\"_blank\" rel=\"noopener\">sur notre compte TikTok<\/a>Suivez l\u2019actualit\u00e9 du Havre <a href=\"https:\/\/www.whatsapp.com\/channel\/0029VaFqJYE8aKvLBwVrEe0o\" target=\"_blank\" rel=\"noopener\">sur notre cha\u00eene WhatsApp<\/a> et <a href=\"https:\/\/www.tiktok.com\/@76actu.fr?lang=fr\" target=\"_blank\" rel=\"noopener\">sur notre compte TikTok<\/a><\/p>\n<p class=\" wall-content\">Suivez toute l\u2019actualit\u00e9 de vos villes et m\u00e9dias favoris en vous inscrivant \u00e0 <a href=\"https:\/\/moncompte.actu.fr\" title=\"D\u00e9couvez Mon Actu\" rel=\"nofollow noopener\" data-trk=\"{&quot;cta&quot;:{&quot;action&quot;:&quot;https:\\\/\\\/moncompte.actu.fr&quot;,&quot;category&quot;:&quot;mon compte&quot;,&quot;from&quot;:&quot;article footer&quot;,&quot;name&quot;:&quot;Mon actu&quot;,&quot;type&quot;:&quot;cta&quot;}}\" target=\"_blank\">Mon Actu<\/a>.<\/p>\n<p>                    <script async src=\"\/\/www.tiktok.com\/embed.js\"><\/script><\/p>\n","protected":false},"excerpt":{"rendered":"Par Julien Bouteiller Publi\u00e9 le 5 ao\u00fbt 2025 \u00e0 11h26 Ce n\u2019\u00e9tait pas le bon jour pour prendre&hellip;\n","protected":false},"author":2,"featured_media":297759,"comment_status":"","ping_status":"","sticky":false,"template":"","format":"standard","meta":{"footnotes":""},"categories":[1888],"tags":[11,1777,674,118,1011,27,24124,26010,12,626,25,2215],"class_list":{"0":"post-297758","1":"post","2":"type-post","3":"status-publish","4":"format-standard","5":"has-post-thumbnail","7":"category-paris","8":"tag-actualites","9":"tag-eu","10":"tag-europe","11":"tag-faits-divers","12":"tag-fr","13":"tag-france","14":"tag-gare-de-rouen","15":"tag-gare-du-havre","16":"tag-news","17":"tag-paris","18":"tag-republique-francaise","19":"tag-sncf"},"share_on_mastodon":{"url":"https:\/\/pubeurope.com\/@fr\/114975505349910575","error":""},"_links":{"self":[{"href":"https:\/\/www.europesays.com\/fr\/wp-json\/wp\/v2\/posts\/297758","targetHints":{"allow":["GET"]}}],"collection":[{"href":"https:\/\/www.europesays.com\/fr\/wp-json\/wp\/v2\/posts"}],"about":[{"href":"https:\/\/www.europesays.com\/fr\/wp-json\/wp\/v2\/types\/post"}],"author":[{"embeddable":true,"href":"https:\/\/www.europesays.com\/fr\/wp-json\/wp\/v2\/users\/2"}],"replies":[{"embeddable":true,"href":"https:\/\/www.europesays.com\/fr\/wp-json\/wp\/v2\/comments?post=297758"}],"version-history":[{"count":0,"href":"https:\/\/www.europesays.com\/fr\/wp-json\/wp\/v2\/posts\/297758\/revisions"}],"wp:featuredmedia":[{"embeddable":true,"href":"https:\/\/www.europesays.com\/fr\/wp-json\/wp\/v2\/media\/297759"}],"wp:attachment":[{"href":"https:\/\/www.europesays.com\/fr\/wp-json\/wp\/v2\/media?parent=297758"}],"wp:term":[{"taxonomy":"category","embeddable":true,"href":"https:\/\/www.europesays.com\/fr\/wp-json\/wp\/v2\/categories?post=297758"},{"taxonomy":"post_tag","embeddable":true,"href":"https:\/\/www.europesays.com\/fr\/wp-json\/wp\/v2\/tags?post=297758"}],"curies":[{"name":"wp","href":"https:\/\/api.w.org\/{rel}","templated":true}]}}