{"id":297760,"date":"2025-08-05T09:42:10","date_gmt":"2025-08-05T09:42:10","guid":{"rendered":"https:\/\/www.europesays.com\/fr\/297760\/"},"modified":"2025-08-05T09:42:10","modified_gmt":"2025-08-05T09:42:10","slug":"comment-poutine-tente-de-sauver-une-marine-russe-en-perdition","status":"publish","type":"post","link":"https:\/\/www.europesays.com\/fr\/297760\/","title":{"rendered":"Comment Poutine tente de sauver une marine russe en perdition"},"content":{"rendered":"<p>C&rsquo;est en mer Noire que la <a class=\"Link\" href=\"https:\/\/www.lepoint.fr\/tags\/russie\" data-gtm=\"click:capsule\" data-capsule=\"Lien\" rel=\"nofollow noopener\" target=\"_blank\">Russie<\/a> a subi ses plus lourdes pertes. Ultradominante au d\u00e9but du conflit face \u00e0 une marine ukrainienne rapidement neutralis\u00e9e, la flotte russe est d\u00e9sormais confin\u00e9e dans ses ports, plus ou moins \u00e0 l&rsquo;abri des drones et missiles ukrainiens.<\/p>\n<p>Sur les\u00a074\u00a0navires align\u00e9s avant l&rsquo;invasion,\u00a022\u00a0auraient \u00e9t\u00e9 perdus, dont\u00a017\u00a0coul\u00e9s. L&rsquo;\u00e9pisode le plus marquant reste <a class=\"Link\" href=\"https:\/\/www.lepoint.fr\/monde\/guerre-en-ukraine-revelations-sur-le-naufrage-du-navire-moskva-16-05-2022-2475830_24.php\" title=\"\" data-gtm=\"click:capsule\" data-capsule=\"Lien\" rel=\"nofollow noopener\" target=\"_blank\">la perte du croiseur Moskva<\/a>, en avril\u00a02022, touch\u00e9 par deux missiles Neptune, cons\u00e9quence d&rsquo;un manque d&rsquo;entra\u00eenement de l&rsquo;\u00e9quipage et de l&rsquo;absence de radar performant. Les frappes ukrainiennes, men\u00e9es avec <a class=\"Link\" href=\"https:\/\/www.lepoint.fr\/monde\/a-quoi-servent-les-missiles-scalp-livres-par-la-france-a-l-ukraine-17-01-2024-2550008_24.php\" title=\"\" data-gtm=\"click:capsule\" data-capsule=\"Lien\" rel=\"nofollow noopener\" target=\"_blank\">des missiles Scalp-Storm Shadow <\/a>et des drones navals, ont \u00e9galement vis\u00e9 <a class=\"Link\" href=\"https:\/\/www.lepoint.fr\/monde\/guerre-en-ukraine-un-navire-militaire-russe-coule-en-crimee-27-12-2023-2548442_24.php\" title=\"\" data-gtm=\"click:capsule\" data-capsule=\"Lien\" rel=\"nofollow noopener\" target=\"_blank\">des sous-marins \u00e0 quai et des navires en cale s\u00e8che<\/a> \u00e0 S\u00e9bastopol, en Crim\u00e9e occup\u00e9e.<\/p>\n<p>Ces pertes ne peuvent pas \u00eatre compens\u00e9es par des&#8230;<\/p>\n<p>Toute l\u2019actualit\u00e9 \u00e0 1\u20ac le premier mois<\/p>\n<p><a href=\"https:\/\/abo.lepoint.fr\/?provenance=21EDI020098\" class=\"btn\" title=\"S&#039;abonner\" data-gtm=\"click:abo|display:abo\" data-campaign=\"paywall_maison\" rel=\"nofollow noopener\" target=\"_blank\">S&rsquo;abonner<\/a><\/p>\n<p>ou<\/p>\n","protected":false},"excerpt":{"rendered":"C&rsquo;est en mer Noire que la Russie a subi ses plus lourdes pertes. Ultradominante au d\u00e9but du conflit&hellip;\n","protected":false},"author":2,"featured_media":297761,"comment_status":"","ping_status":"","sticky":false,"template":"","format":"standard","meta":{"footnotes":""},"categories":[1591],"tags":[11,1887,12,1885,1886,132],"class_list":{"0":"post-297760","1":"post","2":"type-post","3":"status-publish","4":"format-standard","5":"has-post-thumbnail","7":"category-russie","8":"tag-actualites","9":"tag-federation-de-russie","10":"tag-news","11":"tag-russia","12":"tag-russian-federation","13":"tag-russie"},"share_on_mastodon":{"url":"https:\/\/pubeurope.com\/@fr\/114975509292005517","error":""},"_links":{"self":[{"href":"https:\/\/www.europesays.com\/fr\/wp-json\/wp\/v2\/posts\/297760","targetHints":{"allow":["GET"]}}],"collection":[{"href":"https:\/\/www.europesays.com\/fr\/wp-json\/wp\/v2\/posts"}],"about":[{"href":"https:\/\/www.europesays.com\/fr\/wp-json\/wp\/v2\/types\/post"}],"author":[{"embeddable":true,"href":"https:\/\/www.europesays.com\/fr\/wp-json\/wp\/v2\/users\/2"}],"replies":[{"embeddable":true,"href":"https:\/\/www.europesays.com\/fr\/wp-json\/wp\/v2\/comments?post=297760"}],"version-history":[{"count":0,"href":"https:\/\/www.europesays.com\/fr\/wp-json\/wp\/v2\/posts\/297760\/revisions"}],"wp:featuredmedia":[{"embeddable":true,"href":"https:\/\/www.europesays.com\/fr\/wp-json\/wp\/v2\/media\/297761"}],"wp:attachment":[{"href":"https:\/\/www.europesays.com\/fr\/wp-json\/wp\/v2\/media?parent=297760"}],"wp:term":[{"taxonomy":"category","embeddable":true,"href":"https:\/\/www.europesays.com\/fr\/wp-json\/wp\/v2\/categories?post=297760"},{"taxonomy":"post_tag","embeddable":true,"href":"https:\/\/www.europesays.com\/fr\/wp-json\/wp\/v2\/tags?post=297760"}],"curies":[{"name":"wp","href":"https:\/\/api.w.org\/{rel}","templated":true}]}}