{"id":297764,"date":"2025-08-05T09:44:14","date_gmt":"2025-08-05T09:44:14","guid":{"rendered":"https:\/\/www.europesays.com\/fr\/297764\/"},"modified":"2025-08-05T09:44:14","modified_gmt":"2025-08-05T09:44:14","slug":"au-panama-les-parcours-de-migrants-expulses-par-trump-liberation","status":"publish","type":"post","link":"https:\/\/www.europesays.com\/fr\/297764\/","title":{"rendered":"au Panam\u00e1, les parcours de migrants expuls\u00e9s par Trump \u2013 Lib\u00e9ration"},"content":{"rendered":"<p class=\"sc-ksZaOG ehjQrN text-element\">Un vaste gymnase d\u00e9laiss\u00e9, des matelas par terre, prot\u00e9g\u00e9s parfois par des moustiquaires bleues, des ventilateurs pour att\u00e9nuer la chaleur tropicale du Panam\u00e1. Du linge \u00e9tendu sur un fil. Dans un coin, un percolateur \u00e0 caf\u00e9 et de la vaisselle ; et, un peu plus loin, quelques jeux de soci\u00e9t\u00e9 amass\u00e9s sur une table de bois. L\u00e0, dans ce centre d\u2019accueil g\u00e9r\u00e9 par l\u2019association Fe y Alegr\u00eda au nord de la capitale Ciudad de Panam\u00e1, se sont install\u00e9s le 12 mars plusieurs dizaines d\u2019hommes originaires d\u2019Iran, du Pakistan, d\u2019Erythr\u00e9e, de Russie ou du Nigeria. Quelques m\u00e8tres en contrebas, un autre b\u00e2timent accueille un groupe de femmes.<\/p>\n<p class=\"sc-ksZaOG ehjQrN text-element\">Au moment de notre passage, le 26 juillet 2025, 18 exil\u00e9s se trouvaient encore sur place. Arriv\u00e9s aux Etats-Unis par la fronti\u00e8re mexicaine au d\u00e9but de l\u2019ann\u00e9e 2025, ils avaient \u00e9t\u00e9 d\u00e9port\u00e9s illico par avion vers le Panam\u00e1 entre le 12 et le 15 f\u00e9vrier, hors de tout cadre juridique, sur d\u00e9cision de l\u2019administration de Donald Trump, qui a engag\u00e9 des <a href=\"https:\/\/www.liberation.fr\/international\/amerique\/immigration-ladministration-trump-exhume-une-loi-de-1798-pour-expulser-des-ennemis-etrangers-au-salvador-20250316_SSYPTNMSR5EZLDM723UOUQQHKM\/?redirected=1\" target=\"_blank\" rel=\"noreferrer noopener\" title=\"https:\/\/www.liberation.fr\/international\/amerique\/immigration-ladministration-trump-exhume-une-loi-de-1798-pour-expulser-des-ennemis-etrangers-au-salvador-20250316_SSYPTNMSR5EZLDM723UOUQQHKM\/?redirected=1\">politiques brutales de r\u00e9pression de l\u2019immigration<\/a>, <\/p>\n","protected":false},"excerpt":{"rendered":"Un vaste gymnase d\u00e9laiss\u00e9, des matelas par terre, prot\u00e9g\u00e9s parfois par des moustiquaires bleues, des ventilateurs pour att\u00e9nuer&hellip;\n","protected":false},"author":2,"featured_media":297765,"comment_status":"","ping_status":"","sticky":false,"template":"","format":"standard","meta":{"footnotes":""},"categories":[1589],"tags":[11,75,73,1866,1061,12,6471,1864,1865,1863,308],"class_list":{"0":"post-297764","1":"post","2":"type-post","3":"status-publish","4":"format-standard","5":"has-post-thumbnail","7":"category-etats-unis","8":"tag-actualites","9":"tag-donald-trump","10":"tag-etats-unis","11":"tag-etats-unis-damerique","12":"tag-immigration","13":"tag-news","14":"tag-panama","15":"tag-united-states","16":"tag-united-states-of-america","17":"tag-us","18":"tag-usa"},"share_on_mastodon":{"url":"https:\/\/pubeurope.com\/@fr\/114975517196834302","error":""},"_links":{"self":[{"href":"https:\/\/www.europesays.com\/fr\/wp-json\/wp\/v2\/posts\/297764","targetHints":{"allow":["GET"]}}],"collection":[{"href":"https:\/\/www.europesays.com\/fr\/wp-json\/wp\/v2\/posts"}],"about":[{"href":"https:\/\/www.europesays.com\/fr\/wp-json\/wp\/v2\/types\/post"}],"author":[{"embeddable":true,"href":"https:\/\/www.europesays.com\/fr\/wp-json\/wp\/v2\/users\/2"}],"replies":[{"embeddable":true,"href":"https:\/\/www.europesays.com\/fr\/wp-json\/wp\/v2\/comments?post=297764"}],"version-history":[{"count":0,"href":"https:\/\/www.europesays.com\/fr\/wp-json\/wp\/v2\/posts\/297764\/revisions"}],"wp:featuredmedia":[{"embeddable":true,"href":"https:\/\/www.europesays.com\/fr\/wp-json\/wp\/v2\/media\/297765"}],"wp:attachment":[{"href":"https:\/\/www.europesays.com\/fr\/wp-json\/wp\/v2\/media?parent=297764"}],"wp:term":[{"taxonomy":"category","embeddable":true,"href":"https:\/\/www.europesays.com\/fr\/wp-json\/wp\/v2\/categories?post=297764"},{"taxonomy":"post_tag","embeddable":true,"href":"https:\/\/www.europesays.com\/fr\/wp-json\/wp\/v2\/tags?post=297764"}],"curies":[{"name":"wp","href":"https:\/\/api.w.org\/{rel}","templated":true}]}}