{"id":297768,"date":"2025-08-05T09:46:10","date_gmt":"2025-08-05T09:46:10","guid":{"rendered":"https:\/\/www.europesays.com\/fr\/297768\/"},"modified":"2025-08-05T09:46:10","modified_gmt":"2025-08-05T09:46:10","slug":"face-a-lexplosion-dactes-neonazis-une-maire-appelle-a-briser-le-silence","status":"publish","type":"post","link":"https:\/\/www.europesays.com\/fr\/297768\/","title":{"rendered":"face \u00e0 l\u2019explosion d\u2019actes n\u00e9onazis, une maire appelle \u00ab\u00a0\u00e0 briser le silence\u00a0\u00bb"},"content":{"rendered":"<p>Avec son ch\u00e2teau, son \u00e9tang, ses fa\u00e7ades aux tons pastel, Spremberg est appr\u00e9ci\u00e9e des cyclotouristes, dans cette r\u00e9gion du <a href=\"https:\/\/www.la-croix.com\/international\/allemagne-dans-le-brandebourg-le-spd-met-fin-a-la-debacle-electorale-20240922\" data-tracking=\"inpage_click\" data-tracking-action=\"suivre un lien dans l&#039;article\" data-tracking-category=\"engagement\" rel=\"nofollow noopener\" target=\"_blank\">Brandebourg<\/a>, proche de la Pologne. Or, \u00ab\u00a0la perle de la Lusace\u00a0\u00bb est au c\u0153ur d\u2019une pol\u00e9mique depuis que sa maire a lanc\u00e9 un appel \u00e0 l\u2019aide en juillet.<\/p>\n<p>Cet article est r\u00e9serv\u00e9 aux abonn\u00e9s<\/p>\n<p>\n                    Vous souhaitez lire la suite\u00a0? Abonnez-vous sans engagement \u00e0 notre offre num\u00e9rique\n                <\/p>\n<p>                <a href=\"https:\/\/www.la-croix.com\/abonnement\" class=\"default-paywall__subscribe-button\" data-tracking=\"cta_click\" data-tracking-action=\"voir la page abonnement\" data-tracking-category=\"abonnement\" rel=\"nofollow noopener\" target=\"_blank\">Je m&rsquo;abonne<\/a><\/p>\n","protected":false},"excerpt":{"rendered":"Avec son ch\u00e2teau, son \u00e9tang, ses fa\u00e7ades aux tons pastel, Spremberg est appr\u00e9ci\u00e9e des cyclotouristes, dans cette r\u00e9gion&hellip;\n","protected":false},"author":2,"featured_media":297769,"comment_status":"","ping_status":"","sticky":false,"template":"","format":"standard","meta":{"footnotes":""},"categories":[1587],"tags":[11,672,1804,1805,1803,1777,674,1801,12,1802],"class_list":{"0":"post-297768","1":"post","2":"type-post","3":"status-publish","4":"format-standard","5":"has-post-thumbnail","7":"category-allemagne","8":"tag-actualites","9":"tag-allemagne","10":"tag-bundesrepublik-deutschland","11":"tag-de","12":"tag-deutschland","13":"tag-eu","14":"tag-europe","15":"tag-germany","16":"tag-news","17":"tag-republique-federale-dallemagne"},"share_on_mastodon":{"url":"https:\/\/pubeurope.com\/@fr\/114975525075378179","error":""},"_links":{"self":[{"href":"https:\/\/www.europesays.com\/fr\/wp-json\/wp\/v2\/posts\/297768","targetHints":{"allow":["GET"]}}],"collection":[{"href":"https:\/\/www.europesays.com\/fr\/wp-json\/wp\/v2\/posts"}],"about":[{"href":"https:\/\/www.europesays.com\/fr\/wp-json\/wp\/v2\/types\/post"}],"author":[{"embeddable":true,"href":"https:\/\/www.europesays.com\/fr\/wp-json\/wp\/v2\/users\/2"}],"replies":[{"embeddable":true,"href":"https:\/\/www.europesays.com\/fr\/wp-json\/wp\/v2\/comments?post=297768"}],"version-history":[{"count":0,"href":"https:\/\/www.europesays.com\/fr\/wp-json\/wp\/v2\/posts\/297768\/revisions"}],"wp:featuredmedia":[{"embeddable":true,"href":"https:\/\/www.europesays.com\/fr\/wp-json\/wp\/v2\/media\/297769"}],"wp:attachment":[{"href":"https:\/\/www.europesays.com\/fr\/wp-json\/wp\/v2\/media?parent=297768"}],"wp:term":[{"taxonomy":"category","embeddable":true,"href":"https:\/\/www.europesays.com\/fr\/wp-json\/wp\/v2\/categories?post=297768"},{"taxonomy":"post_tag","embeddable":true,"href":"https:\/\/www.europesays.com\/fr\/wp-json\/wp\/v2\/tags?post=297768"}],"curies":[{"name":"wp","href":"https:\/\/api.w.org\/{rel}","templated":true}]}}