{"id":297780,"date":"2025-08-05T09:52:12","date_gmt":"2025-08-05T09:52:12","guid":{"rendered":"https:\/\/www.europesays.com\/fr\/297780\/"},"modified":"2025-08-05T09:52:12","modified_gmt":"2025-08-05T09:52:12","slug":"golf-le-quatuor-claire-et-patrice-bouvet-avec-martine-et-charles-victor-frerejean-se-sont-imposes-avec-score-impressionnant","status":"publish","type":"post","link":"https:\/\/www.europesays.com\/fr\/297780\/","title":{"rendered":"GOLF : Le quatuor Claire et Patrice Bouvet, avec Martine et Charles-Victor Fr\u00e8rejean se sont impos\u00e9s avec score impressionnant !"},"content":{"rendered":"<p><img decoding=\"async\" class=\"newsFullImg  newsFullImgReduced  type:primaryImage\" src=\"https:\/\/www.europesays.com\/fr\/wp-content\/uploads\/2025\/08\/95804_1_full.jpg\"\/><\/p>\n<p>Ils ont totalis\u00e9 un total de -13 lors de la coupe du pr\u00e9sident ce dimanche.\u00a0<\/p>\n<p>Comme chaque ann\u00e9e, d\u00e9but ao\u00fbt, le golf d\u2019Avoise organise un scramble \u00e0 4 pour la coupe du pr\u00e9sident, Jean-Claude Soula, propri\u00e9taire du golf. Le scramble \u00e0 4 est une formule ludique, o\u00f9 l\u2019on prend la meilleure balle des joueurs \u00e0 chaque coup &#8211; l\u2019assurance d\u2019un score bien meilleur qu\u2019en individuel. C\u2019est ainsi que 63 joueurs se sont affront\u00e9s dimanche, sous un beau soleil.\u00a0<\/p>\n<p>On notera la belle performance de Claire et Patrice Bouvet, avec Martine et Charles-Victor Fr\u00e8rejean, qui ont totalis\u00e9 un score de -13 \u2014 un meilleur r\u00e9sultat que l\u2019an pass\u00e9 o\u00f9 la comp\u00e9tition s\u2019\u00e9tait gagn\u00e9e \u00e0 -11.\u00a0\u00a0<\/p>\n<p>Apr\u00e8s la traditionnelle remise des prix et les tirages au sort, les joueurs se sont retrouv\u00e9s autour d\u2019un cocktail convivial, en pr\u00e9sence de Jean-Claude Soula.<\/p>\n<p>L\u2019\u00e9t\u00e9 continue, et avec lui les comp\u00e9titions : la semaine prochaine, le golf accueillera celle de l\u2019h\u00f4tel Kyriad (situ\u00e9 juste en face du golf).\u00a0<\/p>\n<p><strong>Julien ZA\u00cfDI<\/strong><\/p>\n<p><\/p>\n","protected":false},"excerpt":{"rendered":"Ils ont totalis\u00e9 un total de -13 lors de la coupe du pr\u00e9sident ce dimanche.\u00a0 Comme chaque ann\u00e9e,&hellip;\n","protected":false},"author":2,"featured_media":297781,"comment_status":"","ping_status":"","sticky":false,"template":"","format":"standard","meta":{"footnotes":""},"categories":[1418],"tags":[1011,27,1472,60],"class_list":{"0":"post-297780","1":"post","2":"type-post","3":"status-publish","4":"format-standard","5":"has-post-thumbnail","7":"category-golf","8":"tag-fr","9":"tag-france","10":"tag-golf","11":"tag-sports"},"share_on_mastodon":{"url":"https:\/\/pubeurope.com\/@fr\/114975548609296089","error":""},"_links":{"self":[{"href":"https:\/\/www.europesays.com\/fr\/wp-json\/wp\/v2\/posts\/297780","targetHints":{"allow":["GET"]}}],"collection":[{"href":"https:\/\/www.europesays.com\/fr\/wp-json\/wp\/v2\/posts"}],"about":[{"href":"https:\/\/www.europesays.com\/fr\/wp-json\/wp\/v2\/types\/post"}],"author":[{"embeddable":true,"href":"https:\/\/www.europesays.com\/fr\/wp-json\/wp\/v2\/users\/2"}],"replies":[{"embeddable":true,"href":"https:\/\/www.europesays.com\/fr\/wp-json\/wp\/v2\/comments?post=297780"}],"version-history":[{"count":0,"href":"https:\/\/www.europesays.com\/fr\/wp-json\/wp\/v2\/posts\/297780\/revisions"}],"wp:featuredmedia":[{"embeddable":true,"href":"https:\/\/www.europesays.com\/fr\/wp-json\/wp\/v2\/media\/297781"}],"wp:attachment":[{"href":"https:\/\/www.europesays.com\/fr\/wp-json\/wp\/v2\/media?parent=297780"}],"wp:term":[{"taxonomy":"category","embeddable":true,"href":"https:\/\/www.europesays.com\/fr\/wp-json\/wp\/v2\/categories?post=297780"},{"taxonomy":"post_tag","embeddable":true,"href":"https:\/\/www.europesays.com\/fr\/wp-json\/wp\/v2\/tags?post=297780"}],"curies":[{"name":"wp","href":"https:\/\/api.w.org\/{rel}","templated":true}]}}