{"id":297782,"date":"2025-08-05T09:54:08","date_gmt":"2025-08-05T09:54:08","guid":{"rendered":"https:\/\/www.europesays.com\/fr\/297782\/"},"modified":"2025-08-05T09:54:08","modified_gmt":"2025-08-05T09:54:08","slug":"lailier-neo-zelandais-george-bridge-signe-a-la-western-force-en-super-rugby-apres-trois-saisons-a-montpellier-lequipe","status":"publish","type":"post","link":"https:\/\/www.europesays.com\/fr\/297782\/","title":{"rendered":"L&#039;ailier n\u00e9o-z\u00e9landais George Bridge signe \u00e0 la Western Force en Super Rugby apr\u00e8s trois saisons \u00e0 Montpellier &#8211; L&#039;\u00c9quipe"},"content":{"rendered":"<ol>\n<li><a href=\"https:\/\/news.google.com\/rss\/articles\/CBMi7wFBVV95cUxNb0JKaU9SUTkyajJpT2tDRHZ3OUplb1ZiTWFsSEFqSGNWVjI4VHcyREZBYnJCWkdCeDJQMTNBOGJFYVhxdjFVWVRRQjkxd1MzMUdxNkNTTDJlemduS1NrOExWVHh3Vi1YdUVlQ0NuSXBlY1ZkVzBPQUN6b2dWTVdwTG01SkpLeE44cXh4cTJJdUtYWjNvY3pGbWthRjFxRm9MalRvZ3k3dS1pRnpNVUozRUxUbFhfYVpHY0x4alVTUXBPUG1zdEpmSXZWMjVBZzZDYUQtLW95Vkc3V0FIWVVPWmxPbDBIUDhqRWpIMHgzMA?oc=5\" target=\"_blank\" rel=\"nofollow noopener\">L&rsquo;ailier n\u00e9o-z\u00e9landais George Bridge signe \u00e0 la Western Force en Super Rugby apr\u00e8s trois saisons \u00e0 Montpellier<\/a>&nbsp;&nbsp;L&rsquo;\u00c9quipe<\/li>\n<li><a href=\"https:\/\/news.google.com\/rss\/articles\/CBMiswFBVV95cUxOd2UwNUlndFlKQ2VBQjBKaWxsaC12NXA3RjFzRmxpR2lWQ25uanByaU0wQUZGb3hBeTdjN1poUWp3WDFUVC1RTDBUeUs1ZGhtblRWMlMzNE1FWFB5cDFaVTREaXFLc0lKc3prQU1hUXRWbGN2MjNIemYzT2NYNVFjcDFJS0RIS1Z4cTdMUmFIZld5RHJzdDhudFlpenNCbDZKMGM2Z29jWWNzWk5FQVYzUGgzcw?oc=5\" target=\"_blank\" rel=\"nofollow noopener\">Top 14 : George Bridge quitte Montpelier pour la Wastern Force<\/a>&nbsp;&nbsp;Le Figaro<\/li>\n<li><a href=\"https:\/\/news.google.com\/rss\/articles\/CBMi3AFBVV95cUxOc3FiX3hZM2w3RTdkaGN2LTFFc3Jzb1liam1KY01UbnpvSWRCSlFUYU9Lb3pkTDZCNHNWS1U4cEEzYl9OUm1tYm54RF9pUjBXWU95eEdLWVhnSGhWOEJwQ3VfNWxJeWtMQW84Z3luOXVDWkpwX0w3b2tMNGJibjJlWlN4YkIybDBFNGp1Q2NxanNJcTBVcjRUTWNjb3Bva3NvT1BVc3ZNM1NQTTdiZWNybTRuMmxfQnFmSW1LUnhVZjFKNDRMQXlRMVdlaU9kWXdzR3QzM2NUZGs4QWt6?oc=5\" target=\"_blank\" rel=\"nofollow noopener\">Transferts\/Top 14 \u2013 George Bridge (ex-Montpellier) rejoint une franchise australienne de Super Rugby<\/a>&nbsp;&nbsp;Rugbyrama<\/li>\n<li><a href=\"https:\/\/news.google.com\/rss\/articles\/CBMijgFBVV95cUxOaXM5Ukw2Z1hWeFBXelJ5djhjT2hURWgxRmlDNXNxejU2UlNQeVpTVlZhakJHUDVRNk0yb2RISU9TT3YtRk5HZWxjdmJzbkxlbTRuSXdiekRCUVJBMDJpXzFvQ0JlR3RnaThFcUZIdVZWQ0ZkS0ZhRjF2VWg0amJXQzY0SWdteEJTdGRqVXBB?oc=5\" target=\"_blank\" rel=\"nofollow noopener\">George Bridge quitte Montpellier et retourne en Super Rugby<\/a>&nbsp;&nbsp;Quinze Ovalie<\/li>\n<li><a href=\"https:\/\/news.google.com\/rss\/articles\/CBMidkFVX3lxTE5yUXVzYTF3SzEzT2RzdFFTOGtETlBwOEJ1NEljWWdXRVBBV1QwMjRxYTRnWWYtcFJxVndINTAyTVpfaGdXTjk3dmJBbDUyRnBvMmRLcFk0WG5MdWY2TXJ0TEFaMU5GeW9iY1RCZFJTVW9sb1NlZVE?oc=5\" target=\"_blank\" rel=\"nofollow noopener\">George Bridge : un ailier n\u00e9o-z\u00e9landais s&rsquo;engage avec la Western Force<\/a>&nbsp;&nbsp;Tribune Hebdo<\/li>\n<\/ol>\n","protected":false},"excerpt":{"rendered":"L&rsquo;ailier n\u00e9o-z\u00e9landais George Bridge signe \u00e0 la Western Force en Super Rugby apr\u00e8s trois saisons \u00e0 Montpellier&nbsp;&nbsp;L&rsquo;\u00c9quipe Top&hellip;\n","protected":false},"author":2,"featured_media":297783,"comment_status":"","ping_status":"","sticky":false,"template":"","format":"standard","meta":{"footnotes":""},"categories":[1416],"tags":[1011,27,479,1468,60],"class_list":{"0":"post-297782","1":"post","2":"type-post","3":"status-publish","4":"format-standard","5":"has-post-thumbnail","7":"category-rugby","8":"tag-fr","9":"tag-france","10":"tag-rugby","11":"tag-rugby-football","12":"tag-sports"},"share_on_mastodon":{"url":"https:\/\/pubeurope.com\/@fr\/114975556481613167","error":""},"_links":{"self":[{"href":"https:\/\/www.europesays.com\/fr\/wp-json\/wp\/v2\/posts\/297782","targetHints":{"allow":["GET"]}}],"collection":[{"href":"https:\/\/www.europesays.com\/fr\/wp-json\/wp\/v2\/posts"}],"about":[{"href":"https:\/\/www.europesays.com\/fr\/wp-json\/wp\/v2\/types\/post"}],"author":[{"embeddable":true,"href":"https:\/\/www.europesays.com\/fr\/wp-json\/wp\/v2\/users\/2"}],"replies":[{"embeddable":true,"href":"https:\/\/www.europesays.com\/fr\/wp-json\/wp\/v2\/comments?post=297782"}],"version-history":[{"count":0,"href":"https:\/\/www.europesays.com\/fr\/wp-json\/wp\/v2\/posts\/297782\/revisions"}],"wp:featuredmedia":[{"embeddable":true,"href":"https:\/\/www.europesays.com\/fr\/wp-json\/wp\/v2\/media\/297783"}],"wp:attachment":[{"href":"https:\/\/www.europesays.com\/fr\/wp-json\/wp\/v2\/media?parent=297782"}],"wp:term":[{"taxonomy":"category","embeddable":true,"href":"https:\/\/www.europesays.com\/fr\/wp-json\/wp\/v2\/categories?post=297782"},{"taxonomy":"post_tag","embeddable":true,"href":"https:\/\/www.europesays.com\/fr\/wp-json\/wp\/v2\/tags?post=297782"}],"curies":[{"name":"wp","href":"https:\/\/api.w.org\/{rel}","templated":true}]}}