{"id":297784,"date":"2025-08-05T09:55:11","date_gmt":"2025-08-05T09:55:11","guid":{"rendered":"https:\/\/www.europesays.com\/fr\/297784\/"},"modified":"2025-08-05T09:55:11","modified_gmt":"2025-08-05T09:55:11","slug":"atp-davidovich-fokina-donne-de-ses-nouvelles-et-en-remet-une-couche-ce-calendrier-mon-dieu","status":"publish","type":"post","link":"https:\/\/www.europesays.com\/fr\/297784\/","title":{"rendered":"ATP > Davidovich Fokina donne de ses nouvelles et en remet une couche : \u00ab Ce calendrier\u2026 mon Dieu \u00bb"},"content":{"rendered":"<p>Epuis\u00e9 par l\u2019en\u00adcha\u00ee\u00adne\u00adment des matchs apr\u00e8s sa tr\u00e8s belle semaine \u00e0 Washington, Alejandro Davidovich Fokina a \u00e9t\u00e9 oblig\u00e9 de jeter l\u2019\u00e9ponge face \u00e0 Andrey Rublev \u00e0 Toronto.<\/p>\n<p><a href=\"https:\/\/www.welovetennis.fr\/atp\/atp-toronto\/le-gros-coup-de-gueule-de-davidovich-fokina-ce-nest-pas-la-premiere-fois-que-cela-arrive-et-quand-on-est-a-linterieur-on-se-rend-compte-que-ce-nest-pas-aussi-beau-que-ca-en-a\" data-wpel-link=\"internal\" rel=\"nofollow noopener\" target=\"_blank\">L\u2019Espagnol avait critiqu\u00e9 le calen\u00addrier trop intensif de l\u2019ATP<\/a>, et au moment de donner de ses nouvelles sur <a href=\"https:\/\/x.com\/alexdavidovich1\/status\/1952383096952643593\" data-wpel-link=\"external\" target=\"_blank\" rel=\"nofollow external noopener\">X<\/a>, il n\u2019a pas manqu\u00e9 d\u2019en reparler, toute\u00adfois avec plus de l\u00e9g\u00e8ret\u00e9.\u00a0<\/p>\n<blockquote class=\"twitter-tweet\">\n<p lang=\"es\" dir=\"ltr\">Todo bien. Pero este calen\u00addario\u2026 madre m\u00eda \ud83d\ude05. Ahora unos dias off\u00a0para\u00a0\ud83d\udd0b\ud83d\udcaa\ud83c\udffd<\/p>\n<p>\u2014 Alejandro Davidovich Fokina (@alexdavidovich1) <a href=\"https:\/\/twitter.com\/alexdavidovich1\/status\/1952383096952643593?ref_src=twsrc%5Etfw\" data-wpel-link=\"external\" target=\"_blank\" rel=\"nofollow external noopener\">August 4,\u00a02025<\/a><\/p><\/blockquote>\n<p>On attend d\u00e9sor\u00admais l\u2019Espagnol de pied ferme \u00e0 Cincinnati, o\u00f9 il essaiera de pour\u00adsuivre sur sa belle forme du moment.<\/p>\n<p class=\"post-published-date\" style=\"color: silver; font-size: 75%; text-align: left;\">Publi\u00e9 le mardi 5 ao\u00fbt 2025 \u00e0 09:26<\/p>\n<p><script async src=\"https:\/\/platform.twitter.com\/widgets.js\" charset=\"utf-8\"><\/script><\/p>\n","protected":false},"excerpt":{"rendered":"Epuis\u00e9 par l\u2019en\u00adcha\u00ee\u00adne\u00adment des matchs apr\u00e8s sa tr\u00e8s belle semaine \u00e0 Washington, Alejandro Davidovich Fokina a \u00e9t\u00e9 oblig\u00e9&hellip;\n","protected":false},"author":2,"featured_media":297785,"comment_status":"","ping_status":"","sticky":false,"template":"","format":"standard","meta":{"footnotes":""},"categories":[1415],"tags":[43806,1011,27,60,1467],"class_list":{"0":"post-297784","1":"post","2":"type-post","3":"status-publish","4":"format-standard","5":"has-post-thumbnail","7":"category-tennis","8":"tag-davidovich-fokina","9":"tag-fr","10":"tag-france","11":"tag-sports","12":"tag-tennis"},"share_on_mastodon":{"url":"https:\/\/pubeurope.com\/@fr\/114975560372835784","error":""},"_links":{"self":[{"href":"https:\/\/www.europesays.com\/fr\/wp-json\/wp\/v2\/posts\/297784","targetHints":{"allow":["GET"]}}],"collection":[{"href":"https:\/\/www.europesays.com\/fr\/wp-json\/wp\/v2\/posts"}],"about":[{"href":"https:\/\/www.europesays.com\/fr\/wp-json\/wp\/v2\/types\/post"}],"author":[{"embeddable":true,"href":"https:\/\/www.europesays.com\/fr\/wp-json\/wp\/v2\/users\/2"}],"replies":[{"embeddable":true,"href":"https:\/\/www.europesays.com\/fr\/wp-json\/wp\/v2\/comments?post=297784"}],"version-history":[{"count":0,"href":"https:\/\/www.europesays.com\/fr\/wp-json\/wp\/v2\/posts\/297784\/revisions"}],"wp:featuredmedia":[{"embeddable":true,"href":"https:\/\/www.europesays.com\/fr\/wp-json\/wp\/v2\/media\/297785"}],"wp:attachment":[{"href":"https:\/\/www.europesays.com\/fr\/wp-json\/wp\/v2\/media?parent=297784"}],"wp:term":[{"taxonomy":"category","embeddable":true,"href":"https:\/\/www.europesays.com\/fr\/wp-json\/wp\/v2\/categories?post=297784"},{"taxonomy":"post_tag","embeddable":true,"href":"https:\/\/www.europesays.com\/fr\/wp-json\/wp\/v2\/tags?post=297784"}],"curies":[{"name":"wp","href":"https:\/\/api.w.org\/{rel}","templated":true}]}}