{"id":297786,"date":"2025-08-05T09:56:11","date_gmt":"2025-08-05T09:56:11","guid":{"rendered":"https:\/\/www.europesays.com\/fr\/297786\/"},"modified":"2025-08-05T09:56:11","modified_gmt":"2025-08-05T09:56:11","slug":"fougeres-a-recu-une-bonne-nouvelle-de-la-federation-francaise","status":"publish","type":"post","link":"https:\/\/www.europesays.com\/fr\/297786\/","title":{"rendered":"Foug\u00e8res a re\u00e7u une bonne nouvelle de la f\u00e9d\u00e9ration fran\u00e7aise"},"content":{"rendered":"<p>            Par<br \/>\n        <strong><br \/>\n            <a href=\"https:\/\/actu.fr\/auteur\/benoit-fouque\" title=\"Consulter tous les articles de Benoit Fouque\" target=\"_blank\" rel=\"noopener\">Benoit Fouque<\/a><br \/>\n        <\/strong><\/p>\n<p>        Publi\u00e9 le<\/p>\n<p>            4 juil. 2025 \u00e0 14h57        <\/p>\n<p>Une longue attente, mais une issue positive. <a href=\"https:\/\/actu.fr\/tag\/pays-de-fougeres-basket\" target=\"_blank\" rel=\"noopener\">Pays de Foug\u00e8res basket<\/a> a appris une bonne nouvelle de la part de la f\u00e9d\u00e9ration fran\u00e7aise, <b>vendredi 4 juillet<\/b>.<\/p>\n<p class=\" wall-content\">Le club annonce avoir re\u00e7u un mail de confirmation pour l\u2019engagement de l\u2019\u00e9quipe fanion en<b> Nationale 1<\/b> la saison prochaine.<\/p>\n<p class=\" wall-content\">A l\u2019issue du championnat le <b>13 mai<\/b>, les <b>Blues Brothers<\/b> avaient achev\u00e9 la deuxi\u00e8me phase en position de premier rel\u00e9gable.<\/p>\n<p>Rep\u00eachage<\/p>\n<p class=\" wall-content\"><b>Lundi 23 juin<\/b>, le club avait d\u00e9voil\u00e9 que, \u00ab\u00a0suite \u00e0 son audition du 11 juin, la commission de contr\u00f4le de gestion (CCG) de la f\u00e9d\u00e9ration fran\u00e7aise de basket-ball a d\u00e9cid\u00e9 de lever notre d\u00e9lib\u00e9r\u00e9 et de valider notre engagement en NM2\u00a0\u00bb.<\/p>\n<p class=\" wall-content\">Le PFB avait annonc\u00e9 une autre nouvelle :\u00a0<\/p>\n<p>Vid\u00e9os : en ce moment sur Actu<\/p>\n<blockquote class=\"ac-article-quote wall-content\">\n<p>Nous venons d\u2019autre part d\u2019\u00eatre inform\u00e9 ce jour par la commission f\u00e9d\u00e9rale 5X5 d\u2019une proposition de rep\u00eachage en NM1 \u00e0 laquelle nous allons bien \u00e9videmment r\u00e9pondre favorablement.<\/p>\n<p>Pays de Foug\u00e8res basket<\/p><\/blockquote>\n<p class=\" wall-content\">Restait \u00e0 patienter quelque temps avant l\u2019officialisation du maintien. Celui-ci \u00e9tant act\u00e9, <b>Pays de Foug\u00e8res basket<\/b> va poursuivre la pr\u00e9paration de son deuxi\u00e8me exercice \u00e0 ce niveau.<\/p>\n<p class=\" wall-content\">Apr\u00e8s avoir annonc\u00e9 le d\u00e9part de huit joueurs dans son effectif, les <b>Blues Brothers<\/b> ont confirm\u00e9 que Cheick Soumaoro et Ma\u00ebl Lebrun porteront le maillot bleu et blanc la saison prochaine.<\/p>\n<p class=\" wall-content\">Suivez toute l\u2019actualit\u00e9 de vos villes et m\u00e9dias favoris en vous inscrivant \u00e0 <a href=\"https:\/\/moncompte.actu.fr\" title=\"D\u00e9couvez Mon Actu\" rel=\"nofollow noopener\" data-trk=\"{&quot;cta&quot;:{&quot;action&quot;:&quot;https:\\\/\\\/moncompte.actu.fr&quot;,&quot;category&quot;:&quot;mon compte&quot;,&quot;from&quot;:&quot;article footer&quot;,&quot;name&quot;:&quot;Mon actu&quot;,&quot;type&quot;:&quot;cta&quot;}}\" target=\"_blank\">Mon Actu<\/a>.<\/p>\n<ul class=\"ac-article-tag wall-content\">\n<li><a href=\"https:\/\/actu.fr\/tag\/pays-de-fougeres-basket\" data-trk=\"{&quot;cta&quot;:{&quot;action&quot;:&quot;Pays de Foug\\u00e8res basket&quot;,&quot;category&quot;:&quot;tag&quot;,&quot;from&quot;:&quot;article footer&quot;,&quot;name&quot;:&quot;Pays de Foug\\u00e8res basket&quot;,&quot;type&quot;:&quot;cta&quot;}}\" target=\"_blank\" rel=\"noopener\">#Pays de Foug\u00e8res basket<\/a><\/li>\n<\/ul>\n","protected":false},"excerpt":{"rendered":"Par Benoit Fouque Publi\u00e9 le 4 juil. 2025 \u00e0 14h57 Une longue attente, mais une issue positive. Pays&hellip;\n","protected":false},"author":2,"featured_media":297787,"comment_status":"","ping_status":"","sticky":false,"template":"","format":"standard","meta":{"footnotes":""},"categories":[1414],"tags":[1465,1464,1011,27,25697,60],"class_list":{"0":"post-297786","1":"post","2":"type-post","3":"status-publish","4":"format-standard","5":"has-post-thumbnail","7":"category-basket","8":"tag-basket","9":"tag-basketball","10":"tag-fr","11":"tag-france","12":"tag-pays-de-fougeres-basket","13":"tag-sports"},"share_on_mastodon":{"url":"https:\/\/pubeurope.com\/@fr\/114975564392560430","error":""},"_links":{"self":[{"href":"https:\/\/www.europesays.com\/fr\/wp-json\/wp\/v2\/posts\/297786","targetHints":{"allow":["GET"]}}],"collection":[{"href":"https:\/\/www.europesays.com\/fr\/wp-json\/wp\/v2\/posts"}],"about":[{"href":"https:\/\/www.europesays.com\/fr\/wp-json\/wp\/v2\/types\/post"}],"author":[{"embeddable":true,"href":"https:\/\/www.europesays.com\/fr\/wp-json\/wp\/v2\/users\/2"}],"replies":[{"embeddable":true,"href":"https:\/\/www.europesays.com\/fr\/wp-json\/wp\/v2\/comments?post=297786"}],"version-history":[{"count":0,"href":"https:\/\/www.europesays.com\/fr\/wp-json\/wp\/v2\/posts\/297786\/revisions"}],"wp:featuredmedia":[{"embeddable":true,"href":"https:\/\/www.europesays.com\/fr\/wp-json\/wp\/v2\/media\/297787"}],"wp:attachment":[{"href":"https:\/\/www.europesays.com\/fr\/wp-json\/wp\/v2\/media?parent=297786"}],"wp:term":[{"taxonomy":"category","embeddable":true,"href":"https:\/\/www.europesays.com\/fr\/wp-json\/wp\/v2\/categories?post=297786"},{"taxonomy":"post_tag","embeddable":true,"href":"https:\/\/www.europesays.com\/fr\/wp-json\/wp\/v2\/tags?post=297786"}],"curies":[{"name":"wp","href":"https:\/\/api.w.org\/{rel}","templated":true}]}}