{"id":297788,"date":"2025-08-05T09:57:12","date_gmt":"2025-08-05T09:57:12","guid":{"rendered":"https:\/\/www.europesays.com\/fr\/297788\/"},"modified":"2025-08-05T09:57:12","modified_gmt":"2025-08-05T09:57:12","slug":"le-motogp-a-lheure-de-liberty-ou-comment-preserver-un-championnat-unique","status":"publish","type":"post","link":"https:\/\/www.europesays.com\/fr\/297788\/","title":{"rendered":"Le MotoGP \u00e0 l&rsquo;heure de Liberty, ou comment pr\u00e9server un championnat \u00ab\u00a0unique\u00a0\u00bb"},"content":{"rendered":"<p>Cela fait environ un mois que Liberty Media a conclu l&rsquo;acquisition de 84% de Dorna Sports, soci\u00e9t\u00e9 qui d\u00e9tient les droits du MotoGP. L&rsquo;op\u00e9ration a pris beaucoup plus de temps que ne l&rsquo;avaient estim\u00e9 initialement les deux parties mais la Commission europ\u00e9enne a fini par donner son feu vert.<\/p>\n<p>Depuis, les mouvements au sein du personnel de Dorna, en majorit\u00e9 espagnol, se sont acc\u00e9l\u00e9r\u00e9s. Et le remaniement ne fait que commencer, notamment dans les secteurs du commerce et du marketing. Ces deux divisions, \u00e9troitement li\u00e9es l&rsquo;une \u00e0 l&rsquo;autre, sont devenues l&rsquo;un des points cl\u00e9s de l&rsquo;action men\u00e9e par les dirigeants de Liberty dans cette premi\u00e8re phase de leur prise de fonctions.<\/p>\n<p>Le d\u00e9partement commercial est dirig\u00e9 par Dan Rossomondo, lui-m\u00eame am\u00e9ricain et qui a rejoint la Dorna il y a un peu plus de deux ans, en provenance de la NBA. Maintenant que le silence sur cette op\u00e9ration d&rsquo;ampleur peut \u00eatre rompu, l&rsquo;enqu\u00eate ouverte par Bruxelles pour \u00e9valuer si elle respectait le cadre de la loi antitrust \u00e9tant conclue, il en dit plus sur ce que ce changement va repr\u00e9senter.<\/p>\n<p>Car les questions sont nombreuses \u00e0 l&rsquo;heure o\u00f9 le MotoGP entre dans une nouvelle \u00e8re sous l&rsquo;\u00e9gide de la soci\u00e9t\u00e9 qui a modernis\u00e9 la <a href=\"https:\/\/fr.motorsport.com\/f1\/\" target=\"_self\" rel=\"noopener\">Formule 1<\/a> ces derni\u00e8res ann\u00e9es. L&rsquo;une des premi\u00e8res interrogations qui circule dans le paddock, et probablement aussi \u00e0 l&rsquo;ext\u00e9rieur, concerne la mani\u00e8re dont le championnat va \u00e9voluer sous l&rsquo;influence du g\u00e9ant am\u00e9ricain du divertissement, et si certaines strat\u00e9gies d\u00e9j\u00e0 employ\u00e9es en F1 vont \u00eatre adopt\u00e9es.<\/p>\n<p>\u00ab\u00a0Ils comprennent, et nous aussi, que la m\u00eame strat\u00e9gie ne fonctionne pas n\u00e9cessairement deux fois\u00a0\u00bb, explique Dan Rossomondo \u00e0 <a href=\"https:\/\/www.blackbookmotorsport.com\/features\/motogp-liberty-media-takeover-dorna-dan-rossomondo-interview\/\" target=\"_self\" rel=\"noopener\">BlackBook Motorsport<\/a>. \u00ab\u00a0Elle doit \u00eatre unique par rapport \u00e0 ce qu&rsquo;est notre sport\u2026 Nous avons beaucoup de composantes qui sont tout simplement diff\u00e9rentes de [la F1]. Ils per\u00e7oivent certains mod\u00e8les qui auraient du sens dans les deux business et dont nous pourrions tirer avantage, mais cela ne peut pas \u00eatre la m\u00eame chose.\u00a0\u00bb<\/p>\n<p>\u00ab\u00a0Les gens de Liberty sont tr\u00e8s ing\u00e9nieux. Ils savent qu&rsquo;ils ont quelque chose qui est unique et ils ne veulent pas g\u00e2cher cela\u00a0\u00bb, poursuit le directeur commercial. \u00ab\u00a0Je pense qu&rsquo;ils vont passer beaucoup de temps \u00e0 essayer de comprendre le business et qui nous sommes. Je ne pense pas qu&rsquo;ils vont essayer de standardiser notre sport. Si je raisonne en tant que puriste, c&rsquo;est excitant car nous allons investir ensemble dans notre sport. [Les fans] adorent tellement ce sport qu&rsquo;ils ne veulent pas qu&rsquo;il soit impact\u00e9, mais j&rsquo;esp\u00e8re qu&rsquo;ils peuvent \u00eatre tranquilles.\u00a0\u00bb<\/p>\n<p>Lire aussi :<\/p>\n<p>Une opportunit\u00e9 pour d\u00e9velopper le MotoGP<\/p>\n<p>D&rsquo;un point de vue personnel, Dan Rossomondo reconna\u00eet que l&rsquo;apport de Liberty, et notamment l&rsquo;exp\u00e9rience de la F1 que poss\u00e8de le groupe, peut \u00eatre d&rsquo;une grande aide pour d\u00e9velopper la marque MotoGP. Cela devrait amplifier la popularit\u00e9 du championnat, ce qui conduira in\u00e9vitablement \u00e0 un plus grand int\u00e9r\u00eat de la part des sponsors et donc des recettes globales. Selon lui, c&rsquo;est toutefois aux acteurs du MotoGP de s&rsquo;inspirer des solutions apport\u00e9es pour les mettre en action.<\/p>\n<p>\u00ab\u00a0Nous devons vraiment nous concentrer sur les partenariats non end\u00e9miques\u00a0\u00bb, observe-t-il. \u00ab\u00a0Nous nous en sortons tr\u00e8s bien dans le milieu, [mais] je dois faire du meilleur travail pour amener les marques \u00e0 se dire\u00a0:\u00a0&lsquo;Je veux utiliser le MotoGP pour marketer mon produit&rsquo;. [Liberty] peut nous aider \u00e0 ouvrir des portes et \u00e0 obtenir de tr\u00e8s bonnes \u00e9tudes de cas par rapport \u00e0 ce qu&rsquo;ils ont fait avec d&rsquo;autres propri\u00e9t\u00e9s, mais nous devons nous y atteler et faire le travail.\u00a0\u00bb<\/p>\n<p>   <img decoding=\"async\" draggable=\"false\" src=\"https:\/\/www.europesays.com\/fr\/wp-content\/uploads\/2025\/08\/dan-rossomondo.jpg\" alt=\"Dan Rossomondo\" width=\"1200\" height=\"800\" loading=\"lazy\"\/> <\/p>\n<p class=\"title\">Dan Rossomondo<\/p>\n<p class=\"photographer\">Photo de : Gold and Goose Photography \/ LAT Images \/ via Getty Images<\/p>\n<p>La mondialisation que la Formule 1 a connue ces cinq derni\u00e8res ann\u00e9es a conduit le championnat vers de nouvelles destinations. Bien entendu, Dan Rossomondo souhaite que ce ph\u00e9nom\u00e8ne se reproduise en MotoGP, mais il assure que la discipline doit conserver l&rsquo;Europe comme base centrale pour ses courses.<\/p>\n<p>\u00ab\u00a0Nous cherchons toujours \u00e0 \u00e9tendre notre pr\u00e9sence en dehors de l&rsquo;Europe, mais nous devons aussi un peu nourrir la b\u00eate\u00a0\u00bb, d\u00e9crit-il. \u00ab\u00a0Nous pouvons amener le championnat en Indon\u00e9sie, en Malaisie, en Tha\u00eflande et l&rsquo;ann\u00e9e prochaine au Br\u00e9sil, et le faire aller \u00e0 de nouveaux endroits, mais lorsque nous arrivons en Europe, la perception est diff\u00e9rente.\u00a0\u00bb<\/p>\n<p>Et le directeur commercial d&rsquo;ajouter\u00a0:\u00a0\u00ab\u00a0Aimerions-nous avoir plus de march\u00e9s sur lesquels nous pouvons courir\u00a0?\u00a0Absolument. Mais nous devons aussi nous assurer que nous tirons le meilleur parti possible de ces circuits existants.\u00a0\u00bb<\/p>\n<p>Lire aussi :<\/p>\n<p>Dans cet article<\/p>\n<p>Soyez le premier inform\u00e9 et souscrivez aux alertes mails pour recevoir les infos en temps r\u00e9el<\/p>\n<p>    S&rsquo;abonner aux alertes de news<\/p>\n","protected":false},"excerpt":{"rendered":"Cela fait environ un mois que Liberty Media a conclu l&rsquo;acquisition de 84% de Dorna Sports, soci\u00e9t\u00e9 qui&hellip;\n","protected":false},"author":2,"featured_media":297789,"comment_status":"","ping_status":"","sticky":false,"template":"","format":"standard","meta":{"footnotes":""},"categories":[1413],"tags":[1011,27,1457,1456,1458,60],"class_list":{"0":"post-297788","1":"post","2":"type-post","3":"status-publish","4":"format-standard","5":"has-post-thumbnail","7":"category-moto","8":"tag-fr","9":"tag-france","10":"tag-moto","11":"tag-motocycle","12":"tag-motogp","13":"tag-sports"},"share_on_mastodon":{"url":"https:\/\/pubeurope.com\/@fr\/114975568361869100","error":""},"_links":{"self":[{"href":"https:\/\/www.europesays.com\/fr\/wp-json\/wp\/v2\/posts\/297788","targetHints":{"allow":["GET"]}}],"collection":[{"href":"https:\/\/www.europesays.com\/fr\/wp-json\/wp\/v2\/posts"}],"about":[{"href":"https:\/\/www.europesays.com\/fr\/wp-json\/wp\/v2\/types\/post"}],"author":[{"embeddable":true,"href":"https:\/\/www.europesays.com\/fr\/wp-json\/wp\/v2\/users\/2"}],"replies":[{"embeddable":true,"href":"https:\/\/www.europesays.com\/fr\/wp-json\/wp\/v2\/comments?post=297788"}],"version-history":[{"count":0,"href":"https:\/\/www.europesays.com\/fr\/wp-json\/wp\/v2\/posts\/297788\/revisions"}],"wp:featuredmedia":[{"embeddable":true,"href":"https:\/\/www.europesays.com\/fr\/wp-json\/wp\/v2\/media\/297789"}],"wp:attachment":[{"href":"https:\/\/www.europesays.com\/fr\/wp-json\/wp\/v2\/media?parent=297788"}],"wp:term":[{"taxonomy":"category","embeddable":true,"href":"https:\/\/www.europesays.com\/fr\/wp-json\/wp\/v2\/categories?post=297788"},{"taxonomy":"post_tag","embeddable":true,"href":"https:\/\/www.europesays.com\/fr\/wp-json\/wp\/v2\/tags?post=297788"}],"curies":[{"name":"wp","href":"https:\/\/api.w.org\/{rel}","templated":true}]}}