{"id":297790,"date":"2025-08-05T09:58:12","date_gmt":"2025-08-05T09:58:12","guid":{"rendered":"https:\/\/www.europesays.com\/fr\/297790\/"},"modified":"2025-08-05T09:58:12","modified_gmt":"2025-08-05T09:58:12","slug":"ferrari-recrute-deux-tres-jeunes-pilotes-pour-2026","status":"publish","type":"post","link":"https:\/\/www.europesays.com\/fr\/297790\/","title":{"rendered":"Ferrari recrute deux (tr\u00e8s) jeunes pilotes pour 2026"},"content":{"rendered":"<p>Alors que la Ferrari Driver Academy (FDA) a connu un beau succ\u00e8s le week-end dernier avec <a href=\"https:\/\/fr.motorsport.com\/fia-f3\/news\/rafael-camara-protege-ferrari-domine-F3\/10748521\/\" target=\"_self\" rel=\"noopener\">le titre de Rafael Camara en F3<\/a>, le programme junior de la Scuderia continue de se constituer un vivier pr\u00e9cieux pour l&rsquo;avenir. Il int\u00e9grera en janvier 2026 deux jeunes talents prometteurs\u00a0: la Danoise Alba Larsen, n\u00e9e en 2008, et l&rsquo;Italien Niccol\u00f2 Maccagnani, n\u00e9 en 2010.<\/p>\n<p>Alba Larsen n&rsquo;est pas inconnue des \u00e9quipes de Maranello. En 2023, elle s&rsquo;\u00e9tait fait remarquer en remportant la quatri\u00e8me \u00e9dition de Girls on Track &#8211; Rising Star, une initiative conjointe entre Ferrari et la FIA pour encourager les jeunes filles \u00e0 se faire une place en sport automobile. \u00c0 seulement 14 ans, lors de la finale \u00e0 Fiorano, elle avait attir\u00e9 l&rsquo;attention des experts de la FDA, qui ont suivi son \u00e9volution en 2024 tout en l&rsquo;invitant r\u00e9guli\u00e8rement \u00e0 Maranello.<\/p>\n<p>Alba Larsen a fait ses d\u00e9buts en monoplace l&rsquo;an dernier en participant \u00e0 quelques courses du championnat Indian F4, avant de rejoindre cette saison la F1 Academy, championnat 100% f\u00e9minin disput\u00e9 lors de certains Grands Prix de Formule\u00a01.<\/p>\n<p>Son d\u00e9but de saison a \u00e9t\u00e9 plut\u00f4t convaincant\u00a0: en huit courses, elle a marqu\u00e9 des points \u00e0 sept reprises, avec comme meilleurs r\u00e9sultats une quatri\u00e8me place, quatre cinqui\u00e8me places, ainsi qu&rsquo;une septi\u00e8me et une huiti\u00e8me place. Actuellement sixi\u00e8me du championnat, elle a su montrer un niveau suffisamment solide pour que Ferrari d\u00e9cide d&rsquo;aller plus loin dans sa collaboration.\u00a0<\/p>\n<p>\u00a0<\/p>\n<p>De son c\u00f4t\u00e9, Niccol\u00f2 Maccagnani a fait parler de lui par ses performances en karting et en monoplace, participant \u00e0 plusieurs s\u00e9ances d&rsquo;essais priv\u00e9s.<\/p>\n<p>L&rsquo;an dernier, il a particip\u00e9 \u00e0 la 21e \u00e9dition de l&rsquo;ACI Sport Supercorso, un programme italien reconnu qui rep\u00e8re les jeunes pilotes \u00e0 fort potentiel. L\u00e0 aussi, le pilote romain s&rsquo;est distingu\u00e9 par sa vitesse mais aussi par son investissement et sa volont\u00e9 de progresser. Plus r\u00e9cemment, il a confirm\u00e9 sa mont\u00e9e en puissance en r\u00e9alisant le meilleur temps lors d&rsquo;un test de groupe F4 \u00e0 Vallelunga, devan\u00e7ant 36 autres concurrents.<\/p>\n<p>Les deux pilotes rejoindront officiellement la Ferrari Driver Academy d\u00e8s le d\u00e9but de l&rsquo;ann\u00e9e prochaine. Le d\u00e9tail de leurs programmes respectifs en comp\u00e9tition sera toutefois communiqu\u00e9 ult\u00e9rieurement.<\/p>\n<p>\u00a0<\/p>\n<\/p>\n<p>Dans cet article<\/p>\n<p>Soyez le premier inform\u00e9 et souscrivez aux alertes mails pour recevoir les infos en temps r\u00e9el<\/p>\n<p>    S&rsquo;abonner aux alertes de news<\/p>\n","protected":false},"excerpt":{"rendered":"Alors que la Ferrari Driver Academy (FDA) a connu un beau succ\u00e8s le week-end dernier avec le titre&hellip;\n","protected":false},"author":2,"featured_media":297791,"comment_status":"","ping_status":"","sticky":false,"template":"","format":"standard","meta":{"footnotes":""},"categories":[1412],"tags":[1451,43807,2251,1452,1453,1454,1455,1011,27,60],"class_list":{"0":"post-297790","1":"post","2":"type-post","3":"status-publish","4":"format-standard","5":"has-post-thumbnail","7":"category-f1","8":"tag-f1","9":"tag-f1-academy","10":"tag-ferrari","11":"tag-formula-1","12":"tag-formula1","13":"tag-formule-1","14":"tag-formule1","15":"tag-fr","16":"tag-france","17":"tag-sports"},"share_on_mastodon":{"url":"https:\/\/pubeurope.com\/@fr\/114975572207768705","error":""},"_links":{"self":[{"href":"https:\/\/www.europesays.com\/fr\/wp-json\/wp\/v2\/posts\/297790","targetHints":{"allow":["GET"]}}],"collection":[{"href":"https:\/\/www.europesays.com\/fr\/wp-json\/wp\/v2\/posts"}],"about":[{"href":"https:\/\/www.europesays.com\/fr\/wp-json\/wp\/v2\/types\/post"}],"author":[{"embeddable":true,"href":"https:\/\/www.europesays.com\/fr\/wp-json\/wp\/v2\/users\/2"}],"replies":[{"embeddable":true,"href":"https:\/\/www.europesays.com\/fr\/wp-json\/wp\/v2\/comments?post=297790"}],"version-history":[{"count":0,"href":"https:\/\/www.europesays.com\/fr\/wp-json\/wp\/v2\/posts\/297790\/revisions"}],"wp:featuredmedia":[{"embeddable":true,"href":"https:\/\/www.europesays.com\/fr\/wp-json\/wp\/v2\/media\/297791"}],"wp:attachment":[{"href":"https:\/\/www.europesays.com\/fr\/wp-json\/wp\/v2\/media?parent=297790"}],"wp:term":[{"taxonomy":"category","embeddable":true,"href":"https:\/\/www.europesays.com\/fr\/wp-json\/wp\/v2\/categories?post=297790"},{"taxonomy":"post_tag","embeddable":true,"href":"https:\/\/www.europesays.com\/fr\/wp-json\/wp\/v2\/tags?post=297790"}],"curies":[{"name":"wp","href":"https:\/\/api.w.org\/{rel}","templated":true}]}}