{"id":297798,"date":"2025-08-05T10:02:14","date_gmt":"2025-08-05T10:02:14","guid":{"rendered":"https:\/\/www.europesays.com\/fr\/297798\/"},"modified":"2025-08-05T10:02:14","modified_gmt":"2025-08-05T10:02:14","slug":"pour-ses-innovations-photographiques-il-est-recompense-par-lacademie-des-arts-de-paris","status":"publish","type":"post","link":"https:\/\/www.europesays.com\/fr\/297798\/","title":{"rendered":"pour ses innovations photographiques, il est r\u00e9compens\u00e9 par l\u2019Acad\u00e9mie des arts de Paris"},"content":{"rendered":"<p>Si rien ne destinait a priori Christian Fleitz, titulaire d\u2019un DUT de mesures physiques, \u00e0 se lancer dans l\u2019exploration photographique, on peut dire qu\u2019il en a pulv\u00e9ris\u00e9 les limites de fa\u00e7on assez vertigineuse ces dix derni\u00e8res ann\u00e9es. Voulant tester, il y a treize ans, la fonctionnalit\u00e9 \u00ab\u00a0macro\u00a0\u00bb de son nouveau smartphone et subjugu\u00e9 par la beaut\u00e9 quasi abstraite des clich\u00e9s obtenus, il n\u2019a eu de cesse de conjuguer ses connaissances physiques avec la pratiq&#8230; <\/p>\n<p>    Cet article a \u00e9t\u00e9 tronqu\u00e9. Abonnez-vous pour lire l&rsquo;article complet sur notre site.<\/p>\n<p style=\"margin: 0 !important; padding: 0 !important; font-size: 12px !important;\">Cet article a \u00e9t\u00e9 tronqu\u00e9. Abonnez-vous pour lire l&rsquo;article complet.<\/p>\n<p>    <a href=\"https:\/\/www.lanouvellerepublique.fr\/abonnements\" style=\"display: inline-block; margin-top: 5px !important; padding: 6px 12px !important; background: #cb1c27; color: white; text-decoration: none; border-radius: 4px; font-size: 12px !important;\" target=\"_blank\" rel=\"noopener\"><br \/>\n      S&rsquo;abonner<br \/>\n    <\/a><\/p>\n","protected":false},"excerpt":{"rendered":"Si rien ne destinait a priori Christian Fleitz, titulaire d\u2019un DUT de mesures physiques, \u00e0 se lancer dans&hellip;\n","protected":false},"author":2,"featured_media":297799,"comment_status":"","ping_status":"","sticky":false,"template":"","format":"standard","meta":{"footnotes":""},"categories":[1358],"tags":[1392,1348,1384,1385,1674,1386,58,59,43808,1011,27,1387,1393],"class_list":{"0":"post-297798","1":"post","2":"type-post","3":"status-publish","4":"format-standard","5":"has-post-thumbnail","7":"category-arts-et-design","8":"tag-a-la-une-local","9":"tag-arts","10":"tag-arts-and-design","11":"tag-arts-et-design","12":"tag-communes","13":"tag-design","14":"tag-divertissement","15":"tag-entertainment","16":"tag-fondettes","17":"tag-fr","18":"tag-france","19":"tag-indre-et-loire","20":"tag-loisirs"},"share_on_mastodon":{"url":"https:\/\/pubeurope.com\/@fr\/114975588261667640","error":""},"_links":{"self":[{"href":"https:\/\/www.europesays.com\/fr\/wp-json\/wp\/v2\/posts\/297798","targetHints":{"allow":["GET"]}}],"collection":[{"href":"https:\/\/www.europesays.com\/fr\/wp-json\/wp\/v2\/posts"}],"about":[{"href":"https:\/\/www.europesays.com\/fr\/wp-json\/wp\/v2\/types\/post"}],"author":[{"embeddable":true,"href":"https:\/\/www.europesays.com\/fr\/wp-json\/wp\/v2\/users\/2"}],"replies":[{"embeddable":true,"href":"https:\/\/www.europesays.com\/fr\/wp-json\/wp\/v2\/comments?post=297798"}],"version-history":[{"count":0,"href":"https:\/\/www.europesays.com\/fr\/wp-json\/wp\/v2\/posts\/297798\/revisions"}],"wp:featuredmedia":[{"embeddable":true,"href":"https:\/\/www.europesays.com\/fr\/wp-json\/wp\/v2\/media\/297799"}],"wp:attachment":[{"href":"https:\/\/www.europesays.com\/fr\/wp-json\/wp\/v2\/media?parent=297798"}],"wp:term":[{"taxonomy":"category","embeddable":true,"href":"https:\/\/www.europesays.com\/fr\/wp-json\/wp\/v2\/categories?post=297798"},{"taxonomy":"post_tag","embeddable":true,"href":"https:\/\/www.europesays.com\/fr\/wp-json\/wp\/v2\/tags?post=297798"}],"curies":[{"name":"wp","href":"https:\/\/api.w.org\/{rel}","templated":true}]}}