{"id":297800,"date":"2025-08-05T10:03:09","date_gmt":"2025-08-05T10:03:09","guid":{"rendered":"https:\/\/www.europesays.com\/fr\/297800\/"},"modified":"2025-08-05T10:03:09","modified_gmt":"2025-08-05T10:03:09","slug":"les-meilleurs-romans-sur-luchronie","status":"publish","type":"post","link":"https:\/\/www.europesays.com\/fr\/297800\/","title":{"rendered":"Les meilleurs romans sur l\u2019uchronie"},"content":{"rendered":"<p>Refaire l\u2019histoire avec des \u00ab si \u00bb : tel est le principe de l\u2019uchronie, genre dans lequel les \u00e9v\u00e9nements pass\u00e9s d\u2019une vie, d\u2019un pays ou d\u2019un personnage historique sont chang\u00e9s afin de cr\u00e9er un univers narratif alternatif. Du film Un jour sans fin aux BD Jour J, ce sch\u00e9ma narratif a fait recette, et doit une partie de son succ\u00e8s aux \u00e9crivains de SF qui en ont forg\u00e9 l\u2019histoire. Voici le top des livres de ce courant.<\/p>\n<p>                            <strong>Et si on refaisait l\u2019histoire d\u2019Anthony Rowley et Fabrice d\u2019Almeida (2009)<\/strong><\/p>\n<p>Avant d\u2019\u00eatre un genre litt\u00e9raire, l\u2019<a href=\"https:\/\/www.fnac.com\/n10646\/Fantasy-et-Science-Fiction\/Uchronie\" target=\"_blank\" rel=\"noopener\">uchronie<\/a> fut d\u2019abord un exercice de pens\u00e9e des historiens\u00a0: d\u00e8s H\u00e9rodote, le fait de raconter un \u00e9v\u00e9nement qui se serait produit en fonction d\u2019une \u00ab\u00a0divergence\u00a0\u00bb a \u00e9t\u00e9 conscientis\u00e9 dans les <a href=\"https:\/\/www.fnac.com\/s557\/Sciences-humaines\" target=\"_blank\" rel=\"noopener\">sciences humaines<\/a>. De temps \u00e0 autre, les sp\u00e9cialistes de telle ou telle p\u00e9riode s\u2019y adonnent encore. <strong><a href=\"https:\/\/www.fnac.com\/o7631267\/Et-si-on-refaisait-l-histoire\/w-4\" target=\"_blank\" rel=\"noopener\">Et si on refaisait l\u2019histoire<\/a><\/strong>, essai d\u2019historien, contient seize \u00ab\u00a0sc\u00e9narios\u00a0\u00bb sur lesquels on peut m\u00e9diter et imaginer, \u00e0 son tour, en quoi notre continuit\u00e9 historique repose sur certains \u00e9v\u00e9nements\u00a0: la r\u00e9ussite de la fuite de Louis XVI, la chute de l\u2019\u00c9tat d\u2019Isra\u00ebl pendant la guerre du Kippour ou la d\u00e9faite de Charles Martel \u00e0 Poitiers sont autant de \u00ab\u00a0points de divergence\u00a0\u00bb que les auteurs explorent dans cet essai id\u00e9al pour entrer en uchronie.<\/p>\n<p><strong>La Patrouille du temps de Poul Anderson (1960)<\/strong><\/p>\n<p>Le th\u00e8me du voyage dans le temps, en particulier dans le pass\u00e9, cher \u00e0 la <a href=\"https:\/\/www.fnac.com\/s321776\/Fantasy-et-Science-Fiction\/Tout-l-univers-Science-Fiction\" target=\"_blank\" rel=\"noopener\">science-fiction<\/a>, a profond\u00e9ment nourri la litt\u00e9rature uchronique\u00a0: dans <strong><a href=\"https:\/\/www.fnac.com\/La-patrouille-du-temps\/si7199\" target=\"_blank\" rel=\"noopener\">La Patrouille du temps<\/a><\/strong>, de <a href=\"https:\/\/www.fnac.com\/Poul-Anderson\/ia8747\" target=\"_blank\" rel=\"noopener\">Poul Anderson<\/a>, les \u00eatres humains du futur r\u00e9ussissent \u00e0 voyager au gr\u00e9 des \u00e9poques. Ils mandent diff\u00e9rentes personnes pour emp\u00eacher des changements dans l\u2019histoire. V\u00e9ritable police anti-uchronie, ces agents se distinguent dans une s\u00e9rie de nouvelles qui imaginent des divergences \u00e0 diff\u00e9rents moments de notre histoire\u2026 Un classique de la SF vintage qui flirte avec l\u2019uchronie\u00a0!<\/p>\n<p><strong class=\"small\">En stock<\/strong><\/p>\n<p>        Acheter sur Fnac.com<\/p>\n<p><strong>Pavane de Keith Roberts (1968)<\/strong><\/p>\n<p>Avec <strong><a href=\"https:\/\/www.fnac.com\/o8539024\/Pavane\/w-4\" target=\"_blank\" rel=\"noopener\">Pavane<\/a><\/strong>,\u00a0<a href=\"https:\/\/www.fnac.com\/ia118463\/Keith-Roberts\" target=\"_blank\" rel=\"noopener\">Keith Roberts<\/a> nous place d\u2019embl\u00e9e dans le comble de l\u2019uchronie litt\u00e9raire\u00a0: \u00e0 la suite d\u2019une divergence avec l\u2019Histoire telle que nous la connaissons, l\u2019univers d\u2019un <a href=\"https:\/\/www.fnac.com\/livre.asp\" target=\"_blank\" rel=\"noopener\">livre<\/a> devient un monde enti\u00e8rement parall\u00e8le. Dans ce r\u00e9cit, on mesure les cons\u00e9quences de la domination de l\u2019\u00c9glise catholique sur l\u2019Angleterre et ses colonies au XVIe si\u00e8cle, dans une s\u00e9rie de nouvelles qui se d\u00e9roulent au XXe. L\u2019Inquisition a veill\u00e9 \u00e0 ce que les technologies n\u2019\u00e9voluent que tr\u00e8s lentement, et le pouvoir du Pape \u00e9tend son influence dans le monde entier. Seule une poign\u00e9e de r\u00e9volutionnaires tente de bouleverser cet \u00e9trange ordre \u00e9tabli, par lequel Keith Roberts r\u00e9ussit pleinement l\u2019exercice de montrer une r\u00e9alit\u00e9 lointaine pour mieux parler de la n\u00f4tre\u2026<\/p>\n<p><strong class=\"small\">En stock<\/strong><\/p>\n<p>        Acheter sur Fnac.com<\/p>\n<p><strong>Le Ma\u00eetre du Haut Ch\u00e2teau de Philip K. Dick (1962)<\/strong><\/p>\n<p>Pour sa seule uchronie v\u00e9ritable, le tr\u00e8s alternatif auteur SF <a href=\"https:\/\/www.fnac.com\/Philip-K-Dick\/ia3286\" target=\"_blank\" rel=\"noopener\">Philip K. Dick<\/a> a voulu r\u00e9volutionner le genre. Si le point de divergence choisi est assez peu original (la victoire de l\u2019Axe sur les Alli\u00e9s am\u00e8ne les \u00c9tats-Unis \u00e0 \u00eatre coup\u00e9s en deux zones d\u2019occupation, japonaise et nazie), c\u2019est le traitement de cette r\u00e9alit\u00e9 fictive qui distingue <strong><a href=\"https:\/\/www.fnac.com\/o11391383\/Le-maitre-du-haut-chateau\/w-4\" target=\"_blank\" rel=\"noopener\">Le Ma\u00eetre du Haut Ch\u00e2teau<\/a><\/strong> du reste de la production. En suivant la recherche d\u2019un livre \u00e9tonnant, qui renfermerait la v\u00e9rit\u00e9 sur l\u2019histoire de la Seconde Guerre mondiale, en multipliant les allusions au Yi King, en r\u00e9fl\u00e9chissant sur notre rapport au r\u00e9el, enfin, Dick fait de l\u2019uchronie un support pour sa perception hallucin\u00e9e du monde, et offre un r\u00e9cit qui figure parmi ses chefs d\u2019\u0153uvres.<\/p>\n<p><strong class=\"small\">En stock<\/strong><\/p>\n<p>        Acheter sur Fnac.com<\/p>\n<p><strong>Roma Aeterna de Robert Silverberg (2003)<\/strong><\/p>\n<p>Le maintien dans le temps de civilisations antiques ou anciennes figures parmi les tropes de l\u2019uchronie. \u00c0 ce petit jeu, Rome, avec son Empire et son h\u00e9ritage culturel, excite tr\u00e8s souvent les imaginaires. <a href=\"https:\/\/www.fnac.com\/Robert-Silverberg\/ia36814\" target=\"_blank\" rel=\"noopener\">Robert Silverberg<\/a> en donne l\u2019exemple canonique avec <strong><a href=\"https:\/\/www.fnac.com\/o8688313\/Roma-Aeterna\/w-4\" target=\"_blank\" rel=\"noopener\">Roma Aeterna<\/a><\/strong>, ou la survie d\u2019une civilisation latine sur pr\u00e8s de 1500 ans. D\u2019une nouvelle \u00e0 l\u2019autre, l\u2019auteur imagine la succession des empereurs, le rapport de la religion romaine avec les monoth\u00e9ismes m\u00e9diterran\u00e9ens, plus tard la r\u00e9volution industrielle, dans un recueil particuli\u00e8rement dense, qui se lit comme une Histoire alternative de l\u2019Europe autant que comme une fiction sp\u00e9culative.<\/p>\n<p><strong class=\"small\">En stock<\/strong><\/p>\n<p>        Acheter sur Fnac.com<\/p>\n<p><strong>R\u00eaves de Gloire de Roland C. Wagner (2011)<\/strong><\/p>\n<p>En partant d\u2019une issue diff\u00e9rente \u00e0 la guerre d\u2019Alg\u00e9rie \u2013 avec Alger devenant une ville internationale m\u00ealant Fran\u00e7ais et Alg\u00e9riens \u2013\u00a0<a href=\"https:\/\/www.fnac.com\/Roland-C-Wagner\/ia79072\" target=\"_blank\" rel=\"noopener\">Roland C. Wagner<\/a>\u00a0a souhait\u00e9 triturer au maximum l\u2019uchronie dans\u00a0<strong><a href=\"https:\/\/www.fnac.com\/o8674354\/Reves-de-Gloire\/w-4\" target=\"_blank\" rel=\"noopener\">R\u00eaves de Gloire<\/a><\/strong>, l\u2019un de ses meilleurs livres. Car non seulement la situation g\u00e9opolitique du Maghreb y \u00e9tait chang\u00e9e, mais aussi l\u2019horizon culturel de la r\u00e9gion. L\u2019\u00e9crivain fait en effet appara\u00eetre le rock psych\u00e9d\u00e9lique dans la Casbah (et non, comme dans la r\u00e9alit\u00e9, en Californie), et le cort\u00e8ge de drogues hallucinog\u00e8nes qui va avec. L\u2019occasion de rendre hommage \u00e0 la contre-culture des sixties dans un r\u00e9cit (tr\u00e8s r\u00e9ussi) qui m\u00eale policier, espionnage et g\u00e9opolitique.<\/p>\n<p><strong class=\"small\">En stock<\/strong><\/p>\n<p>        Acheter sur Fnac.com<\/p>\n<p><strong>Le Complot contre l\u2019Am\u00e9rique de Philip Roth (2004)<\/strong><\/p>\n<p>Comme l\u2019ont d\u00e9montr\u00e9 <a href=\"https:\/\/www.fnac.com\/Eric-Emmanuel-Schmitt\/ia120771\" target=\"_blank\" rel=\"noopener\">Eric-Emmanuel Schmitt<\/a> (<a href=\"https:\/\/www.fnac.com\/o8032449\/La-Part-de-l-autre\/w-4\" target=\"_blank\" rel=\"noopener\">La Part de l\u2019autre<\/a>) ou <a href=\"https:\/\/www.fnac.com\/Laurent-Binet\/ia550320\" target=\"_blank\" rel=\"noopener\">Laurent Binet<\/a> (<a href=\"https:\/\/www.fnac.com\/o10749093\/Civilizations\/w-4\" target=\"_blank\" rel=\"noopener\">Civilizations<\/a>), l\u2019uchronie a s\u00e9duit de nombreux auteurs de litt\u00e9rature blanche. Tel est le cas aussi de <a href=\"https:\/\/www.fnac.com\/Philip-Roth\/ia1851\" target=\"_blank\" rel=\"noopener\">Philip Roth<\/a>, qui, dans <strong><a href=\"https:\/\/www.fnac.com\/o8096513\/Le-complot-contre-l-Amerique\/w-4\" target=\"_blank\" rel=\"noopener\">Le Complot contre l\u2019Am\u00e9rique<\/a><\/strong>, narre l\u2019arriv\u00e9e au pouvoir aux \u00c9tats-Unis d\u2019un candidat pronazi (Charles Lindbergh, au tournant des ann\u00e9es 1940. Et l\u2019auteur de <a href=\"https:\/\/www.fnac.com\/o8586700\/Portnoy-et-son-complexe\/w-4\" target=\"_blank\" rel=\"noopener\">Portnoy et son complexe<\/a> de d\u00e9peindre, \u00e0 travers le portrait d\u2019une famille juive du New Jersey, le d\u00e9sastreux arri\u00e8re-fond d\u2019un pays basculant dans l\u2019antis\u00e9mitisme et la r\u00e9action. L\u2019un des br\u00fblots d\u2019un auteur majeur.<\/p>\n<p><strong class=\"small\">En stock<\/strong><\/p>\n<p>        Acheter sur Fnac.com<\/p>\n<p><strong>Des racines blondes de Bernardine Evaristo (2023)<\/strong><\/p>\n<p>Un monde domin\u00e9 par les grandes civilisations africaines, et dans lequel les Blancs sont esclaves des ma\u00eetres Noirs\u00a0? C\u2019est le monde invers\u00e9 que <a href=\"https:\/\/www.fnac.com\/ia803627\/Bernardine-Evaristo\" target=\"_blank\" rel=\"noopener\">Bernardine Evaristo<\/a> d\u00e9peint dans <strong><a href=\"https:\/\/www.fnac.com\/o11454158\/Des-racines-blondes\/w-4\" target=\"_blank\" rel=\"noopener\">Des racines blondes<\/a><\/strong>, une uchronie r\u00e9cente engag\u00e9e et passionnante. L\u2019autrice se sert de son univers de fiction pour mieux \u00e9voquer le sujet universel de l\u2019esclavage et de la domination.<\/p>\n<p><strong class=\"small\">En stock<\/strong><\/p>\n<p>        Acheter sur Fnac.com<\/p>\n<p><strong>Chroniques des ann\u00e9es noires de Kim Stanley Robinson (2002)<\/strong><\/p>\n<p>Sp\u00e9cialiste de la science-fiction tendance <a href=\"https:\/\/www.fnac.com\/n10643\/Fantasy-et-Science-Fiction\/Hard-Science-Fiction\" target=\"_blank\" rel=\"noopener\">hard<\/a> (notamment avec sa trilogie de <a href=\"https:\/\/www.fnac.com\/se2496\/La-trilogie-martienne\" target=\"_blank\" rel=\"noopener\">Mars<\/a>), <a href=\"https:\/\/www.fnac.com\/Kim-Stanley-Robinson\/ia23824\" target=\"_blank\" rel=\"noopener\">Kim Stanley Robinson<\/a> a apport\u00e9 le m\u00eame soin documentaire \u00e0 l\u2019uchronie <strong><a href=\"https:\/\/www.fnac.com\/o7406416\/Chroniques-des-annees-noires\/w-4\" target=\"_blank\" rel=\"noopener\">Chronique des ann\u00e9es noires<\/a><\/strong>. Le point de divergence\u00a0? La peste noire du XIVe si\u00e8cle d\u00e9cime davantage l\u2019Europe, qui n\u2019a plus aucun r\u00f4le dans l\u2019Histoire qui suit. La chronologie alternative d\u00e9ploy\u00e9e voit donc la Chine, l\u2019Inde et le monde islamique imposer leurs visions du monde, le temps d\u2019un roman exotique et qui valorise l\u2019ouverture d\u2019esprit et le multiculturalisme.<\/p>\n<p><strong class=\"small\">En stock<\/strong><\/p>\n<p>        Acheter sur Fnac.com<\/p>\n<p><strong>Replay de Ken Grimwood (1986)<\/strong><\/p>\n<p>De <a href=\"https:\/\/www.fnac.com\/o8065693\/La-vie-est-belle\/w-4\" target=\"_blank\" rel=\"noopener\">La Vie est belle<\/a> de <a href=\"https:\/\/www.fnac.com\/Frank-Capra\/ia75784\" target=\"_blank\" rel=\"noopener\">Capra<\/a>, \u00e0 <a href=\"https:\/\/www.fnac.com\/a2670359\/Jaco-Van-Dormael-Mr-nobody\" target=\"_blank\" rel=\"noopener\">Mr. Nobody<\/a> de <a href=\"https:\/\/www.fnac.com\/ia126046\/Jaco-Van-Dormael\" target=\"_blank\" rel=\"noopener\">Jaco Van Dormael<\/a>, en passant par <a href=\"https:\/\/www.fnac.com\/o8950386\/Un-jour-sans-fin\/w-4\" target=\"_blank\" rel=\"noopener\">Un jour sans fin<\/a> ou <a href=\"https:\/\/www.fnac.com\/o9068019\/Coffret-L-Effet-Papillon-3-films-L-Effet-Papillon-L-Effet-Papillon-2-L-Effet-Papillon-3\/w-4\" target=\"_blank\" rel=\"noopener\">L\u2019Effet papillon<\/a>, l\u2019uchronie \u00ab\u00a0personnelle\u00a0\u00bb n\u2019affecte pas le monde entier, mais plut\u00f4t un ou plusieurs h\u00e9ros autoris\u00e9s ou forc\u00e9s \u00e0 revivre des \u00e9v\u00e9nements pass\u00e9s autrement ou \u00e0 imaginer leur vie si tel choix avait \u00e9t\u00e9 diff\u00e9rent. Ce type de films a aussi son \u00e9quivalent litt\u00e9raire\u00a0: dans <a href=\"https:\/\/www.fnac.com\/o8665473\/Replay\/w-4\" target=\"_blank\" rel=\"noopener\"><strong>Replay<\/strong><\/a> de <a href=\"https:\/\/www.fnac.com\/Ken-Grimwood\/ia94571\" target=\"_blank\" rel=\"noopener\">Ken Grimwood<\/a>, un homme se retrouve dans une boucle temporelle\u00a0: il meurt syst\u00e9matiquement \u00e0 43 ans, mais \u00ab\u00a0ressuscite\u00a0\u00bb \u00e0 18 ans, avec les souvenirs de sa vie ant\u00e9rieure. D\u2019un \u00ab\u00a0replay\u00a0\u00bb \u00e0 l\u2019autre, le personnage principal teste diff\u00e9rents sc\u00e9narios sur sa propre existence, le temps d\u2019un roman uchronique innovant.<\/p>\n<p><strong class=\"small\">En stock<\/strong><\/p>\n<p>        Acheter sur Fnac.com<\/p>\n","protected":false},"excerpt":{"rendered":"Refaire l\u2019histoire avec des \u00ab si \u00bb : tel est le principe de l\u2019uchronie, genre dans lequel les&hellip;\n","protected":false},"author":2,"featured_media":297801,"comment_status":"","ping_status":"","sticky":false,"template":"","format":"standard","meta":{"footnotes":""},"categories":[1357],"tags":[1379,58,59,1011,27,2003,1380,2510,25560,43809],"class_list":{"0":"post-297800","1":"post","2":"type-post","3":"status-publish","4":"format-standard","5":"has-post-thumbnail","7":"category-livres","8":"tag-books","9":"tag-divertissement","10":"tag-entertainment","11":"tag-fr","12":"tag-france","13":"tag-livre","14":"tag-livres","15":"tag-science-fiction","16":"tag-selection-livre","17":"tag-uchronie"},"share_on_mastodon":{"url":"https:\/\/pubeurope.com\/@fr\/114975591831052313","error":""},"_links":{"self":[{"href":"https:\/\/www.europesays.com\/fr\/wp-json\/wp\/v2\/posts\/297800","targetHints":{"allow":["GET"]}}],"collection":[{"href":"https:\/\/www.europesays.com\/fr\/wp-json\/wp\/v2\/posts"}],"about":[{"href":"https:\/\/www.europesays.com\/fr\/wp-json\/wp\/v2\/types\/post"}],"author":[{"embeddable":true,"href":"https:\/\/www.europesays.com\/fr\/wp-json\/wp\/v2\/users\/2"}],"replies":[{"embeddable":true,"href":"https:\/\/www.europesays.com\/fr\/wp-json\/wp\/v2\/comments?post=297800"}],"version-history":[{"count":0,"href":"https:\/\/www.europesays.com\/fr\/wp-json\/wp\/v2\/posts\/297800\/revisions"}],"wp:featuredmedia":[{"embeddable":true,"href":"https:\/\/www.europesays.com\/fr\/wp-json\/wp\/v2\/media\/297801"}],"wp:attachment":[{"href":"https:\/\/www.europesays.com\/fr\/wp-json\/wp\/v2\/media?parent=297800"}],"wp:term":[{"taxonomy":"category","embeddable":true,"href":"https:\/\/www.europesays.com\/fr\/wp-json\/wp\/v2\/categories?post=297800"},{"taxonomy":"post_tag","embeddable":true,"href":"https:\/\/www.europesays.com\/fr\/wp-json\/wp\/v2\/tags?post=297800"}],"curies":[{"name":"wp","href":"https:\/\/api.w.org\/{rel}","templated":true}]}}