{"id":297802,"date":"2025-08-05T10:04:12","date_gmt":"2025-08-05T10:04:12","guid":{"rendered":"https:\/\/www.europesays.com\/fr\/297802\/"},"modified":"2025-08-05T10:04:12","modified_gmt":"2025-08-05T10:04:12","slug":"cyril-hanouna-devoile-les-noms-de-quelques-uns-de-ses-nouveaux-chroniqueurs-il-y-aura-5-anciens-et-4-nouveaux-faites-vos-jeux","status":"publish","type":"post","link":"https:\/\/www.europesays.com\/fr\/297802\/","title":{"rendered":"Cyril Hanouna d\u00e9voile les noms de quelques-uns de ses nouveaux chroniqueurs\u00a0: \u00ab\u00a0Il y aura 5 &lsquo;anciens&rsquo; et 4 nouveaux, faites vos jeux\u00a0\u00bb"},"content":{"rendered":"<p class=\"ap-StoryElement ap-StoryElement--mb js-paywall-target ap-StoryText\">Certains noms sont d\u00e9j\u00e0 connus, comme ceux de Val\u00e9rie Bena\u00efm, G\u00e9raldine Maillet, Olivier Dartigolles et Raymond Aabou. D&rsquo;apr\u00e8s Voici, ils seront rejoints par une figure embl\u00e9matique de TPMP, \u00e0 savoir Gilles Verdez. Et ce n&rsquo;est pas tout. L&rsquo;animateur de Tous en cuisine, J\u00e9r\u00f4me Anthony, sera aussi de la partie.<\/p>\n<p><a href=\"https:\/\/www.dhnet.be\/medias\/television\/2025\/08\/04\/cyril-hanouna-leve-un-coin-du-voile-concernant-la-nouvelle-emission-quil-animera-a-la-rentree-sur-w9-HNJZ555MCJEKFKDCQGXLHHG4TQ\/\" target=\"_blank\" rel=\"noopener noreferrer\" class=\"ap-StoryInterstitialLink ap-StoryElement ap-StoryElement--mb\">\u00ab\u00a0Faire rire et divertir\u00a0\u00bb : Cyril Hanouna l\u00e8ve un coin du voile concernant la nouvelle \u00e9mission qu&rsquo;il animera \u00e0 la rentr\u00e9e sur W9<\/a><\/p>\n<p class=\"ap-StoryElement ap-StoryElement--mb ap-StoryText\">Sur X, il a interpell\u00e9 Cyril Hanouna pour savoir s&rsquo;il figurerait parmi les heureux \u00e9lus. R\u00e9ponse de l&rsquo;int\u00e9ress\u00e9 : \u00ab\u00a0Mais toi, c&rsquo;est d&rsquo;office ! Je suis si heureux ! Tu es le meilleur d&rsquo;entre nous et tu sais que je le pense, trop h\u00e2te !\u00a0\u00bb<\/p>\n<p>\u00ab\u00a0Il faut renouveler\u00a0\u00bb<\/p>\n<p class=\"ap-StoryElement ap-StoryElement--mb ap-StoryText\">Le casting n&rsquo;est pas encore complet, mais il commence \u00e0 prendre forme. \u00ab\u00a0C&rsquo;est tr\u00e8s compliqu\u00e9 d&rsquo;arr\u00eater les gens, de prendre des nouvelles personnes, mais \u00e0 un moment, il faut renouveler\u2026, a expliqu\u00e9 Cyril Hanouna. C&rsquo;est une nouvelle cha\u00eene, une nouvelle \u00e9mission\u2026\u00a0\u00bb. D&rsquo;ici le 1er septembre, le petit exercice des pr\u00e9dictions devrait prendre de l&rsquo;ampleur. Comme le dit le trublion, \u00ab\u00a0faites vos jeux\u00a0\u00bb.<\/p>\n<p><a href=\"https:\/\/www.dhnet.be\/medias\/television\/2025\/04\/16\/le-travail-a-officiellement-commence-deux-nouvelles-emissions-pour-cyril-hanouna-sont-en-preparation-6QCESD4BUZEIDOMBQMPGP3IZRA\/\" target=\"_blank\" rel=\"noopener noreferrer\" class=\"ap-StoryInterstitialLink ap-StoryElement ap-StoryElement--mb\">\u00ab\u00a0Le travail a officiellement commenc\u00e9\u00a0\u00bb: deux nouvelles \u00e9missions pour Cyril Hanouna sont en pr\u00e9paration<\/a><\/p>\n","protected":false},"excerpt":{"rendered":"Certains noms sont d\u00e9j\u00e0 connus, comme ceux de Val\u00e9rie Bena\u00efm, G\u00e9raldine Maillet, Olivier Dartigolles et Raymond Aabou. D&rsquo;apr\u00e8s&hellip;\n","protected":false},"author":2,"featured_media":297803,"comment_status":"","ping_status":"","sticky":false,"template":"","format":"standard","meta":{"footnotes":""},"categories":[1356],"tags":[1428,1083,58,59,1011,27,43810,252,1364,551],"class_list":{"0":"post-297802","1":"post","2":"type-post","3":"status-publish","4":"format-standard","5":"has-post-thumbnail","7":"category-television","8":"tag-chroniqueurs","9":"tag-cyril-hanouna","10":"tag-divertissement","11":"tag-entertainment","12":"tag-fr","13":"tag-france","14":"tag-gillez-verdez","15":"tag-television","16":"tag-tv","17":"tag-valerie-benaim"},"share_on_mastodon":{"url":"https:\/\/pubeurope.com\/@fr\/114975595829317675","error":""},"_links":{"self":[{"href":"https:\/\/www.europesays.com\/fr\/wp-json\/wp\/v2\/posts\/297802","targetHints":{"allow":["GET"]}}],"collection":[{"href":"https:\/\/www.europesays.com\/fr\/wp-json\/wp\/v2\/posts"}],"about":[{"href":"https:\/\/www.europesays.com\/fr\/wp-json\/wp\/v2\/types\/post"}],"author":[{"embeddable":true,"href":"https:\/\/www.europesays.com\/fr\/wp-json\/wp\/v2\/users\/2"}],"replies":[{"embeddable":true,"href":"https:\/\/www.europesays.com\/fr\/wp-json\/wp\/v2\/comments?post=297802"}],"version-history":[{"count":0,"href":"https:\/\/www.europesays.com\/fr\/wp-json\/wp\/v2\/posts\/297802\/revisions"}],"wp:featuredmedia":[{"embeddable":true,"href":"https:\/\/www.europesays.com\/fr\/wp-json\/wp\/v2\/media\/297803"}],"wp:attachment":[{"href":"https:\/\/www.europesays.com\/fr\/wp-json\/wp\/v2\/media?parent=297802"}],"wp:term":[{"taxonomy":"category","embeddable":true,"href":"https:\/\/www.europesays.com\/fr\/wp-json\/wp\/v2\/categories?post=297802"},{"taxonomy":"post_tag","embeddable":true,"href":"https:\/\/www.europesays.com\/fr\/wp-json\/wp\/v2\/tags?post=297802"}],"curies":[{"name":"wp","href":"https:\/\/api.w.org\/{rel}","templated":true}]}}