{"id":297804,"date":"2025-08-05T10:05:10","date_gmt":"2025-08-05T10:05:10","guid":{"rendered":"https:\/\/www.europesays.com\/fr\/297804\/"},"modified":"2025-08-05T10:05:10","modified_gmt":"2025-08-05T10:05:10","slug":"avec-sa-chanson-soleil-bleu-la-bretonne-luiza-signe-le-tube-de-lete-cest-inexplicable","status":"publish","type":"post","link":"https:\/\/www.europesays.com\/fr\/297804\/","title":{"rendered":"Avec sa chanson Soleil bleu, la Bretonne Luiza signe le tube de l\u2019\u00e9t\u00e9\u00a0: \u00ab\u00a0C\u2019est inexplicable\u00a0!\u00a0\u00bb"},"content":{"rendered":"<p>Elle inonde vos radios et berce vos voyages en voiture. Selon Billboard France, m\u00e9dia musical, elle cumule actuellement plusieurs millions d\u2019\u00e9coutes en streaming en sept semaines. Elle s\u2019offre m\u00eame le luxe de d\u00e9passer Gims, rien que \u00e7a ! \u00ab C\u2019est inexplicable ! \u00bb Le mot est juste venant de la chanteuse Luiza pour expliquer son succ\u00e8s. Originaire de Rennes, l\u2019artiste franco br\u00e9silienne cartonne actuellement sur les plateformes avec sa chanson \u00ab Soleil bleu \u00bb en duo avec le groupe d\u2019\u00e9lectro reggae Bleu Soleil.<\/p>\n<\/p>\n<p>La petite histoire<\/p>\n<p>La rencontre entre les deux entit\u00e9s s\u2019est d\u00e9roul\u00e9e simplement. \u00ab Ils m\u2019ont contact\u00e9 sur Instagram, car j\u2019avais d\u00e9j\u00e0 un nom dans le milieu de la dub. Ils m\u2019ont envoy\u00e9 une musique instrumentale que j\u2019ai trouv\u00e9e super \u00bb, rembobine l\u2019artiste.<\/p>\n<p>Un mot \u00e9chang\u00e9 sur les r\u00e9seaux sociaux, un feeling qui passe : la recette du tube de l\u2019\u00e9t\u00e9 est trouv\u00e9e. Petite particularit\u00e9 pourtant : \u00ab Je l\u2019ai fait en cachette de mon label, car c\u2019est un duo qui sort un peu de nulle part. \u00bb Au final, la chanteuse a r\u00e9alis\u00e9 un pari gagnant : \u00ab En plus de les faire d\u00e9couvrir, \u00e7a a boost\u00e9 ma carri\u00e8re. \u00bb<\/p>\n<p>Premi\u00e8res notes<\/p>\n<p>Avant d\u2019avoir \u00ab les pieds dans l\u2019eau et la t\u00eate en feu \u00bb et d\u2019\u00eatre diffus\u00e9e sur toutes les radios, Luiza a fait ses premi\u00e8res gammes dans la capitale bretonne. Fille d\u2019un contrebassiste de jazz et d\u2019une maman br\u00e9silienne danseuse contemporaine, la musique est venue naturellement pour elle. \u00ab J\u2019ai toujours baign\u00e9 dedans. \u00bb<\/p>\n<p>\u00c0 Rennes, elle foule les pav\u00e9s de la place Hoche. \u00ab J\u2019ai \u00e9t\u00e9 de mes 7 \u00e0 mes 15 ans \u00e0 la Ma\u00eetrise de Bretagne. J\u2019ai eu une vraie formation classique. Elle m\u2019a donn\u00e9 la libert\u00e9 de m\u2019exprimer et d\u2019aller l\u00e0 o\u00f9 je suis aujourd\u2019hui. \u00bb<\/p>\n<p>Sous un air latino<\/p>\n<p>Berc\u00e9e par ces diff\u00e9rentes influences, elle quitte Rennes \u00e0 17 ans pour s\u2019envoler vers l\u2019Am\u00e9rique du Sud et le Br\u00e9sil. Puis \u00e0 18 ans, en direction de la R\u00e9union. \u00ab L\u00e0-bas, c\u2019\u00e9tait une \u00e9poque o\u00f9 j\u2019avais du mal \u00e0 assister \u00e0 des concerts comme spectatrice. Mais la musique br\u00fblait en moi. Je montais sur les sc\u00e8nes et j\u2019attrapais les micros. C\u2019\u00e9tait dingue\u2026 \u00bb Le chanteur \u00c9mir Kusturica fut d\u2019ailleurs une de ses victimes.<\/p>\n<p>Les Bars en Trans<\/p>\n<p>\u00c0 son retour en France, elle pose sa valise \u00e0 Paris et poursuit sa carri\u00e8re. Elle collabore avec plusieurs artistes comme Fakear ou encore <a href=\"https:\/\/www.youtube.com\/watch?v=TAX8XcWJPKI&amp;list=RDTAX8XcWJPKI&amp;start_radio=1\" target=\"_blank\" rel=\"noopener\">le groupe d\u2019\u00e9lectro-dub Mahom avec qui elle reprend \u00ab Le Temps de l\u2019amour \u00bb de Fran\u00e7ois Hardy<\/a>. En 2024, la chanteuse participe aux Bars en trans dans le bar la Cavale. Au printemps dernier, elle sort m\u00eame son EP \u00ab Fantastik \u00bb. Sa musique et ses textes, elle les d\u00e9crit comme une \u00ab fusion de tous mes voyages \u00bb.<\/p>\n<p>Actuellement, Luiza enregistre son premier album. Sans en donner plus, l\u2019artiste assure \u00ab qu\u2019il sera g\u00e9n\u00e9reux. \u00bb Et peut-\u00eatre avant la sortie, la chanteuse fera peut-\u00eatre un d\u00e9tour en terres rennaises : \u00ab J\u2019ai encore des amis ici. \u00bb Et ainsi nous partager un peu de son soleil bleu !<\/p>\n","protected":false},"excerpt":{"rendered":"Elle inonde vos radios et berce vos voyages en voiture. Selon Billboard France, m\u00e9dia musical, elle cumule actuellement&hellip;\n","protected":false},"author":2,"featured_media":297805,"comment_status":"","ping_status":"","sticky":false,"template":"","format":"standard","meta":{"footnotes":""},"categories":[1355],"tags":[43811,11,829,3173,872,58,765,59,1011,27,848,1361,873,16048,584],"class_list":{"0":"post-297804","1":"post","2":"type-post","3":"status-publish","4":"format-standard","5":"has-post-thumbnail","7":"category-musique","8":"tag-a-ecouter","9":"tag-actualites","10":"tag-bretagne","11":"tag-culture-a-rennes","12":"tag-culture-et-loisirs","13":"tag-divertissement","14":"tag-en-continu","15":"tag-entertainment","16":"tag-fr","17":"tag-france","18":"tag-ille-et-vilaine","19":"tag-music","20":"tag-musique","21":"tag-newsletter-aujourdhui-en-bretagne","22":"tag-rennes"},"share_on_mastodon":{"url":"https:\/\/pubeurope.com\/@fr\/114975599747867752","error":""},"_links":{"self":[{"href":"https:\/\/www.europesays.com\/fr\/wp-json\/wp\/v2\/posts\/297804","targetHints":{"allow":["GET"]}}],"collection":[{"href":"https:\/\/www.europesays.com\/fr\/wp-json\/wp\/v2\/posts"}],"about":[{"href":"https:\/\/www.europesays.com\/fr\/wp-json\/wp\/v2\/types\/post"}],"author":[{"embeddable":true,"href":"https:\/\/www.europesays.com\/fr\/wp-json\/wp\/v2\/users\/2"}],"replies":[{"embeddable":true,"href":"https:\/\/www.europesays.com\/fr\/wp-json\/wp\/v2\/comments?post=297804"}],"version-history":[{"count":0,"href":"https:\/\/www.europesays.com\/fr\/wp-json\/wp\/v2\/posts\/297804\/revisions"}],"wp:featuredmedia":[{"embeddable":true,"href":"https:\/\/www.europesays.com\/fr\/wp-json\/wp\/v2\/media\/297805"}],"wp:attachment":[{"href":"https:\/\/www.europesays.com\/fr\/wp-json\/wp\/v2\/media?parent=297804"}],"wp:term":[{"taxonomy":"category","embeddable":true,"href":"https:\/\/www.europesays.com\/fr\/wp-json\/wp\/v2\/categories?post=297804"},{"taxonomy":"post_tag","embeddable":true,"href":"https:\/\/www.europesays.com\/fr\/wp-json\/wp\/v2\/tags?post=297804"}],"curies":[{"name":"wp","href":"https:\/\/api.w.org\/{rel}","templated":true}]}}