{"id":297806,"date":"2025-08-05T10:06:11","date_gmt":"2025-08-05T10:06:11","guid":{"rendered":"https:\/\/www.europesays.com\/fr\/297806\/"},"modified":"2025-08-05T10:06:11","modified_gmt":"2025-08-05T10:06:11","slug":"y-a-pas-de-reseau-que-vaut-cette-comedie-clownesque-avec-maxime-gasteuil-et-gerard-jugnot","status":"publish","type":"post","link":"https:\/\/www.europesays.com\/fr\/297806\/","title":{"rendered":"\u00ab\u00a0Y a pas de r\u00e9seau\u00a0\u00bb\u00a0: que vaut cette com\u00e9die clownesque avec Maxime Gasteuil et G\u00e9rard Jugnot ?"},"content":{"rendered":"<\/p>\n<p>Serge et sa compagne Chris passent un week-end dans un g\u00eete isol\u00e9 au c\u0153ur des Hautes-Pyr\u00e9n\u00e9es en compagnie de leurs enfants respectifs, n\u00e9s de pr\u00e9c\u00e9dentes unions\u00a0: Jonas, un gar\u00e7on timide de neuf ans et Gabi, une fille d\u00e9brouillarde de onze ans. Fatigu\u00e9 d\u2019\u00eatre surprot\u00e9g\u00e9 par son p\u00e8re depuis que ce dernier l\u2019a oubli\u00e9 dans un train, Jonas d\u00e9cide d\u2019aller explorer en douce la for\u00eat alentour, et sa s\u0153ur d\u2019adoption se sent oblig\u00e9e de l\u2019accompagner. Tr\u00e8s vite, ils surprennent Viking et Delta, deux malfrats recherch\u00e9s par la police, pile au moment o\u00f9 ils font exploser une antenne relais pour couper le r\u00e9seau t\u00e9l\u00e9phonique alentour. Ils vont poursuivre les mini t\u00e9moins jusque dans leur maison de vacances que ces derniers vont transformer en camp retranch\u00e9 en le truffant de pi\u00e8ges qui vont faire mal\u00a0!<\/p>\n<p>Apparition amusante de Zabou Breitman <\/p>\n<p>G\u00e9rard Jugnot et Maxime Gasteuil s\u2019amusent \u00e0 faire les clowns, leurs personnages semblant \u00eatre en comp\u00e9tition pour savoir lequel des deux sera le plus d\u00e9bile\u00a0! L\u2019a\u00een\u00e9 \u00e9tant un peu plus r\u00e9fl\u00e9chi, il est autoris\u00e9 de penser que c\u2019est le second qui remporte ce concours peu flatteur, m\u00eame si d\u2019une faible avance. Face \u00e0 eux, les petits Roman Angel et Roxane Barazzuol leur donnent du fil \u00e0 retordre et n\u2019ont quasiment pas \u00e9t\u00e9 doubl\u00e9s pour leurs cascades, le premier s\u2019en donnant particuli\u00e8rement \u00e0 c\u0153ur joie. Il s\u2019est m\u00eame mis en danger pour une sc\u00e8ne dans laquelle il lib\u00e8re un ours entrav\u00e9 dans un c\u00e2ble \u00e9lectrique, tourn\u00e9e avec un v\u00e9ritable animal\u00a0! Certes, \u00e9lev\u00e9 en captivit\u00e9, mais le risque n\u2019\u00e9tait pas anodin pour le com\u00e9dien. Julien Pestel et Manon Azem s\u2019en sortent tout aussi honorablement en parents inquiets. Zabou Breitman fait une apparition amusante en propri\u00e9taire snob haute en couleur effar\u00e9e devant sa demeure ultramoderne d\u00e9vast\u00e9e.<\/p>\n<p>Des clins d\u2019\u0153il aux classiques de la com\u00e9die<\/p>\n<p>\u00c9douard Pluvieux s\u2019est amus\u00e9 \u00e0 glisser des clins d\u2019\u0153il \u00e0 des classiques de la com\u00e9die contemporaine, la plus \u00e9vidente \u00e9tant \u00ab\u00a0Maman, j\u2019ai rat\u00e9 l\u2019avion\u00a0!\u00a0\u00bb directement cit\u00e9e dans les dialogues. \u00c0 cela s\u2019ajoute notamment Bernard Farcy en gendarme d\u00e9bonnaire qui cite en douce son r\u00f4le de commissaire dans \u00ab\u00a0Taxi\u00a0\u00bb, quand G\u00e9rard Jugnot arbore le temps de quelques secondes un costume de\u2026 P\u00e8re No\u00ebl\u00a0! Signe de la paup\u00e9risation croissante des campagnes, m\u00eame si le sujet est trait\u00e9 sous forme de blague, la gendarmerie fait \u00e9galement office de bureau de poste, de boulangerie, de pharmacie et d\u2019\u00e9picerie\u00a0: difficile d\u2019\u00eatre efficace dans de telles conditions pour trouver des criminels, m\u00eame si ce sont d\u2019authentiques abrutis\u00a0! Cette com\u00e9die d\u2019action, sans pr\u00e9tention et clairement destin\u00e9e aux enfants, est riche en gags physiques. Elle pourra ennuyer les adultes ou les amuser, selon leur humeur du jour.<\/p>\n<p class=\"note\">Com\u00e9die d\u2019\u00c9douard Pluvieux, avec G\u00e9rard Jugnot, Maxime Gasteuil, Julien Pestel, Manon Azem et Bernard Farcy.<\/p>\n","protected":false},"excerpt":{"rendered":"Serge et sa compagne Chris passent un week-end dans un g\u00eete isol\u00e9 au c\u0153ur des Hautes-Pyr\u00e9n\u00e9es en compagnie&hellip;\n","protected":false},"author":2,"featured_media":297807,"comment_status":"","ping_status":"","sticky":false,"template":"","format":"standard","meta":{"footnotes":""},"categories":[1354],"tags":[650,872,58,59,1346,1011,27,1360],"class_list":{"0":"post-297806","1":"post","2":"type-post","3":"status-publish","4":"format-standard","5":"has-post-thumbnail","7":"category-films","8":"tag-cinema","9":"tag-culture-et-loisirs","10":"tag-divertissement","11":"tag-entertainment","12":"tag-films","13":"tag-fr","14":"tag-france","15":"tag-movies"},"share_on_mastodon":{"url":"https:\/\/pubeurope.com\/@fr\/114975603940865948","error":""},"_links":{"self":[{"href":"https:\/\/www.europesays.com\/fr\/wp-json\/wp\/v2\/posts\/297806","targetHints":{"allow":["GET"]}}],"collection":[{"href":"https:\/\/www.europesays.com\/fr\/wp-json\/wp\/v2\/posts"}],"about":[{"href":"https:\/\/www.europesays.com\/fr\/wp-json\/wp\/v2\/types\/post"}],"author":[{"embeddable":true,"href":"https:\/\/www.europesays.com\/fr\/wp-json\/wp\/v2\/users\/2"}],"replies":[{"embeddable":true,"href":"https:\/\/www.europesays.com\/fr\/wp-json\/wp\/v2\/comments?post=297806"}],"version-history":[{"count":0,"href":"https:\/\/www.europesays.com\/fr\/wp-json\/wp\/v2\/posts\/297806\/revisions"}],"wp:featuredmedia":[{"embeddable":true,"href":"https:\/\/www.europesays.com\/fr\/wp-json\/wp\/v2\/media\/297807"}],"wp:attachment":[{"href":"https:\/\/www.europesays.com\/fr\/wp-json\/wp\/v2\/media?parent=297806"}],"wp:term":[{"taxonomy":"category","embeddable":true,"href":"https:\/\/www.europesays.com\/fr\/wp-json\/wp\/v2\/categories?post=297806"},{"taxonomy":"post_tag","embeddable":true,"href":"https:\/\/www.europesays.com\/fr\/wp-json\/wp\/v2\/tags?post=297806"}],"curies":[{"name":"wp","href":"https:\/\/api.w.org\/{rel}","templated":true}]}}