{"id":297810,"date":"2025-08-05T10:08:10","date_gmt":"2025-08-05T10:08:10","guid":{"rendered":"https:\/\/www.europesays.com\/fr\/297810\/"},"modified":"2025-08-05T10:08:10","modified_gmt":"2025-08-05T10:08:10","slug":"mercato-sulc-un-meneur-attire-par-le-but-adverse","status":"publish","type":"post","link":"https:\/\/www.europesays.com\/fr\/297810\/","title":{"rendered":"Mercato : \u0160ulc, un \u00ab\u00a0meneur attir\u00e9 par le but adverse\u00a0\u00bb"},"content":{"rendered":"<p>                            <img width=\"770\" height=\"433\" src=\"https:\/\/www.europesays.com\/fr\/wp-content\/uploads\/2025\/08\/AFP__20250313__maffia-sslaziov250313_npnIV__v1__HighRes__SsLazioVFcViktoriaPlzenUefa-770x433.jpg\" class=\"attachment-article size-article wp-post-image\" alt=\"Pavel Sulc apr\u00e8s le match entre le FC Viktoria Plzen et la Lazio Rome\" decoding=\"async\" fetchpriority=\"high\"  \/><\/p>\n<p>Pavel Sulc apr\u00e8s le match entre le FC Viktoria Plzen et la Lazio Rome (Photo by Giuseppe Maffia \/ NurPhoto via AFP)<\/p>\n<p>Recrut\u00e9 par l\u2019OL, Pavel \u0160ulc va venir renforcer le secteur offensif lyonnais. S\u2019il est consid\u00e9r\u00e9 comme un num\u00e9ro 10, le Tch\u00e8que a une vraie app\u00e9tence pour le but adverse.<\/p>\n<p>Depuis lundi soir, l\u2019OL a r\u00e9activ\u00e9 la fili\u00e8re tch\u00e8que qui \u00e9tait en sommeil depuis pr\u00e8s de deux d\u00e9cennies. En s\u2019engageant pour les quatre prochaines saisons avec le club lyonnais, Pavel <strong>\u0160ulc<\/strong> (\u00e0 prononcer Schulz) va emboiter les pas de ses ain\u00e9s pass\u00e9s entre Rh\u00f4ne et Sa\u00f4ne. Ils ne sont pas nombreux \u00e0 avoir repr\u00e9sent\u00e9 la Tch\u00e9coslovaquie, la R\u00e9publique tch\u00e8que et d\u00e9sormais la Tch\u00e9quie \u00e0 Lyon avec Antonin\u00a0<strong>Tichy<\/strong>\u00a0(1950-1953), Jan\u00a0<strong>Popluhar<\/strong> (1968-1970) et le dernier en date Milan\u00a0<strong>Baros<\/strong>\u00a0(janvier 2007 &#8211; ao\u00fbt 2008).<\/p>\n<p>Il faut dire que le march\u00e9 d&rsquo;Europe centrale avait \u00e9t\u00e9 d\u00e9laiss\u00e9, mais la situation \u00e9conomique lyonnaise pousse \u00e0 devoir trouver des bons coups dans des championnats moins r\u00e9put\u00e9s. Avec <strong>\u0160ulc<\/strong>, l\u2019OL va-t-il se payer une belle addition ? Pour les suiveurs du football tch\u00e8que, c\u2019est un oui.\u00a0\u00ab\u00a0Il fait partie aujourd\u2019hui des deux meilleurs joueurs du pays. Il est devenu un cadre de la s\u00e9lection gr\u00e2ce \u00e0 ce qu\u2019il montre sur le terrain, m\u00eame s\u2019il n\u2019a que 14 capes\u00a0\u00bb, nous a confi\u00e9 Lazar<strong>\u00a0van Parijs<\/strong>, co-fondateur du site\u00a0Footballski. \u00c0 24 ans, Sulc n\u2019est pourtant plus un jeune en devenir, comme semble le souhaiter la direction rhodanienne dans cet \u00e9t\u00e9 de transferts.<\/p>\n<p>Plus un neuf et demi qu&rsquo;un vrai meneur ?<\/p>\n<p>N\u00e9anmoins, il va rentrer dans cette cat\u00e9gorie de joueurs matures, mais dont le jeune \u00e2ge relatif peut laisser esp\u00e9rer encore de belles surprises. Ayant explos\u00e9 aux yeux des recruteurs europ\u00e9ens depuis deux saisons, Pavel <strong>\u0160ulc<\/strong> est un joueur pour le moins atypique. Par son apparence avec cette coupe au mulet qui nous rappelle les belles heures des ann\u00e9es 90 que par son profil. Joueur offensif par excellence, le Tch\u00e8que peut \u00e9voluer presque partout sur cette ligne d\u2019attaque. Meneur de jeu, dans un r\u00f4le un peu plus recul\u00e9 ou sur l\u2019aile gauche. Cependant, c\u2019est bien dans une position de num\u00e9ro et demi qu\u2019il para\u00eet le plus s\u2019\u00e9panouir.\u00a0<\/p>\n<p>Avec 20 buts et 15 passes en 54 matchs la saison pass\u00e9e, il a pulv\u00e9ris\u00e9 les records, au point de se recevoir le Ballon d&rsquo;Or du joueur tch\u00e8que de l\u2019ann\u00e9e.\u00a0\u00ab\u00a0C\u2019est quelqu\u2019un attir\u00e9 par le but. D\u00e8s qu\u2019il re\u00e7oit le ballon, sa conduite se fait en direction du but adverse\u00a0\u00bb, poursuit le journaliste du site\u00a0<a href=\"https:\/\/footballski.fr\/\" rel=\"nofollow noopener\" target=\"_blank\">Footballski<\/a>. Une pens\u00e9e partag\u00e9e par <strong>Eric<\/strong>, supporter de l\u2019OL, mais qui r\u00e9side en Tch\u00e9quie et qui a vu aux premi\u00e8res loges le joueur du <strong>Viktoria Plzen<\/strong>.\u00a0\u00ab\u00a0Il adore \u00eatre dans la surface de r\u00e9paration. Pour un milieu, il a de vraies statistiques d\u2019attaquant. Il ne cherche pas \u00e0 s\u2019emb\u00eater quand il re\u00e7oit le ballon dans cette zone.\u00a0\u00bb\u00a0Alors que l\u2019<strong>OL<\/strong>\u00a0a parfois \u00e9t\u00e9 d\u00e9cri\u00e9 pour cet attentisme dans la surface, \u0160ulc pourrait rem\u00e9dier \u00e0 ce probl\u00e8me.<\/p>\n<p>Un joueur \u00ab\u00a0pas avare d&rsquo;efforts dans le pressing\u00a0\u00bb<\/p>\n<p>Ne faisant pas de frasque dans sa vie de tous les jours, celui qui\u00a0\u00ab\u00a0poste presque quotidiennement une photo de son chat\u00a0\u00bb\u00a0est avant tout un joueur de collectif. Malgr\u00e9 des statistiques qui pourraient faire penser \u00e0 un certain \u00e9go\u00efsme, il\u00a0\u00ab\u00a0ne sera jamais le dernier \u00e0 faire l\u2019effort dans le pressing.\u00a0\u00bb\u00a0N\u00e9anmoins, Lazar<strong> van Parijs <\/strong>note une marge de progression dans ce domaine, car\u00a0\u00ab\u00a0\u00e0 vouloir tout faire \u00e0 fond, il manque un peu d\u2019intelligence et fait beaucoup de fautes.\u00a0\u00bb\u00a0Un chien fou, pourrait-on dire, mais qui a une belle opportunit\u00e9 de confirmer dans un des championnats majeurs.<\/p>\n<p>Dans un championnat tch\u00e8que forc\u00e9ment en dessous de la Ligue 1, Pavel \u0160ulc a d\u00e9j\u00e0 pu appr\u00e9hender le d\u00e9fi physique et\u00a0\u00ab\u00a0\u00e7a va l\u2019aider \u00e0 s\u2019int\u00e9grer plus facilement en France\u00a0\u00bb. Il a aussi pu briller en Ligue Europa la saison pass\u00e9e avec notamment des performances remarqu\u00e9es contre l\u2019<strong>Eintract Francfort<\/strong>,\u00a0<strong>Manchester United<\/strong>\u00a0et surtout la\u00a0<strong>Lazio Rome\u00a0<\/strong>en huiti\u00e8me de finale. Cette r\u00e9ussite sur la sc\u00e8ne europ\u00e9enne a forc\u00e9ment fini de convaincre la cellule de recrutement de l\u2019OL qui cherchait un joueur de liant.\u00a0<\/p>\n<p>Pas un profil \u00e0 la Cherki<\/p>\n<p>Cela a fait d\u00e9faut \u00e0 la formation de Paulo\u00a0<a href=\"https:\/\/www.olympique-et-lyonnais.com\/mercato-fonseca-confirme-lol-cherche-un-gardien,373923.html\" rel=\"nofollow noopener\" target=\"_blank\">Fonseca<\/a>\u00a0durant l\u2019\u00e9t\u00e9, avec un Georges <strong>Mikautadze<\/strong>\u00a0assez esseul\u00e9. Pavel \u0160ulc peut-il combler ce manque ? \u00ab\u00a0C\u2019est un joueur qui va faire la diff\u00e9rence balle au pied et pas forc\u00e9ment par la passe\u00a0\u00bb, avance le supporter lyonnais bas\u00e9 depuis deux d\u00e9cennies \u00e0 Prague.\u00a0\u00ab\u00a0Le Viktoria Plzen a un jeu tr\u00e8s vertical et cela correspondait parfaitement \u00e0 sa qualit\u00e9 de percussion balle au pied\u00a0\u00bb, note de son c\u00f4t\u00e9\u00a0<strong>Van Parijs<\/strong>\u00a0qui le voit\u00a0\u00ab\u00a0plus comme un meneur finisseur qu&rsquo;un meneur dribbleur\u00a0\u00bb.<\/p>\n<p>\u00c0 l\u2019OL, Fonseca souhaite mettre en place un jeu de possession. Cela demandera forc\u00e9ment de l\u2019adaptation \u00e0 Pavel \u0160ulc. Mais dans la volont\u00e9 de r\u00e9cup\u00e9rer vite et haut du coach portugais, les qualit\u00e9s du natif de Karlovy Vary ne seront pas de trop, surtout si la formation lyonnaise vient \u00e0 jouer en 4-2-3-1. Pavel \u0160ulc ne fera pas lever les foules avec des gestes \u00e0 la Rayan\u00a0<strong>Cherki<\/strong>, mais en misant sur lui, l\u2019OL a fait le choix de la fiabilit\u00e9 et du devoir.<\/p>\n","protected":false},"excerpt":{"rendered":"Pavel Sulc apr\u00e8s le match entre le FC Viktoria Plzen et la Lazio Rome (Photo by Giuseppe Maffia&hellip;\n","protected":false},"author":2,"featured_media":297811,"comment_status":"","ping_status":"","sticky":false,"template":"","format":"standard","meta":{"footnotes":""},"categories":[9],"tags":[1011,27,1434,241,978,60],"class_list":{"0":"post-297810","1":"post","2":"type-post","3":"status-publish","4":"format-standard","5":"has-post-thumbnail","7":"category-sports","8":"tag-fr","9":"tag-france","10":"tag-mercato","11":"tag-ol","12":"tag-olympique-lyonnais","13":"tag-sports"},"share_on_mastodon":{"url":"https:\/\/pubeurope.com\/@fr\/114975611644073733","error":""},"_links":{"self":[{"href":"https:\/\/www.europesays.com\/fr\/wp-json\/wp\/v2\/posts\/297810","targetHints":{"allow":["GET"]}}],"collection":[{"href":"https:\/\/www.europesays.com\/fr\/wp-json\/wp\/v2\/posts"}],"about":[{"href":"https:\/\/www.europesays.com\/fr\/wp-json\/wp\/v2\/types\/post"}],"author":[{"embeddable":true,"href":"https:\/\/www.europesays.com\/fr\/wp-json\/wp\/v2\/users\/2"}],"replies":[{"embeddable":true,"href":"https:\/\/www.europesays.com\/fr\/wp-json\/wp\/v2\/comments?post=297810"}],"version-history":[{"count":0,"href":"https:\/\/www.europesays.com\/fr\/wp-json\/wp\/v2\/posts\/297810\/revisions"}],"wp:featuredmedia":[{"embeddable":true,"href":"https:\/\/www.europesays.com\/fr\/wp-json\/wp\/v2\/media\/297811"}],"wp:attachment":[{"href":"https:\/\/www.europesays.com\/fr\/wp-json\/wp\/v2\/media?parent=297810"}],"wp:term":[{"taxonomy":"category","embeddable":true,"href":"https:\/\/www.europesays.com\/fr\/wp-json\/wp\/v2\/categories?post=297810"},{"taxonomy":"post_tag","embeddable":true,"href":"https:\/\/www.europesays.com\/fr\/wp-json\/wp\/v2\/tags?post=297810"}],"curies":[{"name":"wp","href":"https:\/\/api.w.org\/{rel}","templated":true}]}}