{"id":297816,"date":"2025-08-05T10:11:11","date_gmt":"2025-08-05T10:11:11","guid":{"rendered":"https:\/\/www.europesays.com\/fr\/297816\/"},"modified":"2025-08-05T10:11:11","modified_gmt":"2025-08-05T10:11:11","slug":"apres-avoir-gagne-face-a-airbnb-lile-fait-condamner-le-bon-coin","status":"publish","type":"post","link":"https:\/\/www.europesays.com\/fr\/297816\/","title":{"rendered":"apr\u00e8s avoir gagn\u00e9 face \u00e0 Airbnb, l\u2019\u00eele fait condamner Le Bon Coin"},"content":{"rendered":"<p>        <img decoding=\"async\" loading=\"lazy\" src=\"https:\/\/www.europesays.com\/fr\/wp-content\/uploads\/2025\/08\/83f16f5_upload-1-dyrxujgzghp7-afp-20250408-39ky6g6-v2-highres-francetourismaccomodationtaxation.jpg\"  width=\"728\" height=\"410\" alt=\"Une vue a\u00e9rienne du port du Ch\u00e2teau-d\u2019Ol\u00e9ron, sur l\u2019\u00eele d\u2019Ol\u00e9ron, le 8\u00a0avril 2025.\"\/>  <\/p>\n<p>PHILIPPE LOPEZ \/ AFP<\/p>\n<p>Une vue a\u00e9rienne du port du Ch\u00e2teau-d\u2019Ol\u00e9ron, sur l\u2019\u00eele d\u2019Ol\u00e9ron, le 8\u00a0avril 2025.<\/p>\n<p class=\"asset asset-text\">JUSTICE &#8211; C\u2019est une deuxi\u00e8me victoire judiciaire en quatre mois pour l\u2019\u00eele d\u2019Ol\u00e9ron. La plateforme Le Bon Coin a en effet \u00e9t\u00e9 condamn\u00e9e \u00e0 payer un total de 410\u00a0000\u00a0euros \u00e0 la communaut\u00e9 de communes de l\u2019\u00eele d\u2019<a href=\"https:\/\/www.huffingtonpost.fr\/environnement\/article\/sur-l-ile-d-oleron-cette-station-d-epuration-menace-de-se-deverser-dans-la-mer_247250.html\" target=\"_blank\" rel=\"noopener\">Ol\u00e9ron<\/a> (CDCO), en Charente-Maritime, pour des manquements relatifs \u00e0 la taxe de s\u00e9jour.<\/p>\n<p class=\"asset asset-text\">Ce jugement du tribunal judiciaire de La\u00a0Rochelle a \u00e9t\u00e9 rendu le 29\u00a0juillet, \u00e0 peine quelques mois apr\u00e8s la condamnation en appel d\u2019une autre c\u00e9l\u00e8bre plateforme, <a href=\"https:\/\/www.huffingtonpost.fr\/economie\/article\/airbnb-ne-va-plus-seulement-servir-a-louer-un-logement-et-va-proposer-des-services_249990.html\" target=\"_blank\" rel=\"noopener\">Airbnb<\/a>, \u00e0 verser plus de 8,6\u00a0millions d\u2019euros \u00e0 la CDCO dans une affaire similaire.<\/p>\n<p class=\"asset asset-text\">\u00ab\u00a0Nous nous r\u00e9jouissons de cette nouvelle victoire qui d\u00e9montre que toutes les plateformes peuvent \u00eatre sanctionn\u00e9es si elles violent la loi. La loi est la m\u00eame pour tous, tant pour Airbnb que la plateforme Leboncoin\u00a0\u00bb, a comment\u00e9 Me Jonathan Bellaiche, qui porte \u00e9galement une action contre Booking engag\u00e9e par la collectivit\u00e9 ol\u00e9ronaise.<\/p>\n<p class=\"asset asset-text\">Le jugement, consult\u00e9 par l\u2019AFP, condamne la soci\u00e9t\u00e9 Le Bon Coin \u00e0 payer 380\u00a0000\u00a0euros d\u2019amendes civiles en sanctionnant des manquements r\u00e9p\u00e9t\u00e9s \u00e0 son obligation de collecte de la taxe pour 384 s\u00e9jours r\u00e9serv\u00e9s entre 2020 et 2022\u00a0via la plateforme.<\/p>\n<p class=\"asset asset-text\">\u00c0 cette somme s\u2019ajoutent deux amendes civiles de 10\u00a0000\u00a0euros chacune, au titre du manquement \u00e0 l\u2019obligation de reversement de la taxe de s\u00e9jour sur la m\u00eame p\u00e9riode et du manquement \u00e0 l\u2019obligation de d\u00e9claration, ainsi que 10\u00a0000\u00a0euros de frais de justice.<\/p>\n<p>    Le Bon Coin invoquait le droit \u00e0 l\u2019erreur    <\/p>\n<p class=\"asset asset-text\">La CDCO r\u00e9clamait plus d\u2019un million d\u2019euros d\u2019amendes civiles dans le cadre de cette proc\u00e9dure.<\/p>\n<p class=\"asset asset-text\">Le Bon Coin, qui met en relation des h\u00e9bergeurs avec des touristes pour des locations de logements r\u00e9serv\u00e9es et pay\u00e9es en ligne, a invoqu\u00e9 notamment le droit \u00e0 l\u2019erreur. Mais l\u2019argument a \u00e9t\u00e9 rejet\u00e9 par le tribunal au motif que dans les \u00e9changes qu\u2019elle a eus avec la collectivit\u00e9, la plateforme \u00ab\u00a0n\u2019invoquait aucune erreur mais contestait la taxation au r\u00e9el\u00a0\u00bb des s\u00e9jours concern\u00e9s, en refusant de communiquer les fichiers n\u00e9cessaires \u00e0 sa mise en \u0153uvre.<\/p>\n<p class=\"asset asset-text\">En outre, durant 21 mois, elle a refus\u00e9 de verser les sommes demand\u00e9es pour la taxe de s\u00e9jour, avant de payer ces 22\u00a0108\u00a0euros en d\u00e9cembre\u00a02023.<\/p>\n<p class=\"asset asset-text\">Dans l\u2019affaire avec Airbnb \u00e9voqu\u00e9e plus haut, dont le jugement date du mois d\u2019avril, le pr\u00e9sident de la CDCO, Michel Parent, attend d\u00e9sormais la d\u00e9cision de la plateforme de se pourvoir ou non en cassation. Celle-ci pourrait intervenir le 8 ou 9\u00a0ao\u00fbt.<\/p>\n<p class=\"asset asset-text\">Cette d\u00e9cision est importante pour la communaut\u00e9 de communes, \u00ab\u00a0d\u2019abord parce que c\u2019est plus de huit millions d\u2019euros, et ensuite parce que si Airbnb ne va pas en cassation, on peut imaginer que \u00e7a servira de position \u00e0 Le Bon Coin\u00a0\u00bb, <a href=\"https:\/\/www.francebleu.fr\/infos\/faits-divers-justice\/apres-airbnb-la-communaute-de-communes-d-oleron-fait-condamner-la-plateforme-leboncoin-a-payer-plus-de-400-000-euros-6223107\" target=\"_blank\" rel=\"noopener\" title=\"Nouvelle fen\u00eatre\">confie l\u2019\u00e9lu au micro d\u2019ICI La\u00a0Rochelle<\/a>. Il se dit toutefois \u00ab\u00a0assez optimiste\u00a0\u00bb sur cette d\u00e9cision, parce qu\u2019il ne voit \u00ab\u00a0pas pourquoi la Cour de cassation ne suivrait pas les jugements qui ont \u00e9t\u00e9 rendus en premi\u00e8re instance\u00a0\u00bb.<\/p>\n","protected":false},"excerpt":{"rendered":"PHILIPPE LOPEZ \/ AFP Une vue a\u00e9rienne du port du Ch\u00e2teau-d\u2019Ol\u00e9ron, sur l\u2019\u00eele d\u2019Ol\u00e9ron, le 8\u00a0avril 2025. JUSTICE&hellip;\n","protected":false},"author":2,"featured_media":297817,"comment_status":"","ping_status":"","sticky":false,"template":"","format":"standard","meta":{"footnotes":""},"categories":[6],"tags":[7345,35,2218,33,34,1011,27,4323,303,7287,43812,602],"class_list":{"0":"post-297816","1":"post","2":"type-post","3":"status-publish","4":"format-standard","5":"has-post-thumbnail","7":"category-economie","8":"tag-airbnb","9":"tag-business","10":"tag-charente-maritime","11":"tag-economie","12":"tag-economy","13":"tag-fr","14":"tag-france","15":"tag-ile","16":"tag-justice","17":"tag-le-bon-coin","18":"tag-taxation","19":"tag-tourisme"},"share_on_mastodon":{"url":"https:\/\/pubeurope.com\/@fr\/114975623638484444","error":""},"_links":{"self":[{"href":"https:\/\/www.europesays.com\/fr\/wp-json\/wp\/v2\/posts\/297816","targetHints":{"allow":["GET"]}}],"collection":[{"href":"https:\/\/www.europesays.com\/fr\/wp-json\/wp\/v2\/posts"}],"about":[{"href":"https:\/\/www.europesays.com\/fr\/wp-json\/wp\/v2\/types\/post"}],"author":[{"embeddable":true,"href":"https:\/\/www.europesays.com\/fr\/wp-json\/wp\/v2\/users\/2"}],"replies":[{"embeddable":true,"href":"https:\/\/www.europesays.com\/fr\/wp-json\/wp\/v2\/comments?post=297816"}],"version-history":[{"count":0,"href":"https:\/\/www.europesays.com\/fr\/wp-json\/wp\/v2\/posts\/297816\/revisions"}],"wp:featuredmedia":[{"embeddable":true,"href":"https:\/\/www.europesays.com\/fr\/wp-json\/wp\/v2\/media\/297817"}],"wp:attachment":[{"href":"https:\/\/www.europesays.com\/fr\/wp-json\/wp\/v2\/media?parent=297816"}],"wp:term":[{"taxonomy":"category","embeddable":true,"href":"https:\/\/www.europesays.com\/fr\/wp-json\/wp\/v2\/categories?post=297816"},{"taxonomy":"post_tag","embeddable":true,"href":"https:\/\/www.europesays.com\/fr\/wp-json\/wp\/v2\/tags?post=297816"}],"curies":[{"name":"wp","href":"https:\/\/api.w.org\/{rel}","templated":true}]}}