{"id":297821,"date":"2025-08-05T10:14:10","date_gmt":"2025-08-05T10:14:10","guid":{"rendered":"https:\/\/www.europesays.com\/fr\/297821\/"},"modified":"2025-08-05T10:14:10","modified_gmt":"2025-08-05T10:14:10","slug":"comment-a-eclate-laffaire-dagressions-sexuelles-sur-des-bebes-a-montreuil","status":"publish","type":"post","link":"https:\/\/www.europesays.com\/fr\/297821\/","title":{"rendered":"comment a \u00e9clat\u00e9 l\u2019affaire d\u2019agressions sexuelles sur des b\u00e9b\u00e9s \u00e0 Montreuil"},"content":{"rendered":"<p><strong>R\u00c9CIT &#8211; <\/strong>En commentant un simple tweet, Maria* \u00e9tait loin d\u2019imaginer qu\u2019elle ouvrait la voie \u00e0 une conversation \u00abinsoutenable\u00bb avec un homme l\u2019inondant de ses fantasmes p\u00e9dophiles et zoophiles.<\/p>\n<p class=\"fig-paragraph\">Les faits sordides, r\u00e9v\u00e9l\u00e9s sur les r\u00e9seaux sociaux puis repris dans la presse nationale, ont eu l\u2019effet d\u2019une d\u00e9flagration. \u00c0 la maternit\u00e9 de l\u2019h\u00f4pital Andr\u00e9-Gr\u00e9goire de Montreuil, en Seine-Saint-Denis,\u00a0<a href=\"http:\/\/www.lefigaro.fr\/faits-divers\/seine-saint-denis-une-infirmiere-et-un-homme-en-garde-a-vue-pour-agressions-sexuelles-sur-des-bebes-dans-un-hopital-20250731\" data-fig-type=\"NewsFlash\" data-gtm-custom-categorie=\"navigation\" data-gtm-custom-action=\"crossclick\" data-gtm-custom-label=\"Contextuel\" data-gtm-event=\"customEventSPE\" data-fig-domain=\"LEFIGARO\" target=\"_blank\" rel=\"noopener\">des nourrissons auraient \u00e9t\u00e9 victimes d\u2019agressions sexuelles<\/a>. L\u2019auteur de ces attouchements serait une infirmi\u00e8re du service n\u00e9onatologie, Juliette S., qui a film\u00e9 ses agissements pour les envoyer \u00e0 Redouane E. Tous deux ont \u00e9t\u00e9 mis en examen pour agression sexuelle sur mineur de moins de 15 ans, complicit\u00e9, d\u00e9tention, captation et transmissions\u00a0<a href=\"http:\/\/www.lefigaro.fr\/faits-divers\/toujours-plus-toujours-pire-quand-les-jeunes-sombrent-dans-la-boulimie-de-contenus-pedocriminels-20250705\" data-fig-type=\"Article\" data-gtm-custom-categorie=\"navigation\" data-gtm-custom-action=\"crossclick\" data-gtm-custom-label=\"Contextuel\" data-gtm-event=\"customEventSPE\" data-fig-domain=\"LEFIGARO\" target=\"_blank\" rel=\"noopener\">d\u2019images \u00e0 caract\u00e8re p\u00e9dopornographiques<\/a>.<\/p>\n<p class=\"fig-paragraph\">\u00c0 l\u2019origine de cette affaire qui d\u00e9fraye la chronique depuis jeudi dernier, Maria*, une jeune femme de 19 ans. La semaine derni\u00e8re, alors que les posts de l\u2019application X (ex-Twitter) d\u00e9filent sur l\u2019\u00e9cran de son t\u00e9l\u00e9phone, elle r\u00e9pond \u00e0 l\u2019un d\u2019entre eux, sans arri\u00e8re-pens\u00e9e. L\u2019auteur du message, Redouane E., la contacte \u00aben MP\u00bb (message priv\u00e9) et engage la conversation. \u00abOn discute d\u2019abord de choses et d\u2019autres\u2026<\/p>\n<p class=\"fig-premium-paywall__infos\">\n        Cet article est r\u00e9serv\u00e9 aux abonn\u00e9s.        Il vous reste 84% \u00e0 d\u00e9couvrir.\n    <\/p>\n<p>                <img  data- alt=\"Le Figaro\" class=\"fig-img--complete fig-img\"\/><\/p>\n<p class=\"fig-premium-paywall__title\">Vous avez envie de lire la suite ?<\/p>\n<p class=\"fig-premium-paywall__subtitle\">D\u00e9bloquez tous les articles imm\u00e9diatement.<\/p>\n<p class=\"fig-premium-paywall__connect\">\n                D\u00e9j\u00e0 abonn\u00e9\u00a0?                <a class=\"fig-premium-paywall__connect-link\" href=\"https:\/\/connect.lefigaro.fr\/login?client=horizon_web&amp;type=main&amp;redirect_uri=https%3A%2F%2Fwww.lefigaro.fr%2Ffaits-divers%2Fd-une-conversation-anodine-aux-chasseurs-de-pedophiles-comment-a-eclate-l-affaire-d-agressions-sexuelles-sur-des-bebes-a-montreuil-20250805\" data-js-gtm=\"{&quot;customCategorie&quot;: &quot;conversion&quot;, &quot;customAction&quot;: &quot;before_Landing_Connexion_paywall_auto&quot;, &quot;customLabel&quot;: &quot;bGVmaWdhcm8uZnJfXzFmMDcxYzFkLTE4MzgtNmRmMi04OWVkLTczNTk1YjZkMjUwNV9fQXJ0aWNsZQ==_D\u2019une conversation anodine aux \u00abchasseurs de p\u00e9dophiles\u00bb\u00a0: comment a \u00e9clat\u00e9 l\u2019affaire d\u2019agressions sexuelles sur des b\u00e9b\u00e9s \u00e0 Montreuil_407&quot;, &quot;customIDSPE&quot;: &quot;bGVmaWdhcm8uZnJfXzFmMDcxYzFkLTE4MzgtNmRmMi04OWVkLTczNTk1YjZkMjUwNV9fQXJ0aWNsZQ==&quot;, &quot;event&quot;: &quot;customEventSPE&quot;}\" target=\"_blank\" rel=\"noopener\"><br \/>\n                    Connectez-vous<br \/>\n                <\/a>\n            <\/p>\n","protected":false},"excerpt":{"rendered":"R\u00c9CIT &#8211; En commentant un simple tweet, Maria* \u00e9tait loin d\u2019imaginer qu\u2019elle ouvrait la voie \u00e0 une conversation&hellip;\n","protected":false},"author":2,"featured_media":297822,"comment_status":"","ping_status":"","sticky":false,"template":"","format":"standard","meta":{"footnotes":""},"categories":[2],"tags":[11,1401,1011,27,12],"class_list":{"0":"post-297821","1":"post","2":"type-post","3":"status-publish","4":"format-standard","5":"has-post-thumbnail","7":"category-actualites","8":"tag-actualites","9":"tag-agressions-sexuelles","10":"tag-fr","11":"tag-france","12":"tag-news"},"share_on_mastodon":{"url":"https:\/\/pubeurope.com\/@fr\/114975635158355724","error":""},"_links":{"self":[{"href":"https:\/\/www.europesays.com\/fr\/wp-json\/wp\/v2\/posts\/297821","targetHints":{"allow":["GET"]}}],"collection":[{"href":"https:\/\/www.europesays.com\/fr\/wp-json\/wp\/v2\/posts"}],"about":[{"href":"https:\/\/www.europesays.com\/fr\/wp-json\/wp\/v2\/types\/post"}],"author":[{"embeddable":true,"href":"https:\/\/www.europesays.com\/fr\/wp-json\/wp\/v2\/users\/2"}],"replies":[{"embeddable":true,"href":"https:\/\/www.europesays.com\/fr\/wp-json\/wp\/v2\/comments?post=297821"}],"version-history":[{"count":0,"href":"https:\/\/www.europesays.com\/fr\/wp-json\/wp\/v2\/posts\/297821\/revisions"}],"wp:featuredmedia":[{"embeddable":true,"href":"https:\/\/www.europesays.com\/fr\/wp-json\/wp\/v2\/media\/297822"}],"wp:attachment":[{"href":"https:\/\/www.europesays.com\/fr\/wp-json\/wp\/v2\/media?parent=297821"}],"wp:term":[{"taxonomy":"category","embeddable":true,"href":"https:\/\/www.europesays.com\/fr\/wp-json\/wp\/v2\/categories?post=297821"},{"taxonomy":"post_tag","embeddable":true,"href":"https:\/\/www.europesays.com\/fr\/wp-json\/wp\/v2\/tags?post=297821"}],"curies":[{"name":"wp","href":"https:\/\/api.w.org\/{rel}","templated":true}]}}