{"id":297827,"date":"2025-08-05T10:17:13","date_gmt":"2025-08-05T10:17:13","guid":{"rendered":"https:\/\/www.europesays.com\/fr\/297827\/"},"modified":"2025-08-05T10:17:13","modified_gmt":"2025-08-05T10:17:13","slug":"les-trois-baraques-cest-chez-moi","status":"publish","type":"post","link":"https:\/\/www.europesays.com\/fr\/297827\/","title":{"rendered":"\u00ab\u00a0Les Trois Baraques, c\u2019est chez moi\u00a0!\u00a0\u00bb"},"content":{"rendered":"<p>  Le lieu o\u00f9 j\u2019aime revenir<\/p>\n<p>En fait, il n\u2019y en a pas vraiment puisque je n\u2019en suis jamais parti. Le quartier des Trois Baraques, c\u2019est chez moi, c\u2019est mon quartier depuis toujours, de la porte de la Citadelle \u00e0 l\u2019\u00e9glise Saint-Fiacre. Au d\u00e9but j\u2019allais \u00e0 l\u2019\u00e9cole Alfred M\u00e9zi\u00e8res, mais \u00e0 partir du CM2, je me suis retrouv\u00e9 \u00e0 l\u2019\u00e9cole des Trois Maisons. Et \u00e7a a \u00e9t\u00e9 un moment clef pour moi, gr\u00e2ce \u00e0 un instituteur tout \u00e0 fait exceptionnel\u00a0!<\/p>\n<p>Ce quartier, c\u2019est un peu mon village, o\u00f9 j\u2019ai mes racines et que je n\u2019aurais jamais eu envie de quitter. Mes grands-parents paternels vivaient rue Charles-Keller, mon p\u00e8re et ses s\u0153urs y sont n\u00e9s. J\u2019y ai m\u00eame connu mon arri\u00e8re-grand-m\u00e8re morte ici \u00e0 97 ans\u00a0!<\/p>\n<p>Ma seule trahison, \u00e7a a \u00e9t\u00e9 13 ans \u00e0 Jarville. Mais l\u00e0-bas, j\u2019ai toujours r\u00eav\u00e9 de revenir ici. \u00c7a s\u2019est concr\u00e9tis\u00e9 en 2002, dans le tout petit passage Digot.<\/p>\n<p>Il a toujours eu un c\u00f4t\u00e9 \u00ab\u00a0\u00e0 part\u00a0\u00bb, ce quartier. D\u2019ailleurs, quand on veut aller en centre \u2013 ville, on dit qu\u2019on va \u00ab\u00a0en ville\u00a0\u00bb. Comme si les Trois Maisons n\u2019en faisaient pas tout \u00e0 fait partie.<\/p>\n<p>Cela dit, ces 20 derni\u00e8res ann\u00e9es, il a beaucoup chang\u00e9, ce quartier. Moins de commer\u00e7ants, plus de banques. Et maintenant, m\u00eame les banques commencent \u00e0 d\u00e9serter le terrain. Un troquet vient encore de fermer. Quand je pense qu\u2019il y a eu jusqu\u2019\u00e0 30 d\u00e9bits de boissons dans ce quartier\u00a0!!!<\/p>\n<p>  Mon caf\u00e9 pr\u00e9f\u00e9r\u00e9<\/p>\n<p>Le Midi Pile. On l\u2019appelle aussi les Trois Bagnoles. Patron sympa, plat du jour itou. Avec Aranega et Dutreix, mes complices du Canard Encha\u00een\u00e9, on aime bien y tenir nos \u00ab\u00a0r\u00e9unions de canards\u00a0\u00bb. En plus de sa fonction bistro, il a un c\u00f4t\u00e9 \u00ab\u00a0lieu culturel\u00a0\u00bb.<\/p>\n<p>  Mon parc pr\u00e9f\u00e9r\u00e9\u00a0:<\/p>\n<p>Alors, en r\u00e9alit\u00e9, j\u2019aime beaucoup le parc de Champigneulles, o\u00f9 je vais faire cavaler le chien de ma fille. Un lieu tr\u00e8s chouette. Mais pour rester nanc\u00e9ien, c\u2019est le parc de la Citadelle qui a ma pr\u00e9f\u00e9rence. En m\u00eame temps, il borde le quartier et j\u2019ai habit\u00e9 en face pendant 4 ans. J\u2019y allais avec ma gosse, Zo\u00e9, quand elle \u00e9tait petite. C\u2019\u00e9tait un peu notre jardin\u00a0! Un peu m\u00e9connu, pas trop fr\u00e9quent\u00e9, haut perch\u00e9, un charme certain.<\/p>\n<p>  Ma gourmandise pr\u00e9f\u00e9r\u00e9e<\/p>\n<p>Le p\u00e2t\u00e9 lorrain, sans h\u00e9sitation. Il y en a toujours une petite r\u00e9serve dans le cong\u00e9lo, pour les invit\u00e9s surprise. Mais je peux avoir des pr\u00e9f\u00e9rences voyageuses, et aller le chercher jusqu\u2019\u00e0 Baccarat ou m\u00eame Vitry-le-Fran\u00e7ois autrefois. \u00c0 Nancy, mes r\u00e9f\u00e9rences dans le domaine, c\u2019est la boulangerie du Chastel, le Pain de mon Grand-P\u00e8re ou Sucr\u00e9-Sal\u00e9 qui, en plus, a le bon go\u00fbt d\u2019\u00eatre au Faubourg\u00a0!<\/p>\n<p>  Nancy en un mot<\/p>\n<p>En trois\u00a0: \u00ab\u00a0A mon \u00e9chelle\u00a0\u00bb\u00a0! Parce que 100\u00a0000 habitants, dans cette configuration-l\u00e0, \u00e7a suffit parfaitement \u00e0 mon bonheur.<\/p>\n<p>  Ce que je d\u00e9teste dans cette ville<\/p>\n<p>Rien\u00a0! Mais attention, \u00e7a ne veut pas dire que j\u2019aime tout. Seulement il n\u2019y a rien qui me pousserait \u00e0 quitter Nancy. Et encore moins mon quartier\u00a0!<\/p>\n","protected":false},"excerpt":{"rendered":"Le lieu o\u00f9 j\u2019aime revenir En fait, il n\u2019y en a pas vraiment puisque je n\u2019en suis jamais&hellip;\n","protected":false},"author":2,"featured_media":297828,"comment_status":"","ping_status":"","sticky":false,"template":"","format":"standard","meta":{"footnotes":""},"categories":[9635],"tags":[1111,11,1687,1704,1777,674,1011,27,775,1702,1703,12,2661,25,104],"class_list":{"0":"post-297827","1":"post","2":"type-post","3":"status-publish","4":"format-standard","5":"has-post-thumbnail","7":"category-nancy","8":"tag-actu","9":"tag-actualites","10":"tag-culture-loisirs","11":"tag-edition-nancy-et-agglomeration","12":"tag-eu","13":"tag-europe","14":"tag-fr","15":"tag-france","16":"tag-grand-est","17":"tag-nancy","18":"tag-nancy-ville-54b","19":"tag-news","20":"tag-patrimoine-culturel","21":"tag-republique-francaise","22":"tag-societe"},"share_on_mastodon":{"url":"https:\/\/pubeurope.com\/@fr\/114975646986325084","error":""},"_links":{"self":[{"href":"https:\/\/www.europesays.com\/fr\/wp-json\/wp\/v2\/posts\/297827","targetHints":{"allow":["GET"]}}],"collection":[{"href":"https:\/\/www.europesays.com\/fr\/wp-json\/wp\/v2\/posts"}],"about":[{"href":"https:\/\/www.europesays.com\/fr\/wp-json\/wp\/v2\/types\/post"}],"author":[{"embeddable":true,"href":"https:\/\/www.europesays.com\/fr\/wp-json\/wp\/v2\/users\/2"}],"replies":[{"embeddable":true,"href":"https:\/\/www.europesays.com\/fr\/wp-json\/wp\/v2\/comments?post=297827"}],"version-history":[{"count":0,"href":"https:\/\/www.europesays.com\/fr\/wp-json\/wp\/v2\/posts\/297827\/revisions"}],"wp:featuredmedia":[{"embeddable":true,"href":"https:\/\/www.europesays.com\/fr\/wp-json\/wp\/v2\/media\/297828"}],"wp:attachment":[{"href":"https:\/\/www.europesays.com\/fr\/wp-json\/wp\/v2\/media?parent=297827"}],"wp:term":[{"taxonomy":"category","embeddable":true,"href":"https:\/\/www.europesays.com\/fr\/wp-json\/wp\/v2\/categories?post=297827"},{"taxonomy":"post_tag","embeddable":true,"href":"https:\/\/www.europesays.com\/fr\/wp-json\/wp\/v2\/tags?post=297827"}],"curies":[{"name":"wp","href":"https:\/\/api.w.org\/{rel}","templated":true}]}}