{"id":297832,"date":"2025-08-05T10:20:27","date_gmt":"2025-08-05T10:20:27","guid":{"rendered":"https:\/\/www.europesays.com\/fr\/297832\/"},"modified":"2025-08-05T10:20:27","modified_gmt":"2025-08-05T10:20:27","slug":"ces-cadres-du-top-14-en-fin-de-contrat-qui-font-saliver-plusieurs-clubs-mais-pas-toulon","status":"publish","type":"post","link":"https:\/\/www.europesays.com\/fr\/297832\/","title":{"rendered":"Ces cadres du Top 14 en fin de contrat qui font saliver plusieurs clubs mais&#8230; pas Toulon !"},"content":{"rendered":"<p>Alors que la saison 2026-2027 commence \u00e0 s\u2019\u00e9baucher dans les coulisses, le march\u00e9 des deuxi\u00e8me ligne s\u2019annonce particuli\u00e8rement actif.<\/p>\n<p>Castres et Montpellier ont d\u00e9j\u00e0 pris une longueur d\u2019avance sur ce poste strat\u00e9gique, tandis que plusieurs \u00e9curies du Top 14 scrutent attentivement les opportunit\u00e9s.<\/p>\n<p>Ils ne sont pas toujours sous le feu des projecteurs, mais leur impact dans les rucks, en touche et dans le combat frontal est vital. Les num\u00e9ro 5 puissants, agiles et exp\u00e9riment\u00e9s sont des profils de plus en plus convoit\u00e9s, et ce d\u00e9but de mercato le confirme.<\/p>\n<p>Le march\u00e9 des deuxi\u00e8me ligne s\u2019annonce anim\u00e9, avec une liste bien fournie de joueurs entrant dans leur derni\u00e8re ann\u00e9e de contrat explique <a href=\"https:\/\/www.rugbyrama.fr\/2025\/08\/03\/transferts-top-14-castres-sur-tous-les-fronts-montpellier-en-embuscade-le-marche-des-numeros-5-est-bien-lance-12857690.php\" rel=\"nofollow noopener\" target=\"_blank\">Midi Olympique<\/a>.<\/p>\n<p>Parmi eux : <strong>Thibaud Flament<\/strong> (Toulouse), <strong>Jonny Gray<\/strong> (Bordeaux-B\u00e8gles), <strong>Alex Moon<\/strong> (Bayonne), <strong>Will Rowlands<\/strong> (Racing 92), <strong>Thomas Ceyte<\/strong> (Clermont), <strong>Kane Douglas<\/strong> (La Rochelle), <strong>Tomas Lavanini<\/strong> (Lyon) ou encore <strong>Baptiste Pesenti<\/strong> (Stade Fran\u00e7ais).<\/p>\n<p>Des profils exp\u00e9riment\u00e9s que Bordeaux, Lyon, La Rochelle ou encore le Racing surveillent de pr\u00e8s.<\/p>\n<p>Du c\u00f4t\u00e9 de Toulon, David Ribbans initialement poste 4 s\u2019est reconverti en poste 5 est sous contrat, et Brian Alain\u2019uese a prolong\u00e9 la saison derni\u00e8re jusqu\u2019en 2026 avec une ann\u00e9e en option suppl\u00e9mentaire.<\/p>\n<p><strong>Affaires \u00e0 suivre\u2026<\/strong><\/p>\n","protected":false},"excerpt":{"rendered":"Alors que la saison 2026-2027 commence \u00e0 s\u2019\u00e9baucher dans les coulisses, le march\u00e9 des deuxi\u00e8me ligne s\u2019annonce particuli\u00e8rement&hellip;\n","protected":false},"author":2,"featured_media":297833,"comment_status":"","ping_status":"","sticky":false,"template":"","format":"standard","meta":{"footnotes":""},"categories":[9619],"tags":[1111,11,1777,674,1011,27,12,882,25,2310],"class_list":{"0":"post-297832","1":"post","2":"type-post","3":"status-publish","4":"format-standard","5":"has-post-thumbnail","7":"category-toulon","8":"tag-actu","9":"tag-actualites","10":"tag-eu","11":"tag-europe","12":"tag-fr","13":"tag-france","14":"tag-news","15":"tag-provence-alpes-cote-dazur","16":"tag-republique-francaise","17":"tag-toulon"},"share_on_mastodon":{"url":"https:\/\/pubeurope.com\/@fr\/114975658747344215","error":""},"_links":{"self":[{"href":"https:\/\/www.europesays.com\/fr\/wp-json\/wp\/v2\/posts\/297832","targetHints":{"allow":["GET"]}}],"collection":[{"href":"https:\/\/www.europesays.com\/fr\/wp-json\/wp\/v2\/posts"}],"about":[{"href":"https:\/\/www.europesays.com\/fr\/wp-json\/wp\/v2\/types\/post"}],"author":[{"embeddable":true,"href":"https:\/\/www.europesays.com\/fr\/wp-json\/wp\/v2\/users\/2"}],"replies":[{"embeddable":true,"href":"https:\/\/www.europesays.com\/fr\/wp-json\/wp\/v2\/comments?post=297832"}],"version-history":[{"count":0,"href":"https:\/\/www.europesays.com\/fr\/wp-json\/wp\/v2\/posts\/297832\/revisions"}],"wp:featuredmedia":[{"embeddable":true,"href":"https:\/\/www.europesays.com\/fr\/wp-json\/wp\/v2\/media\/297833"}],"wp:attachment":[{"href":"https:\/\/www.europesays.com\/fr\/wp-json\/wp\/v2\/media?parent=297832"}],"wp:term":[{"taxonomy":"category","embeddable":true,"href":"https:\/\/www.europesays.com\/fr\/wp-json\/wp\/v2\/categories?post=297832"},{"taxonomy":"post_tag","embeddable":true,"href":"https:\/\/www.europesays.com\/fr\/wp-json\/wp\/v2\/tags?post=297832"}],"curies":[{"name":"wp","href":"https:\/\/api.w.org\/{rel}","templated":true}]}}